{"id":1273844,"date":"2026-09-01T13:46:13","date_gmt":"2026-09-01T13:46:13","guid":{"rendered":"https:\/\/www.europesays.com\/de\/1273844\/"},"modified":"2026-09-01T13:46:13","modified_gmt":"2026-09-01T13:46:13","slug":"herford-hermannstrasse-wird-wieder-aufgemacht","status":"publish","type":"post","link":"https:\/\/www.europesays.com\/de\/1273844\/","title":{"rendered":"Herford: Hermannstra\u00dfe wird wieder aufgemacht"},"content":{"rendered":"<p>Noch am Dienstag (01.09.26) soll die Hermannstra\u00dfe in Herford wieder f\u00fcr den Verkehr freigegeben werden. Die Stadt, sagt dass der Giebel des eingest\u00fcrzten Hauses mittlerweile abgetragen worden ist. Der Statiker wertet das Erdgeschoss jetzt als standsicher und nicht mehr einsturzgef\u00e4hrdet.\u00a0<\/p>\n<p>Ursache weiter unbekannt<\/p>\n<p>Der B\u00fcrgersteig vorm Haus bleibt aber weiterhin gesperrt. Eigentlich sollte das Geb\u00e4ude renoviert werden. Vor genau einer Woche st\u00fcrzte dann aber der obere Teil in sich zusammen. Mit den Tr\u00fcmmern fielen auch Teile des Ger\u00fcsts auf die Stra\u00dfe. Zur Ursache ist bislang noch nichts Endg\u00fcltiges bekannt.<\/p>\n","protected":false},"excerpt":{"rendered":"Noch am Dienstag (01.09.26) soll die Hermannstra\u00dfe in Herford wieder f\u00fcr den Verkehr freigegeben werden. Die Stadt, sagt&hellip;\n","protected":false},"author":2,"featured_media":1273845,"comment_status":"","ping_status":"","sticky":false,"template":"","format":"standard","meta":{"footnotes":"","_share_on_mastodon":"0"},"categories":[1841],"tags":[1605,3364,29,19468,30,16398,26790,1209],"class_list":["post-1273844","post","type-post","status-publish","format-standard","has-post-thumbnail","category-bielefeld","tag-bielefeld","tag-de","tag-deutschland","tag-freigegeben","tag-germany","tag-herford","tag-hermannstrasse","tag-nordrhein-westfalen"],"share_on_mastodon":{"url":"https:\/\/pubeurope.com\/@de\/117196094663669501","error":""},"_links":{"self":[{"href":"https:\/\/www.europesays.com\/de\/wp-json\/wp\/v2\/posts\/1273844","targetHints":{"allow":["GET"]}}],"collection":[{"href":"https:\/\/www.europesays.com\/de\/wp-json\/wp\/v2\/posts"}],"about":[{"href":"https:\/\/www.europesays.com\/de\/wp-json\/wp\/v2\/types\/post"}],"author":[{"embeddable":true,"href":"https:\/\/www.europesays.com\/de\/wp-json\/wp\/v2\/users\/2"}],"replies":[{"embeddable":true,"href":"https:\/\/www.europesays.com\/de\/wp-json\/wp\/v2\/comments?post=1273844"}],"version-history":[{"count":0,"href":"https:\/\/www.europesays.com\/de\/wp-json\/wp\/v2\/posts\/1273844\/revisions"}],"wp:featuredmedia":[{"embeddable":true,"href":"https:\/\/www.europesays.com\/de\/wp-json\/wp\/v2\/media\/1273845"}],"wp:attachment":[{"href":"https:\/\/www.europesays.com\/de\/wp-json\/wp\/v2\/media?parent=1273844"}],"wp:term":[{"taxonomy":"category","embeddable":true,"href":"https:\/\/www.europesays.com\/de\/wp-json\/wp\/v2\/categories?post=1273844"},{"taxonomy":"post_tag","embeddable":true,"href":"https:\/\/www.europesays.com\/de\/wp-json\/wp\/v2\/tags?post=1273844"}],"curies":[{"name":"wp","href":"https:\/\/api.w.org\/{rel}","templated":true}]}}