{"id":1273846,"date":"2026-09-01T13:47:17","date_gmt":"2026-09-01T13:47:17","guid":{"rendered":"https:\/\/www.europesays.com\/de\/1273846\/"},"modified":"2026-09-01T13:47:17","modified_gmt":"2026-09-01T13:47:17","slug":"st-pauli-gegner-bielefeld-legt-auf-dem-transfermarkt-nach","status":"publish","type":"post","link":"https:\/\/www.europesays.com\/de\/1273846\/","title":{"rendered":"St. Pauli-Gegner Bielefeld legt auf dem Transfermarkt nach"},"content":{"rendered":"<p>Arminia Bielefeld, am Freitag (18.30 Uhr, Liveticker auf MOPO.de) Gastgeber des FC St. Pauli, hat sich abermals verst\u00e4rkt: Mittelfeldspieler Leon Jensen wechselt abl\u00f6sefrei vom Zweitliga-Konkurrenten Hertha BSC auf die Alm. Der 29-J\u00e4hrige kommt mit der Erfahrung aus 82 Partien in der 2. Bundesliga sowie 110 Eins\u00e4tzen in der 3. Liga.<\/p>\n<blockquote class=\"instagram-media\" data-instgrm-captioned=\"\" data-instgrm-permalink=\"https:\/\/www.instagram.com\/p\/DcvPQ2AihRT\/?utm_source=ig_embed&amp;utm_campaign=loading\" data-instgrm-version=\"14\" style=\" background:#FFF; border:0; border-radius:3px; box-shadow:0 0 1px 0 rgba(0,0,0,0.5),0 1px 10px 0 rgba(0,0,0,0.15); margin: 1px; max-width:540px; min-width:326px; padding:0; width:99.375%; width:-webkit-calc(100% - 2px); width:calc(100% - 2px);\"\/>\n<p>\u201eLeon ist ein Spieler, der unsere Mannschaft qualitativ sofort verst\u00e4rken und den Konkurrenzkampf im Mittelfeld erh\u00f6hen wird. Er zeichnet sich durch hohe Intensit\u00e4t, seine Spielintelligenz sowie seine Torgefahr aus\u201c, sagt Arminias Sport-Gesch\u00e4ftsf\u00fchrer Michael Mutzel.<\/p>\n<p><script async src=\"\/\/www.instagram.com\/embed.js\"><\/script><\/p>\n","protected":false},"excerpt":{"rendered":"Arminia Bielefeld, am Freitag (18.30 Uhr, Liveticker auf MOPO.de) Gastgeber des FC St. Pauli, hat sich abermals verst\u00e4rkt:&hellip;\n","protected":false},"author":2,"featured_media":422224,"comment_status":"","ping_status":"","sticky":false,"template":"","format":"standard","meta":{"footnotes":"","_share_on_mastodon":"0"},"categories":[1841],"tags":[2368,1605,3364,29,30,1088,42706,22713,1209,3127],"class_list":["post-1273846","post","type-post","status-publish","format-standard","has-post-thumbnail","category-bielefeld","tag-arminia-bielefeld","tag-bielefeld","tag-de","tag-deutschland","tag-germany","tag-hertha-bsc","tag-leon-jensen","tag-michael-mutzel","tag-nordrhein-westfalen","tag-transfer"],"share_on_mastodon":{"url":"https:\/\/pubeurope.com\/@de\/117196098461429502","error":""},"_links":{"self":[{"href":"https:\/\/www.europesays.com\/de\/wp-json\/wp\/v2\/posts\/1273846","targetHints":{"allow":["GET"]}}],"collection":[{"href":"https:\/\/www.europesays.com\/de\/wp-json\/wp\/v2\/posts"}],"about":[{"href":"https:\/\/www.europesays.com\/de\/wp-json\/wp\/v2\/types\/post"}],"author":[{"embeddable":true,"href":"https:\/\/www.europesays.com\/de\/wp-json\/wp\/v2\/users\/2"}],"replies":[{"embeddable":true,"href":"https:\/\/www.europesays.com\/de\/wp-json\/wp\/v2\/comments?post=1273846"}],"version-history":[{"count":0,"href":"https:\/\/www.europesays.com\/de\/wp-json\/wp\/v2\/posts\/1273846\/revisions"}],"wp:featuredmedia":[{"embeddable":true,"href":"https:\/\/www.europesays.com\/de\/wp-json\/wp\/v2\/media\/422224"}],"wp:attachment":[{"href":"https:\/\/www.europesays.com\/de\/wp-json\/wp\/v2\/media?parent=1273846"}],"wp:term":[{"taxonomy":"category","embeddable":true,"href":"https:\/\/www.europesays.com\/de\/wp-json\/wp\/v2\/categories?post=1273846"},{"taxonomy":"post_tag","embeddable":true,"href":"https:\/\/www.europesays.com\/de\/wp-json\/wp\/v2\/tags?post=1273846"}],"curies":[{"name":"wp","href":"https:\/\/api.w.org\/{rel}","templated":true}]}}