{"id":1273910,"date":"2026-09-01T14:39:20","date_gmt":"2026-09-01T14:39:20","guid":{"rendered":"https:\/\/www.europesays.com\/de\/1273910\/"},"modified":"2026-09-01T14:39:20","modified_gmt":"2026-09-01T14:39:20","slug":"fortuna-duesseldorf-samir-arabi-verpasst-manager-rekord-sport","status":"publish","type":"post","link":"https:\/\/www.europesays.com\/de\/1273910\/","title":{"rendered":"Fortuna D\u00fcsseldorf: Samir Arabi verpasst Manager-Rekord | Sport"},"content":{"rendered":"<p><a class=\"skip-content skip-content--link\" href=\"#in-content-skip-link-target-v-0-0\">TTS-Player \u00fcberspringen\u21b5<\/a><a id=\"in-content-skip-link-target-v-0-0\" class=\"skip-content--target-link-hidden skip-content skip-content--target-link\" href=\"#in-content-skip-link-target-v-0-0\">Artikel weiterlesen<\/a><\/p>\n<p><b>Fenster fast zu, Kader steht! 19 neue Spieler holte <\/b><a href=\"https:\/\/www.bild.de\/sport\/fussball\/fortuna-duesseldorf\/startseite-fortuna-duesseldorf-31148850.bild.html\" class=\"text-link\" rel=\"nofollow noopener\" target=\"_blank\"><b>Fortuna D\u00fcsseldorf<\/b><\/a><b> nach dem Abstieg im aktuellen Transferfenster, dass um 20 Uhr schlie\u00dft. Mehr ist nicht mehr geplant. Manager Samir Arabi (47) hatte alle H\u00e4nde voll zu tun. Auch weil von Ex-Sportvorstand Klaus Allofs (69) vor einem Jahr verpasst wurde, Profis f\u00fcr die Drittklassigkeit zu binden. Und diese konnten sich deshalb nach dem Desaster abl\u00f6sefrei vom Acker machen.<\/b><\/p>\n<p>Die beiden letzten Neuzug\u00e4ngen waren kurz vor Transferende Fl\u00fcgelflitzer Filimon Gerezgiher (26\/abl\u00f6sefrei aus Elversberg) und 1,96-Meter-Abwehrkante Lukas Bornschein (21\/ausgeliehen von Osnabr\u00fcck). 19 neue Spieler in einer Saison \u2013 Trainer Alexander Ende (46) gesteht: \u201eDas habe ich in dieser Form auch noch nicht erlebt.\u201c Doch neu ist so was in D\u00fcsseldorf nicht.<\/p>\n<p>Werner holte 23 Spieler in einer Saison<\/p>\n<p>Nach dem Aufstieg 2012\/13 in die Bundesliga liefen bei Fortuna 20 Vertr\u00e4ge aus. Die R\u00fcckkehr in die Bundesliga erwischte die Verantwortlichen auf dem falschen Fu\u00df. Ex-Boss Peter Frymuth (69), heute DFB-Vize und im Aufsichtsrat des Klubs, damals: \u201eDeshalb werden wir ja nicht auf den Aufstieg verzichten.\u201c<\/p>\n<p>Manager Wolf Werner (\u202076) ist allerdings Rekordhalter bei den Verpflichtungen in einer Saison. Aber nach dem Aufstieg in die Bundesliga hatte er mehr Mittel zur Verf\u00fcgung als jetzt Arabi nach dem Abstieg. Werner holte damals sogar 23 neue Profis. Unter anderem Top-Spieler wie Andriy Voronin (47) \u2013 doch der St\u00fcrmer-Star floppte. Auch deshalb stieg D\u00fcsseldorf nach einer b\u00e4renstarken Hinrunde direkt wieder ab.<\/p>\n<p><img decoding=\"async\" width=\"992\" height=\"558\" alt=\"Kult bei Fortuna: Ex-Manager Wolf Werner (\u202076), der 2018 \u00fcberraschend verstarb\" loading=\"lazy\" src=\"https:\/\/www.europesays.com\/de\/wp-content\/uploads\/2026\/09\/3ee1d3b172f6e1e64201f7c6b9a74796,91bc5b00.jpeg\"   class=\"landscape\"\/><\/p>\n<p class=\"fig__caption__text\">Kult bei Fortuna: Ex-Manager Wolf Werner (\u202076), der 2018 \u00fcberraschend verstarb<\/p>\n<p>Foto: Bongarts\/Getty Images<\/p>\n<p>Arabi muss bei seinen Verpflichtungen ein gl\u00fccklicheres H\u00e4ndchen haben, denn Fortuna soll trotz zweier Startpleiten direkt wieder aufsteigen. Im Winter k\u00f6nnte er noch mal nachlegen, falls noch Geld in die Kasse kommt.<\/p>\n<p>Mehr zum Thema<\/p>\n<p>Dadurch k\u00f6nnte er sogar den Werner-Rekord angreifen. Denn er holte f\u00fcnf seiner 23 Spieler erst im Winter. Schafft Arabi dieses Kunstst\u00fcck bis zum 1. Februar 2027, d\u00fcrfte er wohl einen Rekord f\u00fcr die Ewigkeit aufstellen.<\/p>\n","protected":false},"excerpt":{"rendered":"TTS-Player \u00fcberspringen\u21b5Artikel weiterlesen Fenster fast zu, Kader steht! 19 neue Spieler holte Fortuna D\u00fcsseldorf nach dem Abstieg im&hellip;\n","protected":false},"author":2,"featured_media":1273911,"comment_status":"","ping_status":"","sticky":false,"template":"","format":"standard","meta":{"footnotes":"","_share_on_mastodon":"0"},"categories":[1831],"tags":[995,13054,24953,5876,3364,29,3405,3132,347,30,16484,1209,819,5079,12777],"class_list":["post-1273910","post","type-post","status-publish","format-standard","has-post-thumbnail","category-duesseldorf","tag-3-liga","tag-abstieg","tag-allofs-klaus","tag-aufstieg","tag-de","tag-deutschland","tag-duesseldorf","tag-fortuna-duesseldorf","tag-fussball","tag-germany","tag-joerg-zschoche","tag-nordrhein-westfalen","tag-sport-leuchtturm-essen","tag-sv-elversberg","tag-vfl-osnabrueck"],"share_on_mastodon":{"url":"https:\/\/pubeurope.com\/@de\/117196305296194019","error":""},"_links":{"self":[{"href":"https:\/\/www.europesays.com\/de\/wp-json\/wp\/v2\/posts\/1273910","targetHints":{"allow":["GET"]}}],"collection":[{"href":"https:\/\/www.europesays.com\/de\/wp-json\/wp\/v2\/posts"}],"about":[{"href":"https:\/\/www.europesays.com\/de\/wp-json\/wp\/v2\/types\/post"}],"author":[{"embeddable":true,"href":"https:\/\/www.europesays.com\/de\/wp-json\/wp\/v2\/users\/2"}],"replies":[{"embeddable":true,"href":"https:\/\/www.europesays.com\/de\/wp-json\/wp\/v2\/comments?post=1273910"}],"version-history":[{"count":0,"href":"https:\/\/www.europesays.com\/de\/wp-json\/wp\/v2\/posts\/1273910\/revisions"}],"wp:featuredmedia":[{"embeddable":true,"href":"https:\/\/www.europesays.com\/de\/wp-json\/wp\/v2\/media\/1273911"}],"wp:attachment":[{"href":"https:\/\/www.europesays.com\/de\/wp-json\/wp\/v2\/media?parent=1273910"}],"wp:term":[{"taxonomy":"category","embeddable":true,"href":"https:\/\/www.europesays.com\/de\/wp-json\/wp\/v2\/categories?post=1273910"},{"taxonomy":"post_tag","embeddable":true,"href":"https:\/\/www.europesays.com\/de\/wp-json\/wp\/v2\/tags?post=1273910"}],"curies":[{"name":"wp","href":"https:\/\/api.w.org\/{rel}","templated":true}]}}