{"id":1273922,"date":"2026-09-01T14:48:23","date_gmt":"2026-09-01T14:48:23","guid":{"rendered":"https:\/\/www.europesays.com\/de\/1273922\/"},"modified":"2026-09-01T14:48:23","modified_gmt":"2026-09-01T14:48:23","slug":"3-liga-fortuna-koeln-holt-ex-torschuetzenkoenig-jannik-mause","status":"publish","type":"post","link":"https:\/\/www.europesays.com\/de\/1273922\/","title":{"rendered":"3. Liga: Fortuna K\u00f6ln holt Ex-Torsch\u00fctzenk\u00f6nig Jannik Mause"},"content":{"rendered":"<p>Newsblog zur 3. Liga <\/p>\n<p>Fortuna K\u00f6ln holt Ex-Torsch\u00fctzenk\u00f6nig<\/p>\n<p>Aktualisiert am 01.09.2026 &#8211; 16:21 UhrLesedauer: 14 Min.<\/p>\n<p><a href=\"#focus-0\" class=\"transition-colors block text-current relative\" data-sctrack=\"FocusGalleryImage.Reference\"><img fetchpriority=\"high\" data-testid=\"Opener.Image\"   loading=\"eager\" src=\"https:\/\/www.europesays.com\/de\/wp-content\/uploads\/2026\/09\/1788274100_807_image.jpg\" alt=\"imago images 1049051691\" title=\"imago images 1049051691\" width=\"4500\" height=\"2531\" class=\"bg-[url:var(--lqipURL)] bg-cover bg-center flex h-full w-full max-w-full\" style=\"--lqipURL:url('https:\/\/images.t-online.de\/2026\/09\/LarWNng-xFpC\/0x234:4500x2531\/fit-in\/150x0\/filters:blur(25)\/image.jpg')\" decoding=\"async\"\/><img loading=\"lazy\" src=\"https:\/\/koeln.t-online.de\/s\/paper\/_next\/static\/media\/zoom-in.f7dae02f.svg\" alt=\"Vergr\u00f6\u00dfern des Bildes\" title=\"Vergr\u00f6\u00dfern des Bildes\" class=\"block h-[calc(var(--height)_\/_16_*_1rem)] w-[calc(var(--width)_\/_16_*_1rem)] max-w-none absolute right-8 bottom-8 rounded-4 bg-snow p-8\" style=\"--width:32;--height:32\" decoding=\"async\"\/><\/a><\/p>\n<p>Jannik Mause: In der Saison 2023\/2024 wurde er Torsch\u00fctzenk\u00f6nig der 3. Liga. (Quelle: IMAGO\/Bahho Kara\/Kirchner-Media)<\/p>\n<p class=\"font-bold text-18 leading-17 user-text-lg:text-22 user-text-xl:text-24\">Mit Fortuna und Viktoria K\u00f6ln spielen wieder zwei K\u00f6lner Vereine in der 3. Liga. Alle Informationen zu Transfers, Ger\u00fcchten, Ergebnissen und Nachrichten rund um die Klubs gibt es in unserem Newsblog.<\/p>\n<p class=\"text-18 leading-17 user-text-lg:text-22 user-text-xl:text-24\">Dienstag, 1. September 2026<\/p>\n<p class=\"text-18 leading-17 user-text-lg:text-22 user-text-xl:text-24\"><a href=\"https:\/\/www.t-online.de\/themen\/fortuna-koeln\/\" class=\"transition-colors cursor-pointer no-underline md:hover:text-magenta md:focus:text-magenta border-b border-solid border-current text-salemsfur md:hover:border-magenta\" data-tracking=\"{&quot;action&quot;:&quot;click&quot;,&quot;category&quot;:&quot;intextLink&quot;,&quot;label&quot;:&quot;https:\/\/www.t-online.de\/themen\/fortuna-koeln\/&quot;}\" data-sctrack=\"BodyAnchor\" rel=\"nofollow noopener\" target=\"_blank\">Fortuna K\u00f6ln<\/a> hat Jannik Mause verpflichtet. Wie der Verein am Dienstag bekanntgab, wechselt der 28-j\u00e4hrige Mittelst\u00fcrmer vom Zweitligisten 1. FC Kaiserslautern nach K\u00f6ln.<\/p>\n<p class=\"text-18 leading-17 user-text-lg:text-22 user-text-xl:text-24\">Trainer Matthias Mink freut sich \u00fcber den erfahrenen Neuzugang: &#8222;Jannik ist ein sehr kompletter St\u00fcrmer der B\u00e4lle fest machen kann, aber auch Tiefgang hat. Er wird unsere Offensive noch st\u00e4rker machen. Wir sind sehr gl\u00fccklich, dass wir nach dem Abgang von Dejan diese Planstelle so gut besetzen konnten.&#8220;<\/p>\n<p class=\"text-18 leading-17 user-text-lg:text-22 user-text-xl:text-24\">Der aus Baesweiler bei Aachen stammende Mause war in den vergangenen beiden Spielzeiten an die SpVgg Greuther F\u00fcrth sowie Rot-Wei\u00df Essen ausgeliehen. Zuvor spielte er insgesamt 44 Mal in der 3. Liga, wo ihm bislang 21 Tore und vier Vorlagen gelangen. Besonders herauszuheben ist seine Saison 2023\/2024: Damals sicherte er sich mit 18 Toren f\u00fcr den FC Ingolstadt die Torj\u00e4gerkanone in der 3. Liga.<\/p>\n<p class=\"text-18 leading-17 user-text-lg:text-22 user-text-xl:text-24\">Dazu kommen 39 Tore und 12 Vorlagen in 158 Eins\u00e4tzen in der Regionalliga West und S\u00fcdwest f\u00fcr Alemannia Aachen, die U21 des <a href=\"https:\/\/www.t-online.de\/themen\/1-fc-koeln\/\" class=\"transition-colors cursor-pointer no-underline md:hover:text-magenta md:focus:text-magenta border-b border-solid border-current text-salemsfur md:hover:border-magenta\" data-tracking=\"{&quot;action&quot;:&quot;click&quot;,&quot;category&quot;:&quot;intextLink&quot;,&quot;label&quot;:&quot;https:\/\/www.t-online.de\/themen\/1-fc-koeln\/&quot;}\" data-sctrack=\"BodyAnchor\" rel=\"nofollow noopener\" target=\"_blank\">1. FC K\u00f6ln<\/a>, den SV R\u00f6dinghausen, den FC Wegberg-Beeck, TSV Steinbach und den 1. FSV Mainz 05 II. F\u00fcr die deutsche U17- und U18-Nationalmannschaft lief er insgesamt zw\u00f6lfmal auf.<\/p>\n<p class=\"text-18 leading-17 user-text-lg:text-22 user-text-xl:text-24\">Bei der Fortuna trifft Mause nun auf seine ehemaligen Mitspieler David Haider Al-Azzawe, Tom Geerkens und Vleron Statovci und Hamdi Dahmani. &#8222;Ich hoffe, dass ich dem Team mit meiner Erfahrung und meinem Torinstinkt weiterhelfen kann. Bedanken m\u00f6chte ich mich auch beim Trainer und beim Vorstand f\u00fcr die sehr positiven Gespr\u00e4che und das Vertrauen&#8220;, so der 28-J\u00e4hrige.<\/p>\n<p>Fortuna K\u00f6ln verpflichtet Cedric Harenbrock<\/p>\n<p class=\"text-18 leading-17 user-text-lg:text-22 user-text-xl:text-24\">Fortuna K\u00f6ln hat sich im offensiven Mittelfeld verst\u00e4rkt. Cedric Harenbrock wechselt in die S\u00fcdstadt, wie der Verein am Montagabend mitteilte. Der 28-J\u00e4hrige stand zuletzt beim Drittligisten Hansa Rostock unter Vertrag und bringt viel Erfahrung aus der 3. Liga sowie der Regionalliga West mit.<\/p>\n<p class=\"text-18 leading-17 user-text-lg:text-22 user-text-xl:text-24\">Zuvor spielte Harenbrock sieben Jahre f\u00fcr Rot-Wei\u00df Essen. F\u00fcr Essen und Rostock absolvierte er insgesamt 95 Drittligaspiele, in denen er 16 Tore erzielte und 14 weitere vorbereitete. In der Regionalliga West kam er zudem auf 82 Eins\u00e4tze f\u00fcr RWE.<\/p>\n<p><a href=\"#focus-1\" class=\"transition-colors block text-current relative\" data-sctrack=\"FocusGalleryImage.Reference\"><img   loading=\"lazy\" src=\"https:\/\/www.europesays.com\/de\/wp-content\/uploads\/2026\/09\/1788274103_294_image.png\" alt=\"Cedric Harenbrock wechselt in die S\u00fcdstadt.\" title=\"Cedric Harenbrock wechselt in die S\u00fcdstadt.\" width=\"2048\" height=\"1152\" class=\"h-full w-full max-w-full rounded-8\" decoding=\"async\"\/><img loading=\"lazy\" src=\"https:\/\/koeln.t-online.de\/s\/paper\/_next\/static\/media\/zoom-in.f7dae02f.svg\" alt=\"Vergr\u00f6\u00dfern des Bildes\" title=\"Vergr\u00f6\u00dfern des Bildes\" class=\"block h-[calc(var(--height)_\/_16_*_1rem)] w-[calc(var(--width)_\/_16_*_1rem)] max-w-none absolute right-8 bottom-8 rounded-4 bg-snow p-8\" style=\"--width:32;--height:32\" decoding=\"async\"\/>Cedric Harenbrock wechselt in die S\u00fcdstadt. (Quelle: Fortuna K\u00f6ln)<\/a><\/p>\n","protected":false},"excerpt":{"rendered":"Newsblog zur 3. Liga Fortuna K\u00f6ln holt Ex-Torsch\u00fctzenk\u00f6nig Aktualisiert am 01.09.2026 &#8211; 16:21 UhrLesedauer: 14 Min. Jannik Mause:&hellip;\n","protected":false},"author":2,"featured_media":1273923,"comment_status":"","ping_status":"","sticky":false,"template":"","format":"standard","meta":{"footnotes":"","_share_on_mastodon":"0"},"categories":[1828],"tags":[20877,7974,623,179644,3175,1424,999,3167,1419,2367,3166,73183,263027,262381,29,1264,3153,11356,262386,240589,29371,49994,86534,485,30,241869,263028,4158,1420,3134,3142,16069,262385,3143,3169,3160,28755,3172,3170,3168,8970,3129,45284,1209,3783,7650,174938,3459,583,1133,96014,262382,3725,8306,53561,11611,97263,3171,3165,262383,3724,6921,39781,88549],"class_list":["post-1273922","post","type-post","status-publish","format-standard","has-post-thumbnail","category-koeln","tag-beeck","tag-1-fc-kaiserslautern","tag-1-fc-koeln","tag-1-fsv-mainz-05-ii","tag-3175","tag-aachen","tag-alemannia-aachen","tag-anthony-modeste","tag-baesweiler","tag-bayer-04-leverkusen","tag-britta-carlson","tag-david-haider","tag-david-haider-al-azzawe","tag-david-otto","tag-deutschland","tag-dfb-pokal","tag-eric-martel","tag-fc-ingolstadt","tag-felix-higl","tag-florian-heister","tag-florian-kainz","tag-fortuna-koeln","tag-freistosstor","tag-fussball-bundesliga","tag-germany","tag-gideon-mensah","tag-hamdi-dahmani","tag-hansa-rostock","tag-koeln","tag-linton-maina","tag-luca-waldschmidt","tag-lukas-kwasniok","tag-marian-wilhelm","tag-mark-uth","tag-markus-rejek","tag-mathias-olesen","tag-matthias-mink","tag-max-finkgraefe","tag-maximilian-schmid","tag-meiko-sponsel","tag-muenster","tag-newsblog","tag-niklas-castelle","tag-nordrhein-westfalen","tag-nuernberg","tag-preussen-muenster","tag-raphael-ott","tag-regionalliga","tag-rostock","tag-rwe","tag-said-el-mala","tag-samuelle-carella","tag-sport-club-verl-1924-e-v","tag-spvgg-greuther-fuerth","tag-steinbach","tag-sv-roedinghausen","tag-tom-geerkens","tag-trainingslager","tag-transfermarkt","tag-valentin-schaefer","tag-verl","tag-viktoria-koeln","tag-wegberg","tag-wolfgang-overath"],"share_on_mastodon":{"url":"","error":"Validation failed: Text character limit of 500 exceeded"},"_links":{"self":[{"href":"https:\/\/www.europesays.com\/de\/wp-json\/wp\/v2\/posts\/1273922","targetHints":{"allow":["GET"]}}],"collection":[{"href":"https:\/\/www.europesays.com\/de\/wp-json\/wp\/v2\/posts"}],"about":[{"href":"https:\/\/www.europesays.com\/de\/wp-json\/wp\/v2\/types\/post"}],"author":[{"embeddable":true,"href":"https:\/\/www.europesays.com\/de\/wp-json\/wp\/v2\/users\/2"}],"replies":[{"embeddable":true,"href":"https:\/\/www.europesays.com\/de\/wp-json\/wp\/v2\/comments?post=1273922"}],"version-history":[{"count":0,"href":"https:\/\/www.europesays.com\/de\/wp-json\/wp\/v2\/posts\/1273922\/revisions"}],"wp:featuredmedia":[{"embeddable":true,"href":"https:\/\/www.europesays.com\/de\/wp-json\/wp\/v2\/media\/1273923"}],"wp:attachment":[{"href":"https:\/\/www.europesays.com\/de\/wp-json\/wp\/v2\/media?parent=1273922"}],"wp:term":[{"taxonomy":"category","embeddable":true,"href":"https:\/\/www.europesays.com\/de\/wp-json\/wp\/v2\/categories?post=1273922"},{"taxonomy":"post_tag","embeddable":true,"href":"https:\/\/www.europesays.com\/de\/wp-json\/wp\/v2\/tags?post=1273922"}],"curies":[{"name":"wp","href":"https:\/\/api.w.org\/{rel}","templated":true}]}}