{"id":1273924,"date":"2026-09-01T14:50:17","date_gmt":"2026-09-01T14:50:17","guid":{"rendered":"https:\/\/www.europesays.com\/de\/1273924\/"},"modified":"2026-09-01T14:50:17","modified_gmt":"2026-09-01T14:50:17","slug":"vortrag-ueber-trickbetrug-beim-vdk-treff","status":"publish","type":"post","link":"https:\/\/www.europesays.com\/de\/1273924\/","title":{"rendered":"Vortrag \u00fcber Trickbetrug beim VdK-Treff"},"content":{"rendered":"<p class=\"article-text\">Beim n\u00e4chsten Treffen der Ortsgruppe des VdK Unterhaching am 9. September, wie \u00fcblich von 14.30 bis 16.30 Uhr im Sportpark-Gasthaus, wird der Kontaktbeamte Stephan Hoppe von der PI 31 einen Vortrag \u00fcber den leider immer noch weit verbreiteten Trickbetrug am Telefon halten. Immer wieder fallen vor allem Senioren auf Trickbetr\u00fcger am Telefon herein, da sich nicht nur die Versuchsmaschen st\u00e4ndig \u00e4ndern, sondern auch die Techniken der Betr\u00fcger immer raffinierter werden. Erst am Montag, 24. August, gegen 18.15 Uhr erhielt eine 63-J\u00e4hrige Unterhachingerin einen Anruf von einem unbekannten T\u00e4ter, der sich als Polizeibeamter ausgab. Der Anrufer teilte der Frau mit, dass Einbrecher festgenommen worden seien, die im unmittelbaren Umkreis ihrer Wohnung t\u00e4tig gewesen waren. Bei den festgenommenen T\u00e4tern sei ein Notizzettel aufgefunden worden, auf dem auch der Name der 63-J\u00e4hrigen vermerkt gewesen sei. Im Laufe des Gespr\u00e4chs \u00fcberredeten die Betr\u00fcger die Frau ihre Wertsachen an einen Abholer zu \u00fcbergeben. Der entstandene Sachschaden ist sechsstellig. Damit man vor solchen Maschen in Zukunft gesch\u00fctzt ist, kl\u00e4rt der Kontaktbeamte Stephan Hoppe detailliert \u00fcber diese Straftaten auf. <\/p>\n","protected":false},"excerpt":{"rendered":"Beim n\u00e4chsten Treffen der Ortsgruppe des VdK Unterhaching am 9. September, wie \u00fcblich von 14.30 bis 16.30 Uhr&hellip;\n","protected":false},"author":2,"featured_media":1273925,"comment_status":"","ping_status":"","sticky":false,"template":"","format":"standard","meta":{"footnotes":"","_share_on_mastodon":"0"},"categories":[1827],"tags":[772,29,30,2489,1268,6583,5534],"class_list":["post-1273924","post","type-post","status-publish","format-standard","has-post-thumbnail","category-muenchen","tag-bayern","tag-deutschland","tag-germany","tag-kirche-gesellschaft","tag-muenchen","tag-senioren","tag-unterhaching"],"share_on_mastodon":{"url":"https:\/\/pubeurope.com\/@de\/117196346271571986","error":""},"_links":{"self":[{"href":"https:\/\/www.europesays.com\/de\/wp-json\/wp\/v2\/posts\/1273924","targetHints":{"allow":["GET"]}}],"collection":[{"href":"https:\/\/www.europesays.com\/de\/wp-json\/wp\/v2\/posts"}],"about":[{"href":"https:\/\/www.europesays.com\/de\/wp-json\/wp\/v2\/types\/post"}],"author":[{"embeddable":true,"href":"https:\/\/www.europesays.com\/de\/wp-json\/wp\/v2\/users\/2"}],"replies":[{"embeddable":true,"href":"https:\/\/www.europesays.com\/de\/wp-json\/wp\/v2\/comments?post=1273924"}],"version-history":[{"count":0,"href":"https:\/\/www.europesays.com\/de\/wp-json\/wp\/v2\/posts\/1273924\/revisions"}],"wp:featuredmedia":[{"embeddable":true,"href":"https:\/\/www.europesays.com\/de\/wp-json\/wp\/v2\/media\/1273925"}],"wp:attachment":[{"href":"https:\/\/www.europesays.com\/de\/wp-json\/wp\/v2\/media?parent=1273924"}],"wp:term":[{"taxonomy":"category","embeddable":true,"href":"https:\/\/www.europesays.com\/de\/wp-json\/wp\/v2\/categories?post=1273924"},{"taxonomy":"post_tag","embeddable":true,"href":"https:\/\/www.europesays.com\/de\/wp-json\/wp\/v2\/tags?post=1273924"}],"curies":[{"name":"wp","href":"https:\/\/api.w.org\/{rel}","templated":true}]}}