{"id":1273926,"date":"2026-09-01T14:52:22","date_gmt":"2026-09-01T14:52:22","guid":{"rendered":"https:\/\/www.europesays.com\/de\/1273926\/"},"modified":"2026-09-01T14:52:22","modified_gmt":"2026-09-01T14:52:22","slug":"streit-um-wiesn-figuren-drohungen-gegen-gleichstellungsstelle-muenchen","status":"publish","type":"post","link":"https:\/\/www.europesays.com\/de\/1273926\/","title":{"rendered":"Streit um Wiesn-Figuren: Drohungen gegen Gleichstellungsstelle &#8211; M\u00fcnchen"},"content":{"rendered":"<p data-manual=\"paragraph\" data-schema-org-speakable=\"true\" class=\"css-1eosz7k\">Nur noch wenige Wochen bis zum <a href=\"https:\/\/www.sueddeutsche.de\/thema\/Oktoberfest\" rel=\"nofollow noopener\" target=\"_blank\">Oktoberfest<\/a>, Zeit f\u00fcr eine hitzige Debatte \u00fcber sexistische und rassistische Darstellungen auf der Wiesn. \u00dcberraschend an der j\u00fcngsten Diskussion um die Umgestaltung mehrerer Frauenfiguren am Eingang des Fahrgesch\u00e4fts Teufelsrad ist vor allem die Positionierung gr\u00fcner Politikerinnen. Von \u201e\u00fcbertriebener Pr\u00fcderie\u201c sprach die Wiesn-Stadtr\u00e4tin Anja Berger. Von einem \u201eVerh\u00fcllungsgebot\u201c die Zweite B\u00fcrgermeisterin Mona Fuchs. Inhaltlich \u00e4hnlich \u00e4u\u00dferten sich <a href=\"https:\/\/www.sueddeutsche.de\/thema\/CSU\" rel=\"nofollow noopener\" target=\"_blank\">CSU<\/a>-Fraktionschef Manuel Pretzl sowie Wirtschaftsreferent und Wiesnchef Christian Scharpf (<a href=\"https:\/\/www.sueddeutsche.de\/thema\/SPD\" rel=\"nofollow noopener\" target=\"_blank\">SPD<\/a>).\u00a0Nun schl\u00e4gt vor allem den Gr\u00fcnen-Politikerinnen Kritik entgegen.<\/p>\n<p data-manual=\"paragraph\" data-schema-org-speakable=\"true\" class=\"css-1eosz7k\"><a href=\"https:\/\/www.sueddeutsche.de\/thema\/Die_Linke\" rel=\"nofollow noopener\" target=\"_blank\">Die Linke<\/a> im Stadtrat hatte Fuchs am Montag vorgeworfen, die Arbeit der Gleichstellungsstelle \u00f6ffentlich zu diskreditieren. Die SPD-Stadtr\u00e4tin Paula Gundi, stellvertretende Vorsitzende der st\u00e4dtischen Gleichstellungskommission, sagte, bei der Gleichstellungsstelle gingen seit Tagen \u201emassiv Hass und Drohungen\u201c ein. Es sei Aufgabe der Stadtspitze und des Stadtrats, \u201esich sch\u00fctzend vor die eigenen Leute zu stellen\u201c. Die fr\u00fchere Vorsitzende der Kommission und ehemalige SPD-Stadtr\u00e4tin Micky Wenngatz schrieb bei Instagram, dass sie von den Gr\u00fcnen, \u201edie sich gerne als feministische Kraft pr\u00e4sentieren\u201c, erwartet h\u00e4tte, \u201edass sie standhaft bleiben\u201c.<\/p>\n<p data-manual=\"paragraph\" data-schema-org-speakable=\"true\" class=\"css-1eosz7k\">Wer die Umgestaltung wohl \u00fcberhaupt bemerkt h\u00e4tte, ohne medialen und politischen Aufschrei? Die Frauenfiguren am Eingang des Fahrgesch\u00e4fts Teufelsrad tragen nun Radlerhosen unter den R\u00f6cken, hochgeschlossene Oberteile und Schuhe. Bei einer Figur, die zuvor gar kein Oberteil anhatte, sondern nur eine Hawaiikette umgelegt, wurde der Rock zum Kleid vervollst\u00e4ndigt. Im Grunde hat die Betreiberin Elisabeth Polaczy die Puppen an die Realit\u00e4t angepasst. Upskirting ist wegen der allgegenw\u00e4rtigen Smartphones ein Ph\u00e4nomen? Nun tragen die Figuren eben Radlerhosen, so wie sie in echt am Teufelsrad an Frauen ausgegeben werden.<\/p>\n<p data-manual=\"paragraph\" data-schema-org-speakable=\"true\" class=\"css-1eosz7k\">Die Umgestaltung hat eine Vorgeschichte: <a href=\"https:\/\/www.sueddeutsche.de\/muenchen\/okotberfest-2023-muenchen-fahrgeschaefte-sexismus-rassismus-motive-1.6079779\" rel=\"nofollow noopener\" target=\"_blank\">Nach der Debatte um sexistische und rassistische Motive auf Fahrgesch\u00e4ften im Jahr 2023<\/a>\u00a0traf sich die st\u00e4dtische Gleichstellungskommission, der Stadtratsmitglieder, aber auch Vertreterinnen von Frauenorganisationen angeh\u00f6ren, zu einem Rundgang \u00fcber das Oktoberfest, um sich ein Bild zu machen. Sie schauten sich mehrere Fahrgesch\u00e4fte an, darunter auch das Teufelsrad. So schildern es Teilnehmerinnen des Rundgangs. Auch Anja Berger war dabei, wie sie best\u00e4tigt, in ihrer Funktion als Wiesn-Stadtr\u00e4tin.<\/p>\n<p>\u201eSo wie\u2019s jetzt ist, ist es gut.\u201c<\/p>\n<p data-manual=\"paragraph\" data-schema-org-speakable=\"true\" class=\"css-1eosz7k\">Micky Wenngatz war damals SPD-Stadtr\u00e4tin und Vorsitzende der Gleichstellungskommission. Damals sei man gemeinsam zu einem Ergebnis gekommen, schrieb sie bei Instagram: \u201eEinige Figuren sind sexistisch dargestellt, eine rassistisch.\u201c Der Tenor: Die Politik war fr\u00fchzeitig eingebunden, hat die Ver\u00e4nderungen mit angesto\u00dfen, und zwar fraktions\u00fcbergreifend mit Gr\u00fcnen, CSU und SPD\u00a0 \u2013 und jetzt wollen manche davon nichts mehr wissen.<\/p>\n<p><a href=\"https:\/\/www.sueddeutsche.de\/meinung\/oktoberfest-teufelsrad-sexismus-gleichstellung-upskirting-li.3539238\" aria-label=\"Artikelverlinkung:\" data-track-szde=\"{&quot;event&quot;:&quot;teaser_clicked&quot;,&quot;teaser_clicked&quot;:{&quot;article_title&quot;:&quot;gegen_das_echte_problem_des_teufelsrads_hilft_keine_farbe&quot;,&quot;doctype&quot;:&quot;&quot;,&quot;label&quot;:&quot;szplus,opinion&quot;,&quot;main_topic&quot;:&quot;oktoberfest&quot;,&quot;object_id&quot;:&quot;li.3539238&quot;,&quot;pcat&quot;:&quot;paid&quot;,&quot;section&quot;:&quot;meinung&quot;,&quot;teaser_type&quot;:&quot;article_teaser_top&quot;}}\" data-manual=\"teaser-url\" aria-labelledby=\"teaser-httpswwwsueddeutschedemeinungoktoberfest-teufelsrad-sexismus-gleichstellung-upskirting-li3539238\" class=\"css-14tg8sh\" rel=\"nofollow noopener\" target=\"_blank\"><img decoding=\"async\" src=\"https:\/\/www.europesays.com\/de\/wp-content\/uploads\/2026\/09\/43aba495-3a38-46c4-8887-1fc32dd038ab.jpg\"   alt=\"\" loading=\"lazy\" class=\"css-8atqhb\"\/><\/p>\n<p>MeinungOktoberfest<\/p>\n<p>:Gegen das echte Problem des Teufelsrads hilft keine FarbeSZ PlusKommentar von Ulrike Heidenreich<img decoding=\"async\" src=\"https:\/\/www.europesays.com\/de\/wp-content\/uploads\/2026\/09\/3d1ca0c7-092f-46da-bfcb-311496835070.png\"  alt=\"Portrait undefined Ulrike Heidenreich\" loading=\"lazy\" class=\"css-8atqhb\"\/><\/p>\n<p data-manual=\"paragraph\" data-schema-org-speakable=\"true\" class=\"css-1eosz7k\">B\u00fcrgermeisterin Mona Fuchs war am Dienstag nicht f\u00fcr eine Stellungnahme zu erreichen. Oberb\u00fcrgermeister Dominik Krause (Gr\u00fcne), dem die Gleichstellungsstelle direkt unterstellt ist, weilt in dieser Woche im Urlaub. Wiesn-Stadtr\u00e4tin Anja Berger sagte am Telefon, sie wolle der Gleichstellungsstelle nicht in den R\u00fccken fallen. Diese mache \u201etolle Arbeit\u201c, die sie immer unterst\u00fctzt habe. Doch in dem Fall sei es \u201eein Tick zu viel\u201c gewesen.<\/p>\n<p data-manual=\"paragraph\" data-schema-org-speakable=\"true\" class=\"css-1eosz7k\">Seit die \u00dcbermalung \u00f6ffentlich wurde, ist von traditionsreichen, 80 Jahre alten Pappmach\u00e9-Figuren die Rede. Ein Anruf bei Elisabeth Polaczy: Nein, aus Pappmach\u00e9 seien die Figuren nicht; wie das Material hei\u00dfe, sei ihr gerade entfallen. Und die 80 Jahre? So ganz genau wisse sie das nicht. Tatsache ist, dass auf einem Foto, das vermutlich in den 50er- oder 60er-Jahren entstanden ist, ganz andere Figuren auf dem Rad \u00fcber dem Eingang zu sehen sind: vier Frauen mit hochgeschlossenen Dirndln. Das mit den 80 Jahren, so ganz kann es also nicht hinkommen. Im \u00dcbrigen, so Polaczy, halte sie die Debatte f\u00fcr \u201eein bissl \u00fcbertrieben\u201c. Sie w\u00fcnsche sich, dass da jetzt ein \u201eDeckel drauf\u201c komme. \u201eSo wie\u2019s jetzt ist, ist es gut.\u201c<\/p>\n<p data-manual=\"paragraph\" data-schema-org-speakable=\"true\" class=\"css-1eosz7k\">An den Besucherinnen ist auf dem Foto von damals \u00fcbrigens kein einziges Dirndl zu sehen. Dass die Massen in Tracht aufs Oktoberfest gehen, das hat bekanntlich ungef\u00e4hr in den Neunzigerjahren angefangen.<\/p>\n<p data-manual=\"paragraph\" data-schema-org-speakable=\"true\" class=\"css-1eosz7k\">So \u00e4ndern sich die Traditionen.<\/p>\n","protected":false},"excerpt":{"rendered":"Nur noch wenige Wochen bis zum Oktoberfest, Zeit f\u00fcr eine hitzige Debatte \u00fcber sexistische und rassistische Darstellungen auf&hellip;\n","protected":false},"author":2,"featured_media":1273927,"comment_status":"","ping_status":"","sticky":false,"template":"","format":"standard","meta":{"footnotes":"","_share_on_mastodon":"0"},"categories":[1827],"tags":[772,774,29,536,30,3311,1268,6927,1181,184,149,261636],"class_list":["post-1273926","post","type-post","status-publish","format-standard","has-post-thumbnail","category-muenchen","tag-bayern","tag-csu","tag-deutschland","tag-die-linke","tag-germany","tag-leben-und-gesellschaft-in-muenchen","tag-muenchen","tag-oktoberfest","tag-politik-bayern","tag-spd","tag-sueddeutsche-zeitung","tag-teufelsrad"],"share_on_mastodon":{"url":"https:\/\/pubeurope.com\/@de\/117196358406887412","error":""},"_links":{"self":[{"href":"https:\/\/www.europesays.com\/de\/wp-json\/wp\/v2\/posts\/1273926","targetHints":{"allow":["GET"]}}],"collection":[{"href":"https:\/\/www.europesays.com\/de\/wp-json\/wp\/v2\/posts"}],"about":[{"href":"https:\/\/www.europesays.com\/de\/wp-json\/wp\/v2\/types\/post"}],"author":[{"embeddable":true,"href":"https:\/\/www.europesays.com\/de\/wp-json\/wp\/v2\/users\/2"}],"replies":[{"embeddable":true,"href":"https:\/\/www.europesays.com\/de\/wp-json\/wp\/v2\/comments?post=1273926"}],"version-history":[{"count":0,"href":"https:\/\/www.europesays.com\/de\/wp-json\/wp\/v2\/posts\/1273926\/revisions"}],"wp:featuredmedia":[{"embeddable":true,"href":"https:\/\/www.europesays.com\/de\/wp-json\/wp\/v2\/media\/1273927"}],"wp:attachment":[{"href":"https:\/\/www.europesays.com\/de\/wp-json\/wp\/v2\/media?parent=1273926"}],"wp:term":[{"taxonomy":"category","embeddable":true,"href":"https:\/\/www.europesays.com\/de\/wp-json\/wp\/v2\/categories?post=1273926"},{"taxonomy":"post_tag","embeddable":true,"href":"https:\/\/www.europesays.com\/de\/wp-json\/wp\/v2\/tags?post=1273926"}],"curies":[{"name":"wp","href":"https:\/\/api.w.org\/{rel}","templated":true}]}}