{"id":1273954,"date":"2026-09-01T15:14:16","date_gmt":"2026-09-01T15:14:16","guid":{"rendered":"https:\/\/www.europesays.com\/de\/1273954\/"},"modified":"2026-09-01T15:14:16","modified_gmt":"2026-09-01T15:14:16","slug":"antonio-ruediger-tritt-aus-der-deutschen-nationalmannschaft-zurueck-sport","status":"publish","type":"post","link":"https:\/\/www.europesays.com\/de\/1273954\/","title":{"rendered":"Antonio R\u00fcdiger tritt aus der deutschen Nationalmannschaft zur\u00fcck | Sport"},"content":{"rendered":"<p><a class=\"skip-content skip-content--link\" href=\"#in-content-skip-link-target-v-0-0\">TTS-Player \u00fcberspringen\u21b5<\/a><a id=\"in-content-skip-link-target-v-0-0\" class=\"skip-content--target-link-hidden skip-content skip-content--target-link\" href=\"#in-content-skip-link-target-v-0-0\">Artikel weiterlesen<\/a><\/p>\n<p><b>Ihn sehen wir nicht mehr im DFB-Trikot. Antonio R\u00fcdiger (33) hat rund zwei Monate nach dem WM-Aus seinen R\u00fccktritt aus der Nationalmannschaft erkl\u00e4rt. Das hat der Star von Real Madrid am Dienstagnachmittag auf Instagram mitgeteilt.<\/b><\/p>\n<p>Seit seinem DFB-Deb\u00fct bei einem Test im Mai 2014 gegen Polen (0:0) spielte R\u00fcdiger insgesamt 86 Mal f\u00fcr die DFB-Elf. Er nahm an drei Welt- und zwei Europameisterschaften teil. Nach <a href=\"https:\/\/www.bild.de\/sport\/leute\/manuel-neuer\/manuel-neuer-alle-infos-76678984.bild.html\" class=\"text-link\" rel=\"nofollow noopener\" target=\"_blank\">Manuel Neuer<\/a> ist er der zweite DFB-Star, der seine Karriere in der Nationalmannschaft beendet.<\/p>\n<p>Sein Statement im Wortlaut:<\/p>\n<p>Nach einiger Zeit des Nachdenkens ist f\u00fcr mich der Zeitpunkt gekommen, meine Karriere in der <a href=\"https:\/\/www.bild.de\/sport\/fussball\/nationalmannschaft\/home-15770882.bild.html\" class=\"text-link\" rel=\"nofollow noopener\" target=\"_blank\">Nationalmannschaft<\/a> zu beenden und den Weg f\u00fcr die junge Generation frei zu machen. \ud83c\udde9\ud83c\uddea<\/p>\n<p>Als ich 2014 das erste Mal das DFB-Trikot getragen habe, h\u00e4tte ich es mir in meinen Tr\u00e4umen nicht ausmalen k\u00f6nnen, dass daraus am Ende 86 L\u00e4nderspiele werden.<\/p>\n<p>Auch wenn der gro\u00dfe Titel bei den letzten Turnieren ausblieb und wir manche schmerzhafte Niederlage hinnehmen mussten, war diese Zeit f\u00fcr mich ein extrem besonderes Kapitel, das mich f\u00fcr immer pr\u00e4gen wird.<\/p>\n<p>Ein riesiges Dankesch\u00f6n geht an:<\/p>\n<p>Meine Teamkollegen: F\u00fcr jeden gemeinsamen Zweikampf und den Zusammenhalt in Kabine und Quartier \u2013 und vor allem f\u00fcr die Freundschaften, die weit \u00fcber den <a href=\"https:\/\/www.bild.de\/sport\/fussball\/fussball\/home-15769054.bild.html\" class=\"text-link\" rel=\"nofollow noopener\" target=\"_blank\">Fu\u00dfball<\/a> hinaus bleiben werden.<\/p>\n<p>\u201eF\u00fcr mich beginnt jetzt ein neues Kapitel\u201c<\/p>\n<p>Das gesamte Trainer- und Betreuerteam: Danke f\u00fcr das jahrelange Vertrauen und die Arbeit hinter den Kulissen. Ein besonderer Dank geht an Jogi L\u00f6w, Hansi Flick und <a href=\"https:\/\/www.bild.de\/sport\/leute\/julian-nagelsmann\/thema-julian-nagelsmann-alle-infos-79964976.bild.html\" class=\"text-link\" rel=\"nofollow noopener\" target=\"_blank\">Julian Nagelsmann<\/a>, die mich auf meiner Reise beim DFB begleitet und gepr\u00e4gt haben. Aber auch an meinen F\u00f6rderer in der U-Nationalmannschaft Horst Hrubesch.<\/p>\n<p>Und nat\u00fcrlich euch Fans: Danke f\u00fcr eure Unterst\u00fctzung &#8211; ganz besonders f\u00fcr die einmalige Atmosph\u00e4re bei unserer Heim-EM 2024.<\/p>\n<p>F\u00fcr mich beginnt jetzt ein neues Kapitel, in dem ich mich voll und ganz auf meinen Verein konzentrieren werde.<\/p>\n<p>Danke f\u00fcr die gemeinsame Reise.<\/p>\n<p>Euer Toni<\/p>\n","protected":false},"excerpt":{"rendered":"TTS-Player \u00fcberspringen\u21b5Artikel weiterlesen Ihn sehen wir nicht mehr im DFB-Trikot. Antonio R\u00fcdiger (33) hat rund zwei Monate nach&hellip;\n","protected":false},"author":2,"featured_media":1273955,"comment_status":"","ping_status":"","sticky":false,"template":"","format":"standard","meta":{"footnotes":"","_share_on_mastodon":"0"},"categories":[136],"tags":[1263,1260,29,481,458,347,30,5134,3349,265,1576],"class_list":["post-1273954","post","type-post","status-publish","format-standard","has-post-thumbnail","category-sport","tag-aufmacher-bereich","tag-deutsche-nationalmannschaft","tag-deutschland","tag-dfb","tag-fc-bayern-muenchen","tag-fussball","tag-germany","tag-quad-teaser","tag-real-madrid","tag-sport","tag-super-a-teaser"],"share_on_mastodon":{"url":"https:\/\/pubeurope.com\/@de\/117196440520119719","error":""},"_links":{"self":[{"href":"https:\/\/www.europesays.com\/de\/wp-json\/wp\/v2\/posts\/1273954","targetHints":{"allow":["GET"]}}],"collection":[{"href":"https:\/\/www.europesays.com\/de\/wp-json\/wp\/v2\/posts"}],"about":[{"href":"https:\/\/www.europesays.com\/de\/wp-json\/wp\/v2\/types\/post"}],"author":[{"embeddable":true,"href":"https:\/\/www.europesays.com\/de\/wp-json\/wp\/v2\/users\/2"}],"replies":[{"embeddable":true,"href":"https:\/\/www.europesays.com\/de\/wp-json\/wp\/v2\/comments?post=1273954"}],"version-history":[{"count":0,"href":"https:\/\/www.europesays.com\/de\/wp-json\/wp\/v2\/posts\/1273954\/revisions"}],"wp:featuredmedia":[{"embeddable":true,"href":"https:\/\/www.europesays.com\/de\/wp-json\/wp\/v2\/media\/1273955"}],"wp:attachment":[{"href":"https:\/\/www.europesays.com\/de\/wp-json\/wp\/v2\/media?parent=1273954"}],"wp:term":[{"taxonomy":"category","embeddable":true,"href":"https:\/\/www.europesays.com\/de\/wp-json\/wp\/v2\/categories?post=1273954"},{"taxonomy":"post_tag","embeddable":true,"href":"https:\/\/www.europesays.com\/de\/wp-json\/wp\/v2\/tags?post=1273954"}],"curies":[{"name":"wp","href":"https:\/\/api.w.org\/{rel}","templated":true}]}}