{"id":1273960,"date":"2026-09-01T15:17:23","date_gmt":"2026-09-01T15:17:23","guid":{"rendered":"https:\/\/www.europesays.com\/de\/1273960\/"},"modified":"2026-09-01T15:17:23","modified_gmt":"2026-09-01T15:17:23","slug":"ikea-senkt-die-preise-hemnes-und-kallax-guenstiger-die-grosse-spar-liste-politik","status":"publish","type":"post","link":"https:\/\/www.europesays.com\/de\/1273960\/","title":{"rendered":"Ikea senkt die Preise: Hemnes und Kallax g\u00fcnstiger! Die gro\u00dfe Spar-Liste | Politik"},"content":{"rendered":"<p><a class=\"skip-content skip-content--link\" href=\"#in-content-skip-link-target-v-0-0\">TTS-Player \u00fcberspringen\u21b5<\/a><a id=\"in-content-skip-link-target-v-0-0\" class=\"skip-content--target-link-hidden skip-content skip-content--target-link\" href=\"#in-content-skip-link-target-v-0-0\">Artikel weiterlesen<\/a><\/p>\n<p>Frankfurt \u2013 <b>Preis-Hammer bei Ikea! Der schwedische M\u00f6bel-Riese hat f\u00fcr den Herbst massive Preissenkungen angek\u00fcndigt. Rund 1500 Produkte sollen um durchschnittlich 20 Prozent billiger werden, best\u00e4tigte eine Ikea-Sprecherin auf BILD\u2011Nachfrage. Damit reagiere man auf \u201edie anhaltend hohe Belastung vieler Haushalte durch steigende Lebenshaltungskosten\u201c, hei\u00dft es aus dem Konzern.<\/b><\/p>\n<p>Insgesamt will <a href=\"https:\/\/www.bild.de\/themen\/organisationen\/ikea\/wirtschaft-nachrichten-news-fotos-videos-19970376.bild.html\" class=\"text-link\" rel=\"nofollow noopener\" target=\"_blank\">Ikea<\/a> bei 15 Prozent seines Gesamtsortiments die Preise senken. Erste Reduzierungen gelten ab sofort, weitere folgen bis zum Jahresende. Darunter sind auch bekannte Ikea-Klassiker, wie etwa bei der Regal-Serie \u201eKallax\u201c. Dort sind \u2013 je nach Modell und Ausf\u00fchrung \u2013 bis zu 40 Prozent Ersparnis drin. Doch nicht nur <a href=\"https:\/\/www.bild.de\/themen\/specials\/moebel\/news-fotos-videos-17014418.bild.html\" class=\"text-link\" rel=\"nofollow noopener\" target=\"_blank\">M\u00f6bel<\/a>, sondern auch viele Zubeh\u00f6r-Produkte wie Aufbewahrungsboxen, Matratzen oder Kleiderb\u00fcgel werden billiger.<\/p>\n<p>Diese Produkte sind bei Ikea jetzt billiger<\/p>\n<tr>Produktalter PreisNeuer Preis<\/tr>\n<tr>\n<td>Regal Kallax (wei\u00df, 182\u00a0\u00d7\u00a0182\u00a0cm)<\/td>\n<td>169 Euro<\/td>\n<td>129 Euro<\/td>\n<\/tr>\n<tr>\n<td>Regal Kallax (wei\u00df, 77\u00a0\u00d7\u00a0174\u00a0cm) <\/td>\n<td>59,99 Euro<\/td>\n<td>49,99 Euro<\/td>\n<\/tr>\n<tr>\n<td>Regal Kallax (wei\u00df, 112\u00a0\u00d7\u00a0174\u00a0cm)<\/td>\n<td>109 Euro<\/td>\n<td>79,99 Euro<\/td>\n<\/tr>\n<tr>\n<td>Schaukelstuhl Po\u00e4ng<\/td>\n<td>179 Euro<\/td>\n<td>119 Euro<\/td>\n<\/tr>\n<tr>\n<td>Kleiderb\u00fcgel Bumerang (5 St\u00fcck)<\/td>\n<td>3,99 Euro<\/td>\n<td>2,99 Euro<\/td>\n<\/tr>\n<tr>\n<td>Vorratsbeh\u00e4lter 365+ mit Deckel, 1 Ltr.<\/td>\n<td>4,99 Euro<\/td>\n<td>3,79 Euro<\/td>\n<\/tr>\n<tr>\n<td>TV-Bank Best\u00e5 (wei\u00df)<\/td>\n<td>189 Euro<\/td>\n<td>135 Euro<\/td>\n<\/tr>\n<tr>\n<td>Vitrine Best\u00e5 (wei\u00df)<\/td>\n<td>454 Euro<\/td>\n<td>360 Euro<\/td>\n<\/tr>\n<tr>\n<td>Regal Best\u00e5 (wei\u00df, 60&#215;193  cm)<\/td>\n<td>110 Euro<\/td>\n<td>90 Euro<\/td>\n<\/tr>\n<tr>\n<td>Regal Ivar (Kiefer, 89&#215;179 cm) <\/td>\n<td>99,99 Euro<\/td>\n<td>84,99 Euro<\/td>\n<\/tr>\n<tr>\n<td>Sideboard Hemnes (grau-gr\u00fcn) <\/td>\n<td>349 Euro<\/td>\n<td>299 Euro<\/td>\n<\/tr>\n<tr>\n<td>Stuhl Lisabo<\/td>\n<td>69,99 Euro<\/td>\n<td>39,99 Euro<\/td>\n<\/tr>\n<tr>\n<td>Esstisch Lisabo (200&#215;78 cm) <\/td>\n<td>249 Euro<\/td>\n<td>199 Euro<\/td>\n<\/tr>\n<tr>\n<td>Kleiderschrank Hauga<\/td>\n<td>249 Euro<\/td>\n<td>199 Euro<\/td>\n<\/tr>\n<tr>\n<td>Stuhl Tossberg<\/td>\n<td>99,99 Euro<\/td>\n<td>79,99 Euro<\/td>\n<\/tr>\n<tr>\n<td>Tagesbett Hemnes<\/td>\n<td>299 Euro<\/td>\n<td>259 Euro<\/td>\n<\/tr>\n<tr>\n<td>Bettsofa Kivik (1er, beige\/grau)<\/td>\n<td>399 Euro<\/td>\n<td>299 Euro<\/td>\n<\/tr>\n<tr>\n<td>Matratze Vester\u00f6y (140&#215;200 cm)<\/td>\n<td>249 Euro<\/td>\n<td>199 Euro<\/td>\n<\/tr>\n<tr>\n<td>Tablett-Tisch Gladom<\/td>\n<td>12,99 Euro<\/td>\n<td>9,99 Euro<\/td>\n<\/tr>\n<tr>\n<td>Servierwagen Nissafors<\/td>\n<td>29,99<\/td>\n<td>19,99 Euro<\/td>\n<\/tr>\n<tr>\n<td><\/td>\n<td><\/td>\n<td><\/td>\n<\/tr>\n<p>Dabei handelt es sich bei den Preissenkungen nicht um eine kurzfristige Werbeaktion, betont man bei Ikea. Es sei vielmehr eine \u201ebewusste unternehmerische Entscheidung in unsicheren Zeiten\u201c, wie es in einer Mitteilung hei\u00dft. \u201eGerade in wirtschaftlich herausfordernden Zeiten w\u00e4re es das falsche Signal, nichts zu tun. Niedrige Preise sind f\u00fcr uns ein langfristiges Versprechen\u201c, sagt Ikeas Deutschland-Chef Peter Jelkeby (63). Hei\u00dft: Die jetzt reduzierten Produkte sollen zu diesem Preis dauerhaft angeboten werden.<\/p>\n<p><img decoding=\"async\" width=\"992\" height=\"558\" alt=\"Eine Ikea-Filiale in Eching bei M\u00fcnchen\" loading=\"lazy\" src=\"https:\/\/www.europesays.com\/de\/wp-content\/uploads\/2026\/09\/b9b2f2cac94a54a0370dd8d790bacbb0,b3193405.jpeg\"   class=\"landscape\"\/><\/p>\n<p class=\"fig__caption__text\">Eine Ikea-Filiale in Eching bei M\u00fcnchen<\/p>\n<p>Foto: picture alliance\/dpa<\/p>\n<p>Man wolle so daf\u00fcr sorgen, dass <a href=\"https:\/\/www.bild.de\/themen\/specials\/wohnen\/immobilien-haus-garten-news-fotos-videos-18957382.bild.html\" class=\"text-link\" rel=\"nofollow noopener\" target=\"_blank\">Wohnen<\/a> \u201ef\u00fcr viele erschwinglich\u201c bleibe \u2013 gleichzeitig sichert sich Ikea im umk\u00e4mpften M\u00f6belmarkt wichtige Marktanteile. Insgesamt schw\u00e4chelt der M\u00f6belhandel, die Ums\u00e4tze stagnieren seit Jahren. Wie BILD erfuhr, sind weitere Preissenkungen bei Ikea schon im Oktober geplant. <\/p>\n<p>Auch Ikea-K\u00fcchen werden billiger<\/p>\n<p>So soll dann die Tischleuchte Varmblixt statt 59,99 Euro nur noch 39,99 Euro kosten, der Preis f\u00fcr den Drehstuhl Markus wird von 179 auf 149 Euro gesenkt. Auch K\u00fcchen werden im Oktober g\u00fcnstiger. So werden alle Aspudden-K\u00fcchenfronten um 15 Prozent billiger. Der Einbau-Geschirrsp\u00fcler Kallboda wird dann 699 statt wie bisher 899 Euro kosten.<\/p>\n<p>Mehr zum Thema<\/p>\n<p>Um die Preissenkungen m\u00f6glich zu machen, investiert der M\u00f6bel-Riese nach eigenen Angaben europaweit rund 1,2 Milliarden Euro. Dabei ist Deutschland mit 55 Filialen und 20.000 Mitarbeitern der wichtigste Markt f\u00fcr die Schweden.<\/p>\n","protected":false},"excerpt":{"rendered":"TTS-Player \u00fcberspringen\u21b5Artikel weiterlesen Frankfurt \u2013 Preis-Hammer bei Ikea! Der schwedische M\u00f6bel-Riese hat f\u00fcr den Herbst massive Preissenkungen angek\u00fcndigt.&hellip;\n","protected":false},"author":2,"featured_media":1273961,"comment_status":"","ping_status":"","sticky":false,"template":"","format":"standard","meta":{"footnotes":"","_share_on_mastodon":"0"},"categories":[134],"tags":[175,170,169,29,1072,30,9564,171,174,13894,828,1319,138370,173,172,1463],"class_list":["post-1273960","post","type-post","status-publish","format-standard","has-post-thumbnail","category-unternehmen-maerkte","tag-business","tag-companies","tag-companies-markets","tag-deutschland","tag-einzelhandel","tag-germany","tag-ikea","tag-markets","tag-maerkte","tag-moebel","tag-preis","tag-schweden","tag-team-first","tag-unternehmen","tag-unternehmen-maerkte","tag-wohnen"],"share_on_mastodon":{"url":"https:\/\/pubeurope.com\/@de\/117196454704517333","error":""},"_links":{"self":[{"href":"https:\/\/www.europesays.com\/de\/wp-json\/wp\/v2\/posts\/1273960","targetHints":{"allow":["GET"]}}],"collection":[{"href":"https:\/\/www.europesays.com\/de\/wp-json\/wp\/v2\/posts"}],"about":[{"href":"https:\/\/www.europesays.com\/de\/wp-json\/wp\/v2\/types\/post"}],"author":[{"embeddable":true,"href":"https:\/\/www.europesays.com\/de\/wp-json\/wp\/v2\/users\/2"}],"replies":[{"embeddable":true,"href":"https:\/\/www.europesays.com\/de\/wp-json\/wp\/v2\/comments?post=1273960"}],"version-history":[{"count":0,"href":"https:\/\/www.europesays.com\/de\/wp-json\/wp\/v2\/posts\/1273960\/revisions"}],"wp:featuredmedia":[{"embeddable":true,"href":"https:\/\/www.europesays.com\/de\/wp-json\/wp\/v2\/media\/1273961"}],"wp:attachment":[{"href":"https:\/\/www.europesays.com\/de\/wp-json\/wp\/v2\/media?parent=1273960"}],"wp:term":[{"taxonomy":"category","embeddable":true,"href":"https:\/\/www.europesays.com\/de\/wp-json\/wp\/v2\/categories?post=1273960"},{"taxonomy":"post_tag","embeddable":true,"href":"https:\/\/www.europesays.com\/de\/wp-json\/wp\/v2\/tags?post=1273960"}],"curies":[{"name":"wp","href":"https:\/\/api.w.org\/{rel}","templated":true}]}}