{"id":1273976,"date":"2026-09-01T15:28:16","date_gmt":"2026-09-01T15:28:16","guid":{"rendered":"https:\/\/www.europesays.com\/de\/1273976\/"},"modified":"2026-09-01T15:28:16","modified_gmt":"2026-09-01T15:28:16","slug":"moenchengladbach-haeufige-erkrankungen-bei-reiserueckkehrern","status":"publish","type":"post","link":"https:\/\/www.europesays.com\/de\/1273976\/","title":{"rendered":"M\u00f6nchengladbach: H\u00e4ufige Erkrankungen bei Reiser\u00fcckkehrern"},"content":{"rendered":"<p class=\"text_ohne_einzug richtext text-em-55 !leading-serif mx-6 desktop:mx-0\">Die <a href=\"https:\/\/rp-online.de\/thema\/sommerferien\/\" rel=\"nofollow noopener\" target=\"_blank\">Sommerferien<\/a> sind vorbei. Einige nutzten sie f\u00fcr einen Urlaub an der Ostsee, einem nahe gelegenen Naturgebiet oder im Ausland. Der Reisemediziner Ralph K\u00f6llges wei\u00df, mit welchen Erkrankungen viele Menschen nach dem Urlaub zur\u00fcckkommen. Er r\u00e4t: \u201eWenn nach der Reise Gesundheitsst\u00f6rungen auftreten, die nicht von alleine weggehen, sollte ein Arzt aufgesucht werden.\u201c<\/p>\n","protected":false},"excerpt":{"rendered":"Die Sommerferien sind vorbei. Einige nutzten sie f\u00fcr einen Urlaub an der Ostsee, einem nahe gelegenen Naturgebiet oder&hellip;\n","protected":false},"author":2,"featured_media":1273977,"comment_status":"","ping_status":"","sticky":false,"template":"","format":"standard","meta":{"footnotes":"","_share_on_mastodon":"0"},"categories":[1849],"tags":[147,89141,3364,29,548,663,3934,5084,30,13,12930,17882,263036,3414,4455,14,15,1209,4562,263038,263037,263040,12,631,263039],"class_list":["post-1273976","post","type-post","status-publish","format-standard","has-post-thumbnail","category-moenchengladbach","tag-ausland","tag-borreliose","tag-de","tag-deutschland","tag-eu","tag-europa","tag-europe","tag-fieber","tag-germany","tag-headlines","tag-impfungen","tag-kamen","tag-koellges","tag-land","tag-moenchengladbach","tag-nachrichten","tag-news","tag-nordrhein-westfalen","tag-reise","tag-reisearzt","tag-reisemediziner","tag-reiserueckkehrer","tag-schlagzeilen","tag-urlaub","tag-verreisenden"],"share_on_mastodon":{"url":"https:\/\/pubeurope.com\/@de\/117196495725097078","error":""},"_links":{"self":[{"href":"https:\/\/www.europesays.com\/de\/wp-json\/wp\/v2\/posts\/1273976","targetHints":{"allow":["GET"]}}],"collection":[{"href":"https:\/\/www.europesays.com\/de\/wp-json\/wp\/v2\/posts"}],"about":[{"href":"https:\/\/www.europesays.com\/de\/wp-json\/wp\/v2\/types\/post"}],"author":[{"embeddable":true,"href":"https:\/\/www.europesays.com\/de\/wp-json\/wp\/v2\/users\/2"}],"replies":[{"embeddable":true,"href":"https:\/\/www.europesays.com\/de\/wp-json\/wp\/v2\/comments?post=1273976"}],"version-history":[{"count":0,"href":"https:\/\/www.europesays.com\/de\/wp-json\/wp\/v2\/posts\/1273976\/revisions"}],"wp:featuredmedia":[{"embeddable":true,"href":"https:\/\/www.europesays.com\/de\/wp-json\/wp\/v2\/media\/1273977"}],"wp:attachment":[{"href":"https:\/\/www.europesays.com\/de\/wp-json\/wp\/v2\/media?parent=1273976"}],"wp:term":[{"taxonomy":"category","embeddable":true,"href":"https:\/\/www.europesays.com\/de\/wp-json\/wp\/v2\/categories?post=1273976"},{"taxonomy":"post_tag","embeddable":true,"href":"https:\/\/www.europesays.com\/de\/wp-json\/wp\/v2\/tags?post=1273976"}],"curies":[{"name":"wp","href":"https:\/\/api.w.org\/{rel}","templated":true}]}}