{"id":1273993,"date":"2026-09-01T15:39:21","date_gmt":"2026-09-01T15:39:21","guid":{"rendered":"https:\/\/www.europesays.com\/de\/1273993\/"},"modified":"2026-09-01T15:39:21","modified_gmt":"2026-09-01T15:39:21","slug":"geretsried-zwei-tote-in-mehrfamilienhaus-verdaechtiger-ermittelt","status":"publish","type":"post","link":"https:\/\/www.europesays.com\/de\/1273993\/","title":{"rendered":"Geretsried | Zwei Tote in Mehrfamilienhaus &#8211; Verd\u00e4chtiger ermittelt"},"content":{"rendered":"<p>Kriminalit\u00e4t<\/p>\n<p>Geretsried (dpa) &#8211; Nach dem Fund zweier Toter in einer Wohnung im oberbayrischen Geretsried hat die Polizei einen Verd\u00e4chtigen ermittelt. Das erfuhr die Deutsche-Presse Agentur aus Sicherheitskreisen. Der Verd\u00e4chtige soll demnach aus dem famili\u00e4ren Umfeld der Opfer stammen. Von ihm soll keine Gefahr mehr ausgehen.<\/p>\n<p>Am Vormittag waren eine Seniorin und ihr erwachsener Sohn leblos in einer Wohnung in der Stadt im Landkreis Bad T\u00f6lz-Wolfratshausen gefunden worden. Eine Not\u00e4rztin konnte nur noch den Tod der beiden feststellen.<\/p>\n<p>\u00a9 dpa-infocom, dpa:260901-930-616494\/2<\/p>\n","protected":false},"excerpt":{"rendered":"Kriminalit\u00e4t Geretsried (dpa) &#8211; Nach dem Fund zweier Toter in einer Wohnung im oberbayrischen Geretsried hat die Polizei&hellip;\n","protected":false},"author":2,"featured_media":1273994,"comment_status":"","ping_status":"","sticky":false,"template":"","format":"standard","meta":{"footnotes":"","_share_on_mastodon":"0"},"categories":[1841],"tags":[772,1605,3364,29,30,1584,1209],"class_list":["post-1273993","post","type-post","status-publish","format-standard","has-post-thumbnail","category-bielefeld","tag-bayern","tag-bielefeld","tag-de","tag-deutschland","tag-germany","tag-kriminalitaet","tag-nordrhein-westfalen"],"share_on_mastodon":{"url":"https:\/\/pubeurope.com\/@de\/117196538927528445","error":""},"_links":{"self":[{"href":"https:\/\/www.europesays.com\/de\/wp-json\/wp\/v2\/posts\/1273993","targetHints":{"allow":["GET"]}}],"collection":[{"href":"https:\/\/www.europesays.com\/de\/wp-json\/wp\/v2\/posts"}],"about":[{"href":"https:\/\/www.europesays.com\/de\/wp-json\/wp\/v2\/types\/post"}],"author":[{"embeddable":true,"href":"https:\/\/www.europesays.com\/de\/wp-json\/wp\/v2\/users\/2"}],"replies":[{"embeddable":true,"href":"https:\/\/www.europesays.com\/de\/wp-json\/wp\/v2\/comments?post=1273993"}],"version-history":[{"count":0,"href":"https:\/\/www.europesays.com\/de\/wp-json\/wp\/v2\/posts\/1273993\/revisions"}],"wp:featuredmedia":[{"embeddable":true,"href":"https:\/\/www.europesays.com\/de\/wp-json\/wp\/v2\/media\/1273994"}],"wp:attachment":[{"href":"https:\/\/www.europesays.com\/de\/wp-json\/wp\/v2\/media?parent=1273993"}],"wp:term":[{"taxonomy":"category","embeddable":true,"href":"https:\/\/www.europesays.com\/de\/wp-json\/wp\/v2\/categories?post=1273993"},{"taxonomy":"post_tag","embeddable":true,"href":"https:\/\/www.europesays.com\/de\/wp-json\/wp\/v2\/tags?post=1273993"}],"curies":[{"name":"wp","href":"https:\/\/api.w.org\/{rel}","templated":true}]}}