{"id":1273995,"date":"2026-09-01T15:41:20","date_gmt":"2026-09-01T15:41:20","guid":{"rendered":"https:\/\/www.europesays.com\/de\/1273995\/"},"modified":"2026-09-01T15:41:20","modified_gmt":"2026-09-01T15:41:20","slug":"wuelfrath-laufbahn-im-lhoist-sportpark-gesperrt","status":"publish","type":"post","link":"https:\/\/www.europesays.com\/de\/1273995\/","title":{"rendered":"W\u00fclfrath: Laufbahn im Lhoist-Sportpark gesperrt"},"content":{"rendered":"<p class=\"text_ohne_einzug richtext text-em-55 !leading-serif mx-6 desktop:mx-0\">  Bis zum Wochenende m\u00fcssen L\u00e4ufer auf die Laufbahnen und Tartanfl\u00e4chen im Lhoist-Sportpark verzichten. Sie sind gesperrt, denn wie die Stadt mitteilt, sind sie durch die Witterungseinfl\u00fcsse stark verschmutzt. Ein Fachunternehmen sei mit der gr\u00fcndlichen Reinigung beauftragt. Die Arbeiten mit gro\u00dfem Ger\u00e4t haben bereits begonnen. Um diese Arbeiten m\u00f6glichst schnell und st\u00f6rungsfrei durchf\u00fchren zu k\u00f6nnen, sind die Fl\u00e4chen gesperrt. Am Wochenende soll die Anlage aber wieder zur Verf\u00fcgung stehen.<\/p>\n","protected":false},"excerpt":{"rendered":"Bis zum Wochenende m\u00fcssen L\u00e4ufer auf die Laufbahnen und Tartanfl\u00e4chen im Lhoist-Sportpark verzichten. Sie sind gesperrt, denn wie&hellip;\n","protected":false},"author":2,"featured_media":1273996,"comment_status":"","ping_status":"","sticky":false,"template":"","format":"standard","meta":{"footnotes":"","_share_on_mastodon":"0"},"categories":[1840],"tags":[3364,29,30,5783,88450,1209,84858,4749,27167,4418],"class_list":["post-1273995","post","type-post","status-publish","format-standard","has-post-thumbnail","category-wuppertal","tag-de","tag-deutschland","tag-germany","tag-gesperrt","tag-lhoist","tag-nordrhein-westfalen","tag-sportpark","tag-wochenende","tag-wuelfrath","tag-wuppertal"],"share_on_mastodon":{"url":"https:\/\/pubeurope.com\/@de\/117196546797485800","error":""},"_links":{"self":[{"href":"https:\/\/www.europesays.com\/de\/wp-json\/wp\/v2\/posts\/1273995","targetHints":{"allow":["GET"]}}],"collection":[{"href":"https:\/\/www.europesays.com\/de\/wp-json\/wp\/v2\/posts"}],"about":[{"href":"https:\/\/www.europesays.com\/de\/wp-json\/wp\/v2\/types\/post"}],"author":[{"embeddable":true,"href":"https:\/\/www.europesays.com\/de\/wp-json\/wp\/v2\/users\/2"}],"replies":[{"embeddable":true,"href":"https:\/\/www.europesays.com\/de\/wp-json\/wp\/v2\/comments?post=1273995"}],"version-history":[{"count":0,"href":"https:\/\/www.europesays.com\/de\/wp-json\/wp\/v2\/posts\/1273995\/revisions"}],"wp:featuredmedia":[{"embeddable":true,"href":"https:\/\/www.europesays.com\/de\/wp-json\/wp\/v2\/media\/1273996"}],"wp:attachment":[{"href":"https:\/\/www.europesays.com\/de\/wp-json\/wp\/v2\/media?parent=1273995"}],"wp:term":[{"taxonomy":"category","embeddable":true,"href":"https:\/\/www.europesays.com\/de\/wp-json\/wp\/v2\/categories?post=1273995"},{"taxonomy":"post_tag","embeddable":true,"href":"https:\/\/www.europesays.com\/de\/wp-json\/wp\/v2\/tags?post=1273995"}],"curies":[{"name":"wp","href":"https:\/\/api.w.org\/{rel}","templated":true}]}}