{"id":1274003,"date":"2026-09-01T15:47:17","date_gmt":"2026-09-01T15:47:17","guid":{"rendered":"https:\/\/www.europesays.com\/de\/1274003\/"},"modified":"2026-09-01T15:47:17","modified_gmt":"2026-09-01T15:47:17","slug":"terrorismus-bundesregierung-russland-steckt-hinter-sprengstoff-drohne","status":"publish","type":"post","link":"https:\/\/www.europesays.com\/de\/1274003\/","title":{"rendered":"Terrorismus: Bundesregierung: Russland steckt hinter Sprengstoff-Drohne"},"content":{"rendered":"<p>            Schlie\u00dfen<\/p>\n<p>            Ver\u00f6ffentlicht am<br \/>\n                <\/p>\n<p>        Sie k\u00f6nnen sich Artikel der ZEIT in der Google-Suche nun bevorzugt anzeigen lassen.<\/p>\n<p>        <a class=\"zps-widget__icon\" href=\"https:\/\/www.google.com\/preferences\/source?q=zeit.de\" data-ct-label=\"Google Preferred Source Onboarding Widget Icon\" id=\"zps-link-icon-activate\" aria-label=\"ZEIT als bevorzugte Quelle bei Google aktivieren\" target=\"_blank\" rel=\"nofollow noopener\"><\/p>\n<p>        <\/a><\/p>\n<p>        Hinweis<\/p>\n<p class=\"article-notice__text\">DIE ZEIT hat diese Meldung redaktionell nicht bearbeitet. Sie wurde automatisch von der Deutschen Presse-Agentur (dpa) \u00fcbernommen.<\/p>\n<p>            <img decoding=\"async\" class=\"article__media-item\" src=\"https:\/\/www.europesays.com\/de\/wp-content\/uploads\/2026\/09\/1788277637_771_wide__660x371.jpeg\" alt=\"Terrorismus: Die mit Sprengstoff pr\u00e4parierte Drohne explodierte nicht. Sie wurde in der N\u00e4he einer ukrainischen Frachtmaschine auf dem Flughafen Leipzig\/Halle entdeckt. (Archivfoto)\"\/><\/p>\n<p>                    Die mit Sprengstoff pr\u00e4parierte Drohne explodierte nicht. Sie wurde in der N\u00e4he einer ukrainischen Frachtmaschine auf dem Flughafen Leipzig\/Halle entdeckt. (Archivfoto)<br \/>\n            \u00a9\u00a0Hendrik Schmidt\/\u200bdpa<\/p>\n<p class=\"paragraph article__item\">Der misslungene Anschlag mit einer Sprengstoff-Drohne auf dem Flughafen Leipzig\/Halle ist nach Erkenntnissen der <a class=\"rtr-entity\" href=\"https:\/\/www.zeit.de\/thema\/bundesregierung\" rel=\"nofollow noopener\" target=\"_blank\">Bundesregierung<\/a> in russischem Auftrag ver\u00fcbt worden. Das sagte Bundesinnenminister Alexander Dobrindt (CSU) und begr\u00fcndete dies mit polizeilichen Ermittlungsergebnissen, Tatmustern und nachrichtendienstlichen Erkenntnissen.\n<\/p>\n<p>Aktuelles<\/p>\n<p>                <a href=\"https:\/\/www.zeit.de\/politik\/ausland\/2026-09\/sprengstoffdrohne-flughafen-leipzig-halle-johann-wadephul-reaktion-gxe\" data-ct-label=\"Drohne am Flughafen Leipzig\/Halle: Wadephul k\u00fcndigt \u00bbkeine \u00dcberreaktion\u00ab auf Drohnenvorfall an\" data-uuid=\"96fcf31a-5522-4062-b837-606efdacfc2f\" rel=\"nofollow noopener\" target=\"_blank\"><\/p>\n<p>                        Drohne am Flughafen Leipzig\/Halle:<br \/>\n                        Wadephul k\u00fcndigt \u00bbkeine \u00dcberreaktion\u00ab auf Drohnenvorfall an<\/p>\n<p>                <\/a><\/p>\n<p>                <a href=\"https:\/\/www.zeit.de\/politik\/deutschland\/2026-08\/drohnenanschlag-flughafen-leipzig-russland-sprengstoff-drohne-gxe\" data-ct-label=\"Drohnenvorfall in Leipzig: Bundesregierung sieht offenbar Russland hinter Drohnenvorfall\" data-uuid=\"cf5af1c9-8431-40bc-a9d1-87602036433a\" rel=\"nofollow noopener\" target=\"_blank\"><\/p>\n<p>                        Drohnenvorfall in Leipzig:<br \/>\n                        Bundesregierung sieht offenbar Russland hinter Drohnenvorfall<\/p>\n<p>                <\/a><\/p>\n<p>                <a href=\"https:\/\/www.zeit.de\/politik\/deutschland\/2026-09\/bundesregierung-will-russland-fuer-drohnenvorfall-verantwortlich-machen-gxe\" data-ct-label=\"Drohne am Flughafen Leipzig: Bundesregierung will Russland f\u00fcr Drohnenvorfall verantwortlich machen\" data-uuid=\"75f0c6bf-bacd-4ab8-8717-4f98d473629e\" rel=\"nofollow noopener\" target=\"_blank\"><\/p>\n<p>                        Drohne am Flughafen Leipzig:<br \/>\n                        Bundesregierung will Russland f\u00fcr Drohnenvorfall verantwortlich machen<\/p>\n<p>                <\/a><\/p>\n<p class=\"paragraph article__item\">\u00a9 dpa-infocom, dpa:260901-930-613417\/6<\/p>\n","protected":false},"excerpt":{"rendered":"Schlie\u00dfen Ver\u00f6ffentlicht am Sie k\u00f6nnen sich Artikel der ZEIT in der Google-Suche nun bevorzugt anzeigen lassen. Hinweis DIE&hellip;\n","protected":false},"author":2,"featured_media":1274004,"comment_status":"","ping_status":"","sticky":false,"template":"","format":"standard","meta":{"footnotes":"","_share_on_mastodon":"0"},"categories":[4013],"tags":[331,332,17029,1173,31,1478,775,13,1211,14,15,4043,4044,850,307,12,2544,306],"class_list":["post-1274003","post","type-post","status-publish","format-standard","has-post-thumbnail","category-russland","tag-aktuelle-nachrichten","tag-aktuelle-news","tag-algier","tag-bundesregierung","tag-cdu","tag-drohne","tag-friedrich-merz","tag-headlines","tag-johann-wadephul","tag-nachrichten","tag-news","tag-russia","tag-russian-federation","tag-russische-foederation","tag-russland","tag-schlagzeilen","tag-terrorismus","tag-wladimir-putin"],"share_on_mastodon":{"url":"https:\/\/pubeurope.com\/@de\/117196572802486607","error":""},"_links":{"self":[{"href":"https:\/\/www.europesays.com\/de\/wp-json\/wp\/v2\/posts\/1274003","targetHints":{"allow":["GET"]}}],"collection":[{"href":"https:\/\/www.europesays.com\/de\/wp-json\/wp\/v2\/posts"}],"about":[{"href":"https:\/\/www.europesays.com\/de\/wp-json\/wp\/v2\/types\/post"}],"author":[{"embeddable":true,"href":"https:\/\/www.europesays.com\/de\/wp-json\/wp\/v2\/users\/2"}],"replies":[{"embeddable":true,"href":"https:\/\/www.europesays.com\/de\/wp-json\/wp\/v2\/comments?post=1274003"}],"version-history":[{"count":0,"href":"https:\/\/www.europesays.com\/de\/wp-json\/wp\/v2\/posts\/1274003\/revisions"}],"wp:featuredmedia":[{"embeddable":true,"href":"https:\/\/www.europesays.com\/de\/wp-json\/wp\/v2\/media\/1274004"}],"wp:attachment":[{"href":"https:\/\/www.europesays.com\/de\/wp-json\/wp\/v2\/media?parent=1274003"}],"wp:term":[{"taxonomy":"category","embeddable":true,"href":"https:\/\/www.europesays.com\/de\/wp-json\/wp\/v2\/categories?post=1274003"},{"taxonomy":"post_tag","embeddable":true,"href":"https:\/\/www.europesays.com\/de\/wp-json\/wp\/v2\/tags?post=1274003"}],"curies":[{"name":"wp","href":"https:\/\/api.w.org\/{rel}","templated":true}]}}