{"id":1274027,"date":"2026-09-01T16:02:17","date_gmt":"2026-09-01T16:02:17","guid":{"rendered":"https:\/\/www.europesays.com\/de\/1274027\/"},"modified":"2026-09-01T16:02:17","modified_gmt":"2026-09-01T16:02:17","slug":"niederrheinpokal-hammerlos-msv-duisburg-fuer-den-rheydter-sv-in-der-zweiten-runde","status":"publish","type":"post","link":"https:\/\/www.europesays.com\/de\/1274027\/","title":{"rendered":"Niederrheinpokal: Hammerlos MSV Duisburg f\u00fcr den Rheydter SV in der zweiten Runde"},"content":{"rendered":"<p class=\"text_ohne_einzug richtext text-em-55 !leading-serif mx-6 desktop:mx-0\">Hammerlos f\u00fcr den Rheydter SV: In Runde zwei des Niederrheinpokals trifft der Bezirksligist auf den Drittligisten <a href=\"https:\/\/rp-online.de\/thema\/msv-duisburg\/\" rel=\"nofollow noopener\" target=\"_blank\">MSV Duisburg<\/a>. Damit d\u00fcrfen sich die Rheydter auf ein absolutes Schwergewicht und Topspiel freuen. Bei der Auslosung am Dienstagnachmittag war bereits klar, dass durch die Einteilung der T\u00f6pfe ein gr\u00f6\u00dferer Gegner auf die \u00fcbrigen Teams aus M\u00f6nchengladbach und dem Kreis Viersen warten wird. Dieser Ausgang ist dennoch eine \u00dcberraschung<\/p>\n<p class=\"richtext text-em-55 !leading-serif mx-6 desktop:mx-0\">Fast so als h\u00e4tte es der Fu\u00dfballgott gewollt, bekommt der Rheydter SV es mit dem gro\u00dfen MSV Duisburg zu tun. Am 23. oder 24. September geht es dann um den Einzug in Runde zwei. Duisburg reist als amtierender Niederrheinpokalsieger nach M\u00f6nchengladbach. Aktuell sind die Duisburger noch ungeschlagener Tabellenf\u00fchrer in der 3. Liga und schalteten in Runde eins den 1. FC W\u00fclfrath aus. Die Rollen sind damit klar verteilt und die Rheydter gehen als krasser Au\u00dfenseiter in die Partie. Klar d\u00fcrfte aber sein, das dieses Spiel viele Zuschauer anziehen wird.<\/p>\n<p class=\"richtext text-em-55 !leading-serif mx-6 desktop:mx-0\">Ein hartes Los gibt es auch f\u00fcr Union <a href=\"https:\/\/rp-online.de\/thema\/nettetal\/\" rel=\"nofollow noopener\" target=\"_blank\">Nettetal<\/a>. Zwar darf man in Runde zwei wieder zu Hause spielen, aber mit dem 1. FC Bocholt kommt ein Regionalligist in den Kreis Viersen. Die Bocholter sind momentan Siebter in der laufenden Regionalliga-Saison und der klare Favorit im Duell gegen Nettetal.<\/p>\n<p class=\"richtext text-em-55 !leading-serif mx-6 desktop:mx-0\">Auch f\u00fcr die VSF Amern k\u00f6nnte ihre Zweitrunden-Partie ein volles Haus im eigenen Stadion bedeuten, denn sie empfangen den <a href=\"https:\/\/rp-online.de\/thema\/kfc-uerdingen\/\" rel=\"nofollow noopener\" target=\"_blank\">KFC Uerdingen<\/a>. Erfahrungsgem\u00e4\u00df bringt der traditionsreiche Oberligist immer viele Fans zu ihren Ausw\u00e4rtsspielen mit. Aktuell steht das Team aus Krefeld auf Rang zehn in der Oberliga-Tabelle. In der ersten Runde besiegte man den SV Rosellen und wird als Favorit nach Amern kommen.<\/p>\n","protected":false},"excerpt":{"rendered":"Hammerlos f\u00fcr den Rheydter SV: In Runde zwei des Niederrheinpokals trifft der Bezirksligist auf den Drittligisten MSV Duisburg.&hellip;\n","protected":false},"author":2,"featured_media":1274028,"comment_status":"","ping_status":"","sticky":false,"template":"","format":"standard","meta":{"footnotes":"","_share_on_mastodon":"0"},"categories":[1838],"tags":[75960,75961,3364,29,3715,6223,30,13313,3718,1209,22841,18183],"class_list":["post-1274027","post","type-post","status-publish","format-standard","has-post-thumbnail","category-duisburg","tag-22b","tag-22id","tag-de","tag-deutschland","tag-duisburg","tag-fortuna","tag-germany","tag-hilden","tag-niederrheinpokal","tag-nordrhein-westfalen","tag-runde","tag-viersen"],"share_on_mastodon":{"url":"","error":""},"_links":{"self":[{"href":"https:\/\/www.europesays.com\/de\/wp-json\/wp\/v2\/posts\/1274027","targetHints":{"allow":["GET"]}}],"collection":[{"href":"https:\/\/www.europesays.com\/de\/wp-json\/wp\/v2\/posts"}],"about":[{"href":"https:\/\/www.europesays.com\/de\/wp-json\/wp\/v2\/types\/post"}],"author":[{"embeddable":true,"href":"https:\/\/www.europesays.com\/de\/wp-json\/wp\/v2\/users\/2"}],"replies":[{"embeddable":true,"href":"https:\/\/www.europesays.com\/de\/wp-json\/wp\/v2\/comments?post=1274027"}],"version-history":[{"count":0,"href":"https:\/\/www.europesays.com\/de\/wp-json\/wp\/v2\/posts\/1274027\/revisions"}],"wp:featuredmedia":[{"embeddable":true,"href":"https:\/\/www.europesays.com\/de\/wp-json\/wp\/v2\/media\/1274028"}],"wp:attachment":[{"href":"https:\/\/www.europesays.com\/de\/wp-json\/wp\/v2\/media?parent=1274027"}],"wp:term":[{"taxonomy":"category","embeddable":true,"href":"https:\/\/www.europesays.com\/de\/wp-json\/wp\/v2\/categories?post=1274027"},{"taxonomy":"post_tag","embeddable":true,"href":"https:\/\/www.europesays.com\/de\/wp-json\/wp\/v2\/tags?post=1274027"}],"curies":[{"name":"wp","href":"https:\/\/api.w.org\/{rel}","templated":true}]}}