{"id":1274055,"date":"2026-09-01T16:25:17","date_gmt":"2026-09-01T16:25:17","guid":{"rendered":"https:\/\/www.europesays.com\/de\/1274055\/"},"modified":"2026-09-01T16:25:17","modified_gmt":"2026-09-01T16:25:17","slug":"event-highlights-in-duesseldorf-tipps-vom-4-bis-6-september-2026","status":"publish","type":"post","link":"https:\/\/www.europesays.com\/de\/1274055\/","title":{"rendered":"Event-Highlights in D\u00fcsseldorf: Tipps vom 4. bis 6. September 2026"},"content":{"rendered":"<p class=\"text_ohne_einzug richtext text-em-55 !leading-serif mx-6 desktop:mx-0\">Der Herbst wird mit dem Septemberbeginn langsam eingel\u00e4utet. Wer sich also bereits nach k\u00e4lteren Temperaturen sehnt, kann sich auf verschiedene Kunstausstellungen und die diesj\u00e4hrigen DC Open Galleries freuen. Doch auch f\u00fcr Sommerliebhaber ist dieses Wochenende einiges los: eine Architekturf\u00fchrung durch die Stadt und f\u00fcr Partyfans das finale Ravemania Open-Air-Event, um den Sommer zu verabschieden. Unsere Tipps in der \u00dcbersicht.<\/p>\n","protected":false},"excerpt":{"rendered":"Der Herbst wird mit dem Septemberbeginn langsam eingel\u00e4utet. Wer sich also bereits nach k\u00e4lteren Temperaturen sehnt, kann sich&hellip;\n","protected":false},"author":2,"featured_media":1274056,"comment_status":"","ping_status":"","sticky":false,"template":"","format":"standard","meta":{"footnotes":"","_share_on_mastodon":"0"},"categories":[1831],"tags":[3364,29,3405,30,1310,1209,5867,8682],"class_list":["post-1274055","post","type-post","status-publish","format-standard","has-post-thumbnail","category-duesseldorf","tag-de","tag-deutschland","tag-duesseldorf","tag-germany","tag-konzert","tag-nordrhein-westfalen","tag-text","tag-xxx"],"share_on_mastodon":{"url":"https:\/\/pubeurope.com\/@de\/117196719552226502","error":""},"_links":{"self":[{"href":"https:\/\/www.europesays.com\/de\/wp-json\/wp\/v2\/posts\/1274055","targetHints":{"allow":["GET"]}}],"collection":[{"href":"https:\/\/www.europesays.com\/de\/wp-json\/wp\/v2\/posts"}],"about":[{"href":"https:\/\/www.europesays.com\/de\/wp-json\/wp\/v2\/types\/post"}],"author":[{"embeddable":true,"href":"https:\/\/www.europesays.com\/de\/wp-json\/wp\/v2\/users\/2"}],"replies":[{"embeddable":true,"href":"https:\/\/www.europesays.com\/de\/wp-json\/wp\/v2\/comments?post=1274055"}],"version-history":[{"count":0,"href":"https:\/\/www.europesays.com\/de\/wp-json\/wp\/v2\/posts\/1274055\/revisions"}],"wp:featuredmedia":[{"embeddable":true,"href":"https:\/\/www.europesays.com\/de\/wp-json\/wp\/v2\/media\/1274056"}],"wp:attachment":[{"href":"https:\/\/www.europesays.com\/de\/wp-json\/wp\/v2\/media?parent=1274055"}],"wp:term":[{"taxonomy":"category","embeddable":true,"href":"https:\/\/www.europesays.com\/de\/wp-json\/wp\/v2\/categories?post=1274055"},{"taxonomy":"post_tag","embeddable":true,"href":"https:\/\/www.europesays.com\/de\/wp-json\/wp\/v2\/tags?post=1274055"}],"curies":[{"name":"wp","href":"https:\/\/api.w.org\/{rel}","templated":true}]}}