{"id":1274065,"date":"2026-09-01T16:30:16","date_gmt":"2026-09-01T16:30:16","guid":{"rendered":"https:\/\/www.europesays.com\/de\/1274065\/"},"modified":"2026-09-01T16:30:16","modified_gmt":"2026-09-01T16:30:16","slug":"24-jaehriger-stellt-sich-nach-toedlichem-messerstich-haller-kreisblatt","status":"publish","type":"post","link":"https:\/\/www.europesays.com\/de\/1274065\/","title":{"rendered":"24-J\u00e4hriger stellt sich nach t\u00f6dlichem Messerstich | Haller Kreisblatt"},"content":{"rendered":"<p id=\"absatz1\" class=\"em_text\">Nach dem t\u00f6dlichen Messerstich in einem Leverkusener Park hat sich in K\u00f6ln der gesuchte Verd\u00e4chtige auf einer Polizeiwache gestellt. Er sei am Montagabend auf einer Polizeiwache in K\u00f6ln-Kalk erschienen und von seinem Rechtsbeistand begleitet worden, teilte die Polizei mit.<\/p>\n<p id=\"absatz2\" class=\"em_text\">Der 24-j\u00e4hrige Deutsche steht demnach im Verdacht, nach einer zun\u00e4chst verbalen und anschlie\u00dfend k\u00f6rperlichen Auseinandersetzung einen 20-J\u00e4hrigen mit einem Messerstich in den Oberk\u00f6rper get\u00f6tet zu haben. Das Amtsgericht K\u00f6ln hatte bereits Haftbefehl wegen Totschlags erlassen. Konkrete Anhaltspunkte f\u00fcr ein Notwehrgeschehen seien derzeit nicht ersichtlich, hie\u00df es.<\/p>\n<p id=\"absatz4\" class=\"em_text\">Ein Haftrichter habe dem 24-J\u00e4hrigen daher am heutigen Dienstag den Haftbefehl verk\u00fcndet und Untersuchungshaft angeordnet. M\u00f6glicherweise h\u00e4tten Streitigkeiten \u00fcber Geld die Auseinandersetzung ausgel\u00f6st. Die Ermittlungen, insbesondere zum Tatmotiv, dauerten an. <\/p>\n","protected":false},"excerpt":{"rendered":"Nach dem t\u00f6dlichen Messerstich in einem Leverkusener Park hat sich in K\u00f6ln der gesuchte Verd\u00e4chtige auf einer Polizeiwache&hellip;\n","protected":false},"author":2,"featured_media":1274066,"comment_status":"","ping_status":"","sticky":false,"template":"","format":"standard","meta":{"footnotes":"","_share_on_mastodon":"0"},"categories":[1828],"tags":[29,30,1420,2375,23193,1209,121,4853],"class_list":["post-1274065","post","type-post","status-publish","format-standard","has-post-thumbnail","category-koeln","tag-deutschland","tag-germany","tag-koeln","tag-leverkusen","tag-messerstich","tag-nordrhein-westfalen","tag-polizei","tag-untersuchungshaft"],"share_on_mastodon":{"url":"https:\/\/pubeurope.com\/@de\/117196739737178961","error":""},"_links":{"self":[{"href":"https:\/\/www.europesays.com\/de\/wp-json\/wp\/v2\/posts\/1274065","targetHints":{"allow":["GET"]}}],"collection":[{"href":"https:\/\/www.europesays.com\/de\/wp-json\/wp\/v2\/posts"}],"about":[{"href":"https:\/\/www.europesays.com\/de\/wp-json\/wp\/v2\/types\/post"}],"author":[{"embeddable":true,"href":"https:\/\/www.europesays.com\/de\/wp-json\/wp\/v2\/users\/2"}],"replies":[{"embeddable":true,"href":"https:\/\/www.europesays.com\/de\/wp-json\/wp\/v2\/comments?post=1274065"}],"version-history":[{"count":0,"href":"https:\/\/www.europesays.com\/de\/wp-json\/wp\/v2\/posts\/1274065\/revisions"}],"wp:featuredmedia":[{"embeddable":true,"href":"https:\/\/www.europesays.com\/de\/wp-json\/wp\/v2\/media\/1274066"}],"wp:attachment":[{"href":"https:\/\/www.europesays.com\/de\/wp-json\/wp\/v2\/media?parent=1274065"}],"wp:term":[{"taxonomy":"category","embeddable":true,"href":"https:\/\/www.europesays.com\/de\/wp-json\/wp\/v2\/categories?post=1274065"},{"taxonomy":"post_tag","embeddable":true,"href":"https:\/\/www.europesays.com\/de\/wp-json\/wp\/v2\/tags?post=1274065"}],"curies":[{"name":"wp","href":"https:\/\/api.w.org\/{rel}","templated":true}]}}