{"id":1274067,"date":"2026-09-01T16:31:23","date_gmt":"2026-09-01T16:31:23","guid":{"rendered":"https:\/\/www.europesays.com\/de\/1274067\/"},"modified":"2026-09-01T16:31:23","modified_gmt":"2026-09-01T16:31:23","slug":"die-u21-des-1-fc-koeln-gewinnt-beim-vfl-bochum","status":"publish","type":"post","link":"https:\/\/www.europesays.com\/de\/1274067\/","title":{"rendered":"Die U21 des 1. FC K\u00f6ln gewinnt beim VfL Bochum"},"content":{"rendered":"<p>Die U21 des 1. FC K\u00f6ln gewinnt beim VfL Bochum und bleibt auf fremden Pl\u00e4tzen eine Macht: Auch im dritten Ausw\u00e4rtsspiel punktete die FC-Reserve in der jungen Regionalliga-Saison und feierte mit dem deutlichen 4:0 (2:0) bei der U21 des VfL Bochum den zweiten Ausw\u00e4rtssieg in Folge.<\/p>\n<p id=\"h-\">Ein erfolgreicher Tag f\u00fcr die Reserve des 1. FC K\u00f6ln. Beim Sieg gegen den VfL Bochum II ebnete Neuzugang Gil Neves mit seinem Distanz-Kracher den Weg zum Dreier.<\/p>\n<p><a href=\"https:\/\/www.europesays.com\/de\/wp-content\/uploads\/2026\/09\/Nilas-Yacobi-von-der-U21-des-1.-FC-Koeln.webp\"><img loading=\"lazy\" decoding=\"async\" width=\"1600\" height=\"1200\" data-id=\"84014\" src=\"https:\/\/www.europesays.com\/de\/wp-content\/uploads\/2026\/09\/Nilas-Yacobi-von-der-U21-des-1.-FC-Koeln.webp\" alt=\"Nilas Yacobi von der U21 des 1. FC K\u00f6ln\" class=\"wp-image-84014\"  \/><\/a>Nilas Yacobi von der U21 des 1. FC K\u00f6ln<\/p>\n<p><img decoding=\"async\" style=\"width: 15px;\" src=\"https:\/\/www.europesays.com\/de\/wp-content\/uploads\/2025\/04\/whatsapp-logo.webp.webp\" alt=\"\"\/>\u00a0Ihr wollt immer aktuell informiert sein? Folgt dem <a href=\"https:\/\/whatsapp.com\/channel\/0029VaCxFqM8vd1GzNMmCM2w\" rel=\"nofollow noopener\" target=\"_blank\">WhatsApp-Kanal von come-on-fc.com<\/a> und bleibt immer informiert mit <a href=\"https:\/\/come-on-fc.com\/\" rel=\"nofollow noopener\" target=\"_blank\">come-on-fc.com.<\/a><\/p>\n<p> <img loading=\"lazy\" decoding=\"async\" src=\"https:\/\/www.europesays.com\/de\/wp-content\/uploads\/2026\/09\/53241223ef8c485ab386cec0793fce21.gif\" width=\"1\" height=\"1\" alt=\"\"\/>Teil\u2019 diesen Beitrag mit deinen Freunden:<\/p>\n<p>K\u00f6lns Trainer Manuel Hartmann \u00e4nderte seine Startelf im Vergleich zum Last-Minute-2:2 zuhause gegen Lotte auf vier Positionen: Mikolaj Marutzki kehrte f\u00fcr Martin James zwischen die Pfosten zur\u00fcck. Zudem rutschten Ilias Elyazidi, Jonas Arweiler und Jonathan Friemel, der erstmals in dieser Saison bei der U21 dabei war, in die erste Elf. Daf\u00fcr sa\u00dfen Malek El Mala und Kristiyan Irmiev, Maik Akumu fehlte komplett im Kader. Die K\u00f6lner standen in Herne, wo die Partie ausgetragen wurde, zun\u00e4chst tief und hatten in der Anfangsphase gro\u00dfes Gl\u00fcck: Marutzki spielte einen leichtsinnigen Querpass im eigenen Sechzehner genau in die F\u00fc\u00dfe des Gegners, doch der Kapit\u00e4n Niklas Hoffmann konnte in letzter Sekunde zur Ecke kl\u00e4ren (8.).<\/p>\n<p>Gil Neves bereitet den Weg zum Dreier<\/p>\n<p>Wenig sp\u00e4ter hatte Gil Neves jedoch seinen gro\u00dfen Auftritt: Der Portugiese leitete den Angriff mit einem weiten Ball aus dem Mittelfeld auf den rechten Fl\u00fcgel zu David F\u00fcrst selbst ein. Der Rechtsverteidiger wiederum legte zur\u00fcck ins Zentrum zum nachr\u00fcckenden Neves, der aus \u00fcber 20 Metern unhaltbar links neben den Pfosten ins lange Eck zum K\u00f6lner 1:0 traf (17.). Die Hartmann-Elf blieb auf dem Gaspedal. Jonathan Friemel eroberte an der Mittellinie den Ball. Marvin Ajani legte rechts raus zu Luiz Labenz, der wiederum per Direktabnahme zu Jonas Arweiler in den Sechzehner passte. Der 29-J\u00e4hrige schoss den Ball aus spitzem Winkel flach vorbei an Bochums Torwart Benjamin Bu\u00dfmann ins lange Eck zum 2:0 (25.). Es war Arweilers erster Treffer im FC-Trikot.<\/p>\n<p>Labenz h\u00e4tte sogar den dritten Treffer f\u00fcr die Gei\u00dfb\u00f6cke erzielen m\u00fcssen, blieb nach einem gro\u00dfartigen Zuspiel von Yacobi aus dem Mittelkreis \u00fcber die Abwehrkette in den Lauf des St\u00fcrmers jedoch freistehend an Bu\u00dfmann h\u00e4ngen (36.). Die Bochumer Reserve kam, unterst\u00fctzt von einem Dreifachwechsel nach der Pause, in der zweiten H\u00e4lfte besser ins Spiel. Richtig gef\u00e4hrlich wurde es vor dem K\u00f6lner Tor allerdings nicht. Stattdessen sorgte die U21 f\u00fcr die Entscheidung. Labenz wurde im Sechzehner von Nicolas Abdat umgegr\u00e4tscht. Yacobi verwandelte den f\u00e4lligen Foulelfmeter sicher, verlud Bu\u00dfmann und traf oben rechts neben dem Pfosten zum 3:0 (66.).<\/p>\n<p>N\u00e4chster Gegner: Bonner SC<\/p>\n<p>Und die Young Goats h\u00e4tten den Sieg in der Schlussphase sogar noch deutlicher gestalten k\u00f6nnen, lie\u00dfen aber weitere gute Chancen ungenutzt verstreichen. Erst in der Nachspielzeit vollendete Kian Hekmat einen Konter nach Querpass von David Okpodu zum 0:4-Endstand (90.+2). F\u00fcr die U21, die durch den Dreier zumindest bis zu den Abendspielen auf den zweiten Platz der Tabelle hinter Spitzenreiter G\u00fctersloh sprang, geht es schon am Freitagabend (19:30 Uhr) mit dem n\u00e4chsten Ausw\u00e4rtsspiel beim Bonner SC weiter.<\/p>\n<p><strong>1. FC K\u00f6ln U21: <\/strong>Marutzki \u2013 F\u00fcrst, Stapelmann, Hoffmann, Friemel (75. Harchaoui) \u2013 Labenz (69. Voufack), Elyazidi, Neves (75. Irmiev), Ajani (60. Hekmat) \u2013 Arweiler (60. Okpodu), Yacobi. <strong>Tore<\/strong>: 0:1 Neves (17.), 0:2 Arweiler (25.), 0:3 Yacobi (66.), 0:4 Hekmat (90.+2).<\/p>\n","protected":false},"excerpt":{"rendered":"Die U21 des 1. FC K\u00f6ln gewinnt beim VfL Bochum und bleibt auf fremden Pl\u00e4tzen eine Macht: Auch&hellip;\n","protected":false},"author":2,"featured_media":1274068,"comment_status":"","ping_status":"","sticky":false,"template":"","format":"standard","meta":{"footnotes":"","_share_on_mastodon":"0"},"categories":[1828],"tags":[11214,623,30908,30909,86588,29,7579,30,1420,263050,1209,263051],"class_list":["post-1274067","post","type-post","status-publish","format-standard","has-post-thumbnail","category-koeln","tag-11214","tag-1-fc-koeln","tag-1-fc-koeln-nachrichten","tag-1-fc-koeln-news","tag-1-fc-koeln-u21","tag-deutschland","tag-fc","tag-germany","tag-koeln","tag-koeln-gegen-bochum","tag-nordrhein-westfalen","tag-u21-koeln-bochum"],"share_on_mastodon":{"url":"https:\/\/pubeurope.com\/@de\/117196746495241001","error":""},"_links":{"self":[{"href":"https:\/\/www.europesays.com\/de\/wp-json\/wp\/v2\/posts\/1274067","targetHints":{"allow":["GET"]}}],"collection":[{"href":"https:\/\/www.europesays.com\/de\/wp-json\/wp\/v2\/posts"}],"about":[{"href":"https:\/\/www.europesays.com\/de\/wp-json\/wp\/v2\/types\/post"}],"author":[{"embeddable":true,"href":"https:\/\/www.europesays.com\/de\/wp-json\/wp\/v2\/users\/2"}],"replies":[{"embeddable":true,"href":"https:\/\/www.europesays.com\/de\/wp-json\/wp\/v2\/comments?post=1274067"}],"version-history":[{"count":0,"href":"https:\/\/www.europesays.com\/de\/wp-json\/wp\/v2\/posts\/1274067\/revisions"}],"wp:featuredmedia":[{"embeddable":true,"href":"https:\/\/www.europesays.com\/de\/wp-json\/wp\/v2\/media\/1274068"}],"wp:attachment":[{"href":"https:\/\/www.europesays.com\/de\/wp-json\/wp\/v2\/media?parent=1274067"}],"wp:term":[{"taxonomy":"category","embeddable":true,"href":"https:\/\/www.europesays.com\/de\/wp-json\/wp\/v2\/categories?post=1274067"},{"taxonomy":"post_tag","embeddable":true,"href":"https:\/\/www.europesays.com\/de\/wp-json\/wp\/v2\/tags?post=1274067"}],"curies":[{"name":"wp","href":"https:\/\/api.w.org\/{rel}","templated":true}]}}