{"id":1274071,"date":"2026-09-01T16:33:19","date_gmt":"2026-09-01T16:33:19","guid":{"rendered":"https:\/\/www.europesays.com\/de\/1274071\/"},"modified":"2026-09-01T16:33:19","modified_gmt":"2026-09-01T16:33:19","slug":"neues-parkhaus-p8-am-flughafen-muenchen-eroeffnet","status":"publish","type":"post","link":"https:\/\/www.europesays.com\/de\/1274071\/","title":{"rendered":"Neues Parkhaus P8 am Flughafen M\u00fcnchen er\u00f6ffnet"},"content":{"rendered":"<p class=\"mb-6 text-xs-varying md:text-m lg:text-l font-serif group-[.font-sans]:font-sans \">\n    Gute Nachrichten f\u00fcr Reisende, <a href=\"https:\/\/www.augsburger-allgemeine.de\/bayern\/wo-kann-man-am-flughafen-muenchen-kostenlos-parken-1-110262462\" target=\"_self\" class=\"underline \" rel=\"nofollow noopener\">die mit dem Auto an den Flughafen M\u00fcnchen kommen<\/a>: Seit Dienstag, 1. September, stehen ihnen 3700 neue Stellpl\u00e4tze zur Verf\u00fcgung. Das neue Parkhaus P8 wurde jetzt er\u00f6ffnet und wer einen Stellplatz online bucht, kann sich jetzt noch einen Rabatt von 25 Prozent sichern.\n  <\/p>\n<p class=\"mb-6 text-xs-varying md:text-m lg:text-l font-serif group-[.font-sans]:font-sans \">\n    Das neu er\u00f6ffnete Parkhaus P8 liegt zwischen Terminal 1 und Terminal 2, teilt der Airport <a href=\"https:\/\/www.augsburger-allgemeine.de\/orte\/aa-muenchen\" target=\"_self\" class=\"underline \" rel=\"nofollow noopener\">M\u00fcnchen<\/a> auf seiner Website mit. Beide Terminals seien vom P8 aus in wenigen Minuten zu Fu\u00df zu erreichen. Es ersetze ein bestehendes Parkhaus, das es seit der Flughafener\u00f6ffnung im Jahr 1992 gab. 2023 wurde das alte Geb\u00e4ude abgerissen und im Mai 2024 startete der Neubau des P8.\n  <\/p>\n<p>            Mit Kennzeichen-Erfassung und Photovoltaik: Das neue Parkhaus P8 am Flughafen<\/p>\n<p class=\"mb-6 text-xs-varying md:text-m lg:text-l font-serif group-[.font-sans]:font-sans \">\n    Parkpl\u00e4tze im neuen Parkhaus k\u00f6nnen online auf\u00a0<a href=\"https:\/\/parken.munich-airport.de\/book\/MUC\/Parking?parkingCmd=collectParkingDetails\" rel=\"nofollow noopener\" target=\"_blank\" class=\"underline \">parken.munich-airport.de<\/a> gebucht werden. Bei Angabe des Fahrzeugkennzeichens erkenne die Kennzeichen-Erfassung das Fahrzeug automatisch und erm\u00f6gliche eine ber\u00fchrungslose Ein- und Ausfahrt, hei\u00dft es auf der Website des Flughafens.\n  <\/p>\n<p class=\"mb-6 text-xs-varying md:text-m lg:text-l font-serif group-[.font-sans]:font-sans \">\n    Bei dem Bau des neuen Parkhauses wurde auch ein Augenmerk auf Nachhaltigkeit gelegt. Laut dem <a href=\"https:\/\/www.augsburger-allgemeine.de\/organisationen\/aa-flughafen-muenchen\" target=\"_self\" class=\"underline \" rel=\"nofollow noopener\">M\u00fcnchner Flughafen<\/a> wurde auf dem Dach eine Photovoltaikanlage mit einer Leistung von 1378 Kilowattpeak installiert. Diese Anlage wurde mit der Ladeinfrastruktur f\u00fcr Elektrofahrzeuge kombiniert. Im ersten Schritt entst\u00fcnden bis zu 50 neue Ladepunkte f\u00fcr E-Fahrzeuge. Zus\u00e4tzlich k\u00f6nne das Dach Niederschlagswasser aufnehmen und \u00fcber Verdunstung wieder an die Atmosph\u00e4re abgeben.\n  <\/p>\n<p>            25 Prozent Rabatt bei Online-Buchung bis zum Ende des Jahres 2026<\/p>\n<p class=\"mb-6 text-xs-varying md:text-m lg:text-l font-serif group-[.font-sans]:font-sans \">\n    Von der Er\u00f6ffnung des neuen Parkhauses P8 profitieren Reisende nicht nur wegen der zus\u00e4tzlichen Stellpl\u00e4tze. Der Start wird vom Flughafen M\u00fcnchen zus\u00e4tzlich noch mit einer besonderen Rabattaktion gefeiert. Reisende, die ihren Parkplatz, sowohl im P8 als auch auf vielen weiteren Parkfl\u00e4chen am Flughafen M\u00fcnchen online buchen, bekommen bis zu dem Einfahrtdatum 31. Dezember 2026, also bis Ende dieses Jahres, einen Rabatt von 25 Prozent.\n  <\/p>\n<p>      <a href=\"https:\/\/www.augsburger-allgemeine.de\/bayern\/stopover-programm-von-lufthansa-und-flughafen-muenchen-wird-groesser-1-115059675\" class=\"hidden  &#010;                md:block md:mr-5 md:min-w-[140px]  aspect-photo md:aspect-tv lg:aspect-tv w-fullXXX relative self-start inline overflow-hidden\" rel=\"nofollow noopener\" target=\"_blank\"><\/p>\n<p>    <img decoding=\"async\" src=\"\" alt=\"Zahlreiche Reisende kommen mit der Lufthansa an den Flughafen M\u00fcnchen \u2013 f\u00fcr einige von ihnen wird das sogenannte Stopover-Programm angeboten.\" title=\"Zahlreiche Reisende kommen mit der Lufthansa an den Flughafen M\u00fcnchen \u2013 f\u00fcr einige von ihnen wird das sogenannte Stopover-Programm angeboten.\" loading=\"lazy\" class=\"h-full w-full object-cover\"\/><br \/>\n   <\/a><\/p>\n<p class=\"mb-6 text-xs-varying md:text-m lg:text-l font-serif group-[.font-sans]:font-sans \">\n    Der Flughafen M\u00fcnchen wei\u00dft daraufhin, dass Parkplatzbuchungen nicht weniger als eine Stunde im Voraus entgegengenommen werden k\u00f6nnen.\n  <\/p>\n","protected":false},"excerpt":{"rendered":"Gute Nachrichten f\u00fcr Reisende, die mit dem Auto an den Flughafen M\u00fcnchen kommen: Seit Dienstag, 1. September, stehen&hellip;\n","protected":false},"author":2,"featured_media":1274072,"comment_status":"","ping_status":"","sticky":false,"template":"","format":"standard","meta":{"footnotes":"","_share_on_mastodon":"0"},"categories":[1827],"tags":[513,772,29,514,2109,10647,30,1268,22165,90961],"class_list":["post-1274071","post","type-post","status-publish","format-standard","has-post-thumbnail","category-muenchen","tag-auto","tag-bayern","tag-deutschland","tag-fahrzeug","tag-flughafen","tag-flughafen-muenchen","tag-germany","tag-muenchen","tag-parkhaus","tag-stellplatz"],"share_on_mastodon":{"url":"https:\/\/pubeurope.com\/@de\/117196751005519091","error":""},"_links":{"self":[{"href":"https:\/\/www.europesays.com\/de\/wp-json\/wp\/v2\/posts\/1274071","targetHints":{"allow":["GET"]}}],"collection":[{"href":"https:\/\/www.europesays.com\/de\/wp-json\/wp\/v2\/posts"}],"about":[{"href":"https:\/\/www.europesays.com\/de\/wp-json\/wp\/v2\/types\/post"}],"author":[{"embeddable":true,"href":"https:\/\/www.europesays.com\/de\/wp-json\/wp\/v2\/users\/2"}],"replies":[{"embeddable":true,"href":"https:\/\/www.europesays.com\/de\/wp-json\/wp\/v2\/comments?post=1274071"}],"version-history":[{"count":0,"href":"https:\/\/www.europesays.com\/de\/wp-json\/wp\/v2\/posts\/1274071\/revisions"}],"wp:featuredmedia":[{"embeddable":true,"href":"https:\/\/www.europesays.com\/de\/wp-json\/wp\/v2\/media\/1274072"}],"wp:attachment":[{"href":"https:\/\/www.europesays.com\/de\/wp-json\/wp\/v2\/media?parent=1274071"}],"wp:term":[{"taxonomy":"category","embeddable":true,"href":"https:\/\/www.europesays.com\/de\/wp-json\/wp\/v2\/categories?post=1274071"},{"taxonomy":"post_tag","embeddable":true,"href":"https:\/\/www.europesays.com\/de\/wp-json\/wp\/v2\/tags?post=1274071"}],"curies":[{"name":"wp","href":"https:\/\/api.w.org\/{rel}","templated":true}]}}