{"id":1274088,"date":"2026-09-01T16:43:20","date_gmt":"2026-09-01T16:43:20","guid":{"rendered":"https:\/\/www.europesays.com\/de\/1274088\/"},"modified":"2026-09-01T16:43:20","modified_gmt":"2026-09-01T16:43:20","slug":"die-bruecke-machte-sie-beruehmt-schauspielerin-cordula-trantow-gestorben","status":"publish","type":"post","link":"https:\/\/www.europesays.com\/de\/1274088\/","title":{"rendered":"&#8222;Die Br\u00fccke&#8220; machte sie ber\u00fchmt: Schauspielerin Cordula Trantow gestorben"},"content":{"rendered":"<p>&#8222;Die Br\u00fccke&#8220; machte sie ber\u00fchmtSchauspielerin Cordula Trantow gestorben<\/p>\n<p>01.09.2026, 16:51 Uhr <\/p>\n<p>Artikel anh\u00f6ren(02:23 min)<\/p>\n<p><img decoding=\"async\" class=\"Image_img__fQCi0 Image_Img_16_9__4BLfH widget-picture-inline_maximizable__t_E7h\" loading=\"eager\" fetchpriority=\"high\" src=\"https:\/\/www.europesays.com\/de\/wp-content\/uploads\/2026\/09\/93082227.webp\" alt=\"93082227\"\/>Cordula Trantow starb bereits am 12. August. (Foto: picture alliance \/ Ursula D\u00fcren\/dpa)<\/p>\n<p class=\"Typography_text-m__XI0da Typography_weight-bold__uT6mq storyline_lead_text_leadtext__q_wg8\">Der Antikriegsfilm &#8222;Die Br\u00fccke&#8220; beschert Cordula Trantow einst den Durchbruch, ehe sie auch in Hollywood-Streifen zu sehen ist. Manche beschreiben die Schauspielerin als den &#8222;Schwarm ihrer Jugend&#8220;. Nun ist Trantow mit 83 Jahren gestorben.<\/p>\n<p class=\"Typography_text-default__P3otY Typography_weight-normal__pqUbH storyline_paragraph_p__qSR5N\">Schauspielerin Cordula Trantow ist tot. Sie sei nach kurzer, schwerer Krankheit im Alter von 83 Jahren im Kreise ihrer Familie gestorben, teilte ihre Agentur mit. Trantow wurde w\u00e4hrend des Zweiten Weltkriegs in Berlin geboren und lebte lange in Bayern.<\/p>\n<p class=\"Typography_text-default__P3otY Typography_weight-normal__pqUbH storyline_paragraph_p__qSR5N\">Ihren Durchbruch feierte sie Ende der 1950er-Jahre mit dem Antikriegsfilm &#8222;Die Br\u00fccke&#8220;. Es folgten Angebote aus Hollywood. 1962 schl\u00fcpfte sie in der US-Produktion &#8222;Hitler&#8220; in die Rolle von Adolf Hitlers Nichte und wurde f\u00fcr den Golden Globe nominiert.<\/p>\n<p class=\"Typography_text-default__P3otY Typography_weight-normal__pqUbH storyline_paragraph_p__qSR5N\">Doch schon fr\u00fch kehrte der Nachwuchsstar der Traumfabrik Hollywood den R\u00fccken. &#8222;Das bedeutete mir \u00fcberhaupt nichts&#8220;, sagte Trantow in einem Interview vor einigen Jahren. Der innere Kompass habe sie in eine andere Richtung gef\u00fchrt.<\/p>\n<p>Faible f\u00fcr das Komische<\/p>\n<p class=\"Typography_text-default__P3otY Typography_weight-normal__pqUbH storyline_paragraph_p__qSR5N\">Die gelernte Ballettt\u00e4nzerin machte Station an renommierten Theatern, etwa in M\u00fcnchen und Stuttgart. Sie arbeitete auch als Regisseurin und gr\u00fcndete den Weilheimer Theatersommer, der mit einer umstrittenen &#8222;Faust&#8220;-Inszenierung Schlagzeilen machte. Au\u00dferdem war sie in zahlreichen Krimiserien wie &#8222;Derrick&#8220; und &#8222;Der Alte&#8220; zu sehen.<\/p>\n<p><img decoding=\"async\" class=\"Image_img__fQCi0 Image_Img_16_9__4BLfH widget-picture-inline_maximizable__t_E7h\" loading=\"lazy\" src=\"https:\/\/www.n-tv.de\/logo_grey.svg\" alt=\"54721984\"\/>Im Film &#8222;Die Br\u00fccke&#8220; war sie 1959 an der Seite von Volker Lechtenbrink zu sehen. (Foto: picture alliance \/ Sammlung Richter)<\/p>\n<p class=\"Typography_text-default__P3otY Typography_weight-normal__pqUbH storyline_paragraph_p__qSR5N\">Der Film &#8222;Die Br\u00fccke&#8220; habe ihr damals alle T\u00fcren ge\u00f6ffnet und sei ein Geschenk gewesen, sagte sie einmal. &#8222;Ich treffe immer noch Menschen und besonders M\u00e4nner, die behaupten, ich sei der Schwarm ihrer Jugend gewesen &#8211; unter anderem Ex-Bundeskanzler Gerhard Schr\u00f6der.&#8220;<\/p>\n<p class=\"Typography_text-default__P3otY Typography_weight-normal__pqUbH storyline_paragraph_p__qSR5N\">Neben ihrem gro\u00dfen Engagement f\u00fcr das klassische Theater habe Trantow ein unverkennbares Faible f\u00fcr das Komische gehabt und gerne entsprechende Rollen \u00fcbernommen, hie\u00df es in einer Mitteilung der Agentur Nicolai in Berlin. Die Schauspielerin starb demnach bereits am 12. August. <\/p>\n<p class=\"Typography_text-s__wu_cm Typography_weight-normal__pqUbH Typography_color-darkgrey__sZEnP article-detail-footer_source__KslPc\">Quelle: ntv.de, vpr\/dpa<\/p>\n","protected":false},"excerpt":{"rendered":"&#8222;Die Br\u00fccke&#8220; machte sie ber\u00fchmtSchauspielerin Cordula Trantow gestorben 01.09.2026, 16:51 Uhr Artikel anh\u00f6ren(02:23 min) Cordula Trantow starb bereits&hellip;\n","protected":false},"author":2,"featured_media":1274089,"comment_status":"","ping_status":"","sticky":false,"template":"","format":"standard","meta":{"footnotes":"","_share_on_mastodon":"0"},"categories":[1776],"tags":[1801,29,214,92,30,1802,1719,684,215],"class_list":["post-1274088","post","type-post","status-publish","format-standard","has-post-thumbnail","category-prominente","tag-celebrities","tag-deutschland","tag-entertainment","tag-film","tag-germany","tag-prominente","tag-todesfaelle","tag-tv","tag-unterhaltung"],"share_on_mastodon":{"url":"https:\/\/pubeurope.com\/@de\/117196792541590866","error":""},"_links":{"self":[{"href":"https:\/\/www.europesays.com\/de\/wp-json\/wp\/v2\/posts\/1274088","targetHints":{"allow":["GET"]}}],"collection":[{"href":"https:\/\/www.europesays.com\/de\/wp-json\/wp\/v2\/posts"}],"about":[{"href":"https:\/\/www.europesays.com\/de\/wp-json\/wp\/v2\/types\/post"}],"author":[{"embeddable":true,"href":"https:\/\/www.europesays.com\/de\/wp-json\/wp\/v2\/users\/2"}],"replies":[{"embeddable":true,"href":"https:\/\/www.europesays.com\/de\/wp-json\/wp\/v2\/comments?post=1274088"}],"version-history":[{"count":0,"href":"https:\/\/www.europesays.com\/de\/wp-json\/wp\/v2\/posts\/1274088\/revisions"}],"wp:featuredmedia":[{"embeddable":true,"href":"https:\/\/www.europesays.com\/de\/wp-json\/wp\/v2\/media\/1274089"}],"wp:attachment":[{"href":"https:\/\/www.europesays.com\/de\/wp-json\/wp\/v2\/media?parent=1274088"}],"wp:term":[{"taxonomy":"category","embeddable":true,"href":"https:\/\/www.europesays.com\/de\/wp-json\/wp\/v2\/categories?post=1274088"},{"taxonomy":"post_tag","embeddable":true,"href":"https:\/\/www.europesays.com\/de\/wp-json\/wp\/v2\/tags?post=1274088"}],"curies":[{"name":"wp","href":"https:\/\/api.w.org\/{rel}","templated":true}]}}