{"id":1274092,"date":"2026-09-01T16:46:25","date_gmt":"2026-09-01T16:46:25","guid":{"rendered":"https:\/\/www.europesays.com\/de\/1274092\/"},"modified":"2026-09-01T16:46:25","modified_gmt":"2026-09-01T16:46:25","slug":"lanz-heute-gaeste-am-dienstag-1-september-2026","status":"publish","type":"post","link":"https:\/\/www.europesays.com\/de\/1274092\/","title":{"rendered":"&#8222;Lanz&#8220; heute: G\u00e4ste am Dienstag, 1. September 2026"},"content":{"rendered":"<p>Talkshow im ZDF <\/p>\n<p>&#8222;Markus Lanz&#8220; heute: Das sind die G\u00e4ste am Dienstag<\/p>\n<p>01.09.2026 &#8211; 17:23 UhrLesedauer: 2 Min.<\/p>\n<p><a href=\"#focus-0\" class=\"transition-colors block text-current relative\" data-sctrack=\"FocusGalleryImage.Reference\"><img fetchpriority=\"high\" data-testid=\"Opener.Image\"   loading=\"eager\" src=\"https:\/\/www.europesays.com\/de\/wp-content\/uploads\/2026\/08\/moderator-markus-lanz-empfaengt-spannende-gaeste.jpg\" alt=\"Markus Lanz: Seit 2008 moderiert er seine eigene Talkshow im Zweiten.\" title=\"Markus Lanz: Seit 2008 moderiert er seine eigene Talkshow im Zweiten.\" width=\"4000\" height=\"2250\" class=\"bg-[url:var(--lqipURL)] bg-cover bg-center flex h-full w-full max-w-full\" style=\"--lqipURL:url('https:\/\/images.t-online.de\/2025\/02\/CPsY29ONBgcy\/0x0:4000x2250\/fit-in\/150x0\/filters:blur(25)\/moderator-markus-lanz-empfaengt-spannende-gaeste.jpg')\" decoding=\"async\"\/><img loading=\"lazy\" src=\"https:\/\/www.t-online.de\/s\/paper\/_next\/static\/media\/zoom-in.f7dae02f.svg\" alt=\"Vergr\u00f6\u00dfern des Bildes\" title=\"Vergr\u00f6\u00dfern des Bildes\" class=\"block h-[calc(var(--height)_\/_16_*_1rem)] w-[calc(var(--width)_\/_16_*_1rem)] max-w-none absolute right-8 bottom-8 rounded-4 bg-snow p-8\" style=\"--width:32;--height:32\" decoding=\"async\"\/><\/a><\/p>\n<p>Markus Lanz: Seit 2008 moderiert er seine eigene Talkshow im Zweiten. (Quelle: ZDF\/Markus Hertrich)<\/p>\n<p class=\"font-bold text-18 leading-17 user-text-lg:text-22 user-text-xl:text-24\">Von Dienstag bis Donnerstag spricht Markus Lanz in seiner Sendung \u00fcber aktuelle Themen. Hier eine \u00dcbersicht der heutigen Sendung.<\/p>\n<p class=\"text-18 leading-17 user-text-lg:text-22 user-text-xl:text-24\">Wortstarke Diskussionen, politische Debatten, pers\u00f6nliche Schicksale: Bei &#8222;Markus Lanz&#8220; wird besprochen, was die Gesellschaft bewegt und gegens\u00e4tzliche Meinungen erzeugt. In der heutigen Sendung, die <strong class=\"font-bold\">am Dienstag, 1. September 2026, um 22.45 Uhr<\/strong> l\u00e4uft, wird \u00fcber die anstehende Wahl in Sachsen-Anhalt und den Stand der <a href=\"https:\/\/www.t-online.de\/themen\/digitalisierung\/\" class=\"transition-colors cursor-pointer no-underline md:hover:text-magenta md:focus:text-magenta border-b border-solid border-current text-salemsfur md:hover:border-magenta\" data-tracking=\"{&quot;action&quot;:&quot;click&quot;,&quot;category&quot;:&quot;intextLink&quot;,&quot;label&quot;:&quot;\/themen\/digitalisierung\/&quot;}\" data-sctrack=\"BodyAnchor\" rel=\"nofollow noopener\" target=\"_blank\">Digitalisierung<\/a> in Deutschland gesprochen.<\/p>\n<p>Die G\u00e4ste der heutigen Sendung<\/p>\n<p class=\"text-18 leading-17 user-text-lg:text-22 user-text-xl:text-24\">Moderator <a href=\"https:\/\/www.t-online.de\/themen\/markus-lanz\/\" class=\"transition-colors cursor-pointer no-underline md:hover:text-magenta md:focus:text-magenta border-b border-solid border-current text-salemsfur md:hover:border-magenta\" data-tracking=\"{&quot;action&quot;:&quot;click&quot;,&quot;category&quot;:&quot;intextLink&quot;,&quot;label&quot;:&quot;\/themen\/markus-lanz\/&quot;}\" data-sctrack=\"BodyAnchor\" rel=\"nofollow noopener\" target=\"_blank\">Markus Lanz<\/a> hat f\u00fcr die Sendung unterschiedliche Gespr\u00e4chspartner geladen. In der Runde nehmen Platz:<\/p>\n<ul class=\"text-18 leading-17 block pl-24 *:pb-16 *:before:inline-block *:before:size-8 *:before:bg-magenta *:before:mt-0 *:before:mr-12 *:before:mb-2 *:before:-ml-[20px]\">\n<li>CDU-Politiker <strong class=\"font-bold\">Karsten Wildberger<\/strong><\/li>\n<li>Journalistin <strong class=\"font-bold\">Christiane Jacke<\/strong><\/li>\n<li>Journalist <strong class=\"font-bold\">Frederik Schindler<\/strong><\/li>\n<li>Autor<strong class=\"font-bold\"> Sascha Lobo<\/strong><\/li>\n<\/ul>\n<p class=\"text-18 leading-17 user-text-lg:text-22 user-text-xl:text-24\">Laut der Senderseite diskutiert Markus Lanz mit Karsten Wildberger \u00fcber dessen Entb\u00fcrokratisierungsvorhaben. Zudem \u00e4u\u00dfert sich der Politiker zum Zustand der Regierungskoalition. Christiane Jacke analysiert den Wahlkampfcountdown in Sachsen-Anhalt und blickt auf die Digitalpolitik sowie auf Kanzler Merz. Sascha Lobo spricht \u00fcber die Herausforderungen der KI-Wende und \u00fcber die weitreichenden Umw\u00e4lzungen des Arbeitsmarktes. Frederik Schindler analysiert die Strategien der AfD-Spitzenpolitiker in Sachsen-Anhalt.<\/p>\n<p>Die Sendetermine von &#8222;Markus Lanz&#8220;<\/p>\n<p class=\"text-18 leading-17 user-text-lg:text-22 user-text-xl:text-24\">Die <a href=\"https:\/\/www.t-online.de\/themen\/talkshow\/\" class=\"transition-colors cursor-pointer no-underline md:hover:text-magenta md:focus:text-magenta border-b border-solid border-current text-salemsfur md:hover:border-magenta\" data-tracking=\"{&quot;action&quot;:&quot;click&quot;,&quot;category&quot;:&quot;intextLink&quot;,&quot;label&quot;:&quot;\/themen\/talkshow\/&quot;}\" data-sctrack=\"BodyAnchor\" rel=\"nofollow noopener\" target=\"_blank\">Talkshow<\/a> wird immer von Dienstag bis Donnerstag im sp\u00e4tabendlichen TV-Programm gesendet. Die Termine der n\u00e4chsten Sendungen lauten:<\/p>\n<ul class=\"text-18 leading-17 block pl-24 *:pb-16 *:before:inline-block *:before:size-8 *:before:bg-magenta *:before:mt-0 *:before:mr-12 *:before:mb-2 *:before:-ml-[20px]\">\n<li><strong class=\"font-bold\">Dienstag, 1. September 2026, um 22.45 Uhr<\/strong><\/li>\n<li>Mittwoch, 2. September 2026, um 23.15 Uhr<\/li>\n<li>Donnerstag, 3. September 2026, um 23.15 Uhr<\/li>\n<\/ul>\n<p><img loading=\"lazy\" src=\"https:\/\/www.t-online.de\/s\/paper\/_next\/static\/media\/video-carousel-play.6f25714b.svg\" alt=\"\" title=\"\" class=\"block h-[calc(var(--height)_\/_16_*_1rem)] w-[calc(var(--width)_\/_16_*_1rem)] max-w-none undefined\" style=\"--height:12\" decoding=\"async\"\/><\/p>\n<p class=\"text-18 leading-17 user-text-lg:text-22 user-text-xl:text-24\">Aktuelle Ausgabe im <a href=\"https:\/\/www.t-online.de\/themen\/zdf\/\" class=\"transition-colors cursor-pointer no-underline md:hover:text-magenta md:focus:text-magenta border-b border-solid border-current text-salemsfur md:hover:border-magenta\" data-tracking=\"{&quot;action&quot;:&quot;click&quot;,&quot;category&quot;:&quot;intextLink&quot;,&quot;label&quot;:&quot;\/themen\/zdf\/&quot;}\" data-sctrack=\"BodyAnchor\" rel=\"nofollow noopener\" target=\"_blank\">ZDF<\/a> verpasst? \u00dcber die Mediathek lassen sich die Sendungen und die vergangenen Aufzeichnungen abrufen. In der Regel stehen die Folgen kurz nach der Erstausstrahlung zum Streaming bereit.<\/p>\n<p class=\"text-18 leading-17 user-text-lg:text-22 user-text-xl:text-24\">Markus Lanz moderiert die nach ihm benannte Talkshow seit dem 23. April 2008, spricht dort \u00fcber gesellschaftliche Themen. 2021 wurde &#8222;Markus Lanz&#8220; mit dem <a href=\"https:\/\/www.t-online.de\/themen\/deutscher-fernsehpreis\/\" class=\"transition-colors cursor-pointer no-underline md:hover:text-magenta md:focus:text-magenta border-b border-solid border-current text-salemsfur md:hover:border-magenta\" data-tracking=\"{&quot;action&quot;:&quot;click&quot;,&quot;category&quot;:&quot;intextLink&quot;,&quot;label&quot;:&quot;\/themen\/deutscher-fernsehpreis\/&quot;}\" data-sctrack=\"BodyAnchor\" rel=\"nofollow noopener\" target=\"_blank\">Deutschen Fernsehpreis<\/a> in der Kategorie &#8222;Beste Information&#8220; ausgezeichnet. Die TV-Sendung hat sich mit ihrem Gespr\u00e4chsmix zu einer der erfolgreichsten ihrer Art entwickelt: Mehr als eine Million Menschen schalten regelm\u00e4\u00dfig im ZDF ein und folgen der Talkshow.<\/p>\n","protected":false},"excerpt":{"rendered":"Talkshow im ZDF &#8222;Markus Lanz&#8220; heute: Das sind die G\u00e4ste am Dienstag 01.09.2026 &#8211; 17:23 UhrLesedauer: 2 Min.&hellip;\n","protected":false},"author":2,"featured_media":1264400,"comment_status":"","ping_status":"","sticky":false,"template":"","format":"standard","meta":{"footnotes":"","_share_on_mastodon":"0"},"categories":[1773],"tags":[2971,31,263052,29,1081,214,190955,30,2496,860,112496,2876,471,1780,3638,215,1448],"class_list":["post-1274092","post","type-post","status-publish","format-standard","has-post-thumbnail","category-serien","tag-2971","tag-cdu","tag-christiane-jacke","tag-deutschland","tag-digitalisierung","tag-entertainment","tag-frederik-schindler","tag-germany","tag-markus-lanz","tag-sachsen-anhalt","tag-sascha-lobo","tag-sendung","tag-serien","tag-series","tag-talkshow","tag-unterhaltung","tag-zdf"],"share_on_mastodon":{"url":"https:\/\/pubeurope.com\/@de\/117196805586813086","error":""},"_links":{"self":[{"href":"https:\/\/www.europesays.com\/de\/wp-json\/wp\/v2\/posts\/1274092","targetHints":{"allow":["GET"]}}],"collection":[{"href":"https:\/\/www.europesays.com\/de\/wp-json\/wp\/v2\/posts"}],"about":[{"href":"https:\/\/www.europesays.com\/de\/wp-json\/wp\/v2\/types\/post"}],"author":[{"embeddable":true,"href":"https:\/\/www.europesays.com\/de\/wp-json\/wp\/v2\/users\/2"}],"replies":[{"embeddable":true,"href":"https:\/\/www.europesays.com\/de\/wp-json\/wp\/v2\/comments?post=1274092"}],"version-history":[{"count":0,"href":"https:\/\/www.europesays.com\/de\/wp-json\/wp\/v2\/posts\/1274092\/revisions"}],"wp:featuredmedia":[{"embeddable":true,"href":"https:\/\/www.europesays.com\/de\/wp-json\/wp\/v2\/media\/1264400"}],"wp:attachment":[{"href":"https:\/\/www.europesays.com\/de\/wp-json\/wp\/v2\/media?parent=1274092"}],"wp:term":[{"taxonomy":"category","embeddable":true,"href":"https:\/\/www.europesays.com\/de\/wp-json\/wp\/v2\/categories?post=1274092"},{"taxonomy":"post_tag","embeddable":true,"href":"https:\/\/www.europesays.com\/de\/wp-json\/wp\/v2\/tags?post=1274092"}],"curies":[{"name":"wp","href":"https:\/\/api.w.org\/{rel}","templated":true}]}}