{"id":1274101,"date":"2026-09-01T16:55:22","date_gmt":"2026-09-01T16:55:22","guid":{"rendered":"https:\/\/www.europesays.com\/de\/1274101\/"},"modified":"2026-09-01T16:55:22","modified_gmt":"2026-09-01T16:55:22","slug":"kleine-wohnung-in-paris-wie-minimalistische-eleganz-und-rustikales-flair-auf-kleinstem-raum-verschmelzen","status":"publish","type":"post","link":"https:\/\/www.europesays.com\/de\/1274101\/","title":{"rendered":"Kleine Wohnung in Paris: Wie minimalistische Eleganz und rustikales Flair auf kleinstem Raum verschmelzen"},"content":{"rendered":"<p>Smarte Raumaufteilung<\/p>\n<p>Mit dem Schlafzimmer-Kubus im hinteren Teil der Wohnung lenkte Bennis den Bewegungsfluss im Raum. Entlang der fensterlosen Wand reihen sich das Wandregal hinter dem Sofa, die Holzk\u00fcche und Einbaustaur\u00e4ume, gefolgt von einer kleinen Nische mit Waschbecken \u2013 gegen\u00fcber befindet sich einer der beiden Zug\u00e4nge zum Schlafbereich. Ganz am Ende f\u00fchrt eine T\u00fcr in das kompakte, lichtdurchflutete Badezimmer, das in Wei\u00df gehalten und mit einem handgefertigten Mosaikboden ausgestattet ist.<\/p>\n<p>Auf der anderen Seite des Schlafzimmers, entlang der Fensterfront, befinden sich im hinteren Bereich der Eingang sowie ein weiterer Zugang zum Schlafzimmer. Auch dieser Durchgang ist offen gestaltet, sodass Tageslicht subtil in den Raum dringen kann. Im Schlafbereich selbst sorgen <a href=\"https:\/\/www.ad-magazin.de\/artikel\/umweltfreundlich-und-zeitlos-10-faszinierende-moderne-holzhauser\" target=\"_blank\" rel=\"nofollow noopener\">Holz<\/a>, Textilien und Teppichboden f\u00fcr eine ged\u00e4mpfte, ruhige Atmosph\u00e4re. Die Au\u00dfenseiten der Trennw\u00e4nde sind mit Edelstahl verkleidet, der das einfallende Licht reflektiert und zur\u00fcck in den Wohnbereich lenkt. F\u00fcr den Boden w\u00e4hlte die Architektin Steinfliesen, die zusammen mit den handgefertigten Mosaikfliesen, den alten Deckenbalken sowie den Elementen aus Holz und Edelstahl ein zeitloses und zugleich warmes Ambiente erzeugen.<\/p>\n<p><img decoding=\"async\" alt=\"kleine Wohnung Renovierung in Paris lackierte St\u00fchle Glastisch\" loading=\"lazy\" class=\"ResponsiveImageContainer-dkeESL cQPiWi responsive-image__image\"   src=\"https:\/\/www.europesays.com\/de\/wp-content\/uploads\/2026\/09\/02-3H1A6249.jpg\"\/><\/p>\n<p>Wie eine kleine Box f\u00fcgt sich die mit Edelstahl verkleidete Holzkonstruktion in den Raum ein. Ihre abgerundeten Ecken lassen sie weich wirken, w\u00e4hrend sie den Schlafbereich definiert und zugleich Privatsph\u00e4re schafft, ohne ihn abzuschotten. Die Fenster und ihre Ausblicke bleiben dabei vollst\u00e4ndig erhalten. Wandleuchten \u201eCoquillage\u201c von Axel Chay. Auf dem Tisch steht eine Schale \u201ePLI\u201c von Fran\u00e7ois Lafortune (Galerie Jais).<\/p>\n<p>Photos Joseph Jabbour \/ Style Daphn\u00e9e Davoise<img decoding=\"async\" alt=\"kleine Wohnung Renovierung in Paris Pflanzgef\u00e4\u00df Couchtisch\" loading=\"lazy\" class=\"ResponsiveImageContainer-dkeESL cQPiWi responsive-image__image\"   src=\"https:\/\/www.europesays.com\/de\/wp-content\/uploads\/2026\/09\/01-IMG_9747.jpg\"\/><\/p>\n<p>Vor einem brutalistischen Pflanzk\u00fcbel von Willy Guhl steht ein \u201eSupernova\u201c-Beistelltisch von L\u00e9a Zeroil (Galerie Oasis). Auf dem Couchtisch ist Glasgeschirr von Sophie Lou Jacobsen zu sehen.<\/p>\n<p>Photos Joseph Jabbour \/ Style Daphn\u00e9e DavoiseZeitlose Materialien<\/p>\n<p>\u201eIch wollte mit Materialien arbeiten, die nur minimal behandelt wurden. Der Boden besteht daher aus Burgunder-Kalkstein; die originalen Holz-Balken haben wir erhalten und bewusst in Szene gesetzt.\u201c Den Schlafbereich, der wie eine kleine \u201eBox\u201c gestaltet ist, verkleidete die Architektin vollst\u00e4ndig mit <a href=\"https:\/\/www.ad-magazin.de\/artikel\/edelstahlkuechen\" target=\"_blank\" rel=\"nofollow noopener\">Edelstahl<\/a>, w\u00e4hrend die gegen\u00fcberliegende K\u00fcche ganz aus Holz gefertigt ist. Ein weiterer Kontrast entsteht zwischen dem Inneren des Schlafzimmers und dem offenen Wohnbereich: W\u00e4hrend der Schlafbereich durch dunkle Farbt\u00f6ne, Teppichboden und eine braune Stofftapete an den W\u00e4nden gepr\u00e4gt ist, reflektiert die Edelstahlverkleidung der \u201eBox\u201c das Licht und sorgt mit ihren abgerundeten Ecken f\u00fcr eine helle, flie\u00dfende Raumwirkung. \u201eAlles sollte zeitlos und zugleich modern wirken. Das Waschbecken der kleinen Nische etwa wurde aus \u201aEmperador\u2018-Marmor gefertigt \u2026\u201c F\u00fcr die \u00fcbrigen W\u00e4nde w\u00e4hlte die Architektin einen wei\u00dfen Anstrich, der das Gesamtbild vereinheitlicht und zugleich die unterschiedlichen Materialien zur Geltung bringt.<\/p>\n","protected":false},"excerpt":{"rendered":"Smarte Raumaufteilung Mit dem Schlafzimmer-Kubus im hinteren Teil der Wohnung lenkte Bennis den Bewegungsfluss im Raum. Entlang der&hellip;\n","protected":false},"author":2,"featured_media":1274102,"comment_status":"","ping_status":"","sticky":false,"template":"","format":"standard","meta":{"footnotes":"","_share_on_mastodon":"0"},"categories":[135],"tags":[29,30,190,189,3325,194,191,193,192],"class_list":["post-1274101","post","type-post","status-publish","format-standard","has-post-thumbnail","category-wissenschaft-technik","tag-deutschland","tag-germany","tag-science","tag-science-technology","tag-small-spaces","tag-technik","tag-technology","tag-wissenschaft","tag-wissenschaft-technik"],"share_on_mastodon":{"url":"https:\/\/pubeurope.com\/@de\/117196841069160513","error":""},"_links":{"self":[{"href":"https:\/\/www.europesays.com\/de\/wp-json\/wp\/v2\/posts\/1274101","targetHints":{"allow":["GET"]}}],"collection":[{"href":"https:\/\/www.europesays.com\/de\/wp-json\/wp\/v2\/posts"}],"about":[{"href":"https:\/\/www.europesays.com\/de\/wp-json\/wp\/v2\/types\/post"}],"author":[{"embeddable":true,"href":"https:\/\/www.europesays.com\/de\/wp-json\/wp\/v2\/users\/2"}],"replies":[{"embeddable":true,"href":"https:\/\/www.europesays.com\/de\/wp-json\/wp\/v2\/comments?post=1274101"}],"version-history":[{"count":0,"href":"https:\/\/www.europesays.com\/de\/wp-json\/wp\/v2\/posts\/1274101\/revisions"}],"wp:featuredmedia":[{"embeddable":true,"href":"https:\/\/www.europesays.com\/de\/wp-json\/wp\/v2\/media\/1274102"}],"wp:attachment":[{"href":"https:\/\/www.europesays.com\/de\/wp-json\/wp\/v2\/media?parent=1274101"}],"wp:term":[{"taxonomy":"category","embeddable":true,"href":"https:\/\/www.europesays.com\/de\/wp-json\/wp\/v2\/categories?post=1274101"},{"taxonomy":"post_tag","embeddable":true,"href":"https:\/\/www.europesays.com\/de\/wp-json\/wp\/v2\/tags?post=1274101"}],"curies":[{"name":"wp","href":"https:\/\/api.w.org\/{rel}","templated":true}]}}