{"id":1274103,"date":"2026-09-01T16:56:18","date_gmt":"2026-09-01T16:56:18","guid":{"rendered":"https:\/\/www.europesays.com\/de\/1274103\/"},"modified":"2026-09-01T16:56:18","modified_gmt":"2026-09-01T16:56:18","slug":"autohaus-koenig-deutschlands-groesster-renault-haendler-ist-wohl-insolvent","status":"publish","type":"post","link":"https:\/\/www.europesays.com\/de\/1274103\/","title":{"rendered":"Autohaus K\u00f6nig: Deutschlands gr\u00f6\u00dfter Renault-H\u00e4ndler ist wohl insolvent"},"content":{"rendered":"<p>1.200 Besch\u00e4ftigte <\/p>\n<p>Bekannter Autoh\u00e4ndler ist wohl insolvent<\/p>\n<p>Aktualisiert am 01.09.2026 &#8211; 18:25 UhrLesedauer: 1 Min.<\/p>\n<p><a href=\"#focus-0\" class=\"transition-colors block text-current relative\" data-sctrack=\"FocusGalleryImage.Reference\"><img fetchpriority=\"high\" data-testid=\"Opener.Image\"   loading=\"eager\" src=\"https:\/\/www.europesays.com\/de\/wp-content\/uploads\/2026\/09\/autohaus-renault-koenig-kolonnenstrasse-schoeneberg-berlin-deutschland-renault-koenig-dealership-kol.jpeg\" alt=\"imago images 0852090520\" title=\"imago images 0852090520\" width=\"8256\" height=\"4644\" class=\"bg-[url:var(--lqipURL)] bg-cover bg-center flex h-full w-full max-w-full\" style=\"--lqipURL:url('https:\/\/images.t-online.de\/2026\/09\/dI7ny9K1gQKC\/0x430:8256x4644\/fit-in\/150x0\/filters:blur(25)\/autohaus-renault-koenig-kolonnenstrasse-schoeneberg-berlin-deutschland-renault-koenig-dealership-kolonnenstrasse-schoeneberg-berlin-germany.jpg')\" decoding=\"async\"\/><img loading=\"lazy\" src=\"https:\/\/www.t-online.de\/s\/paper\/_next\/static\/media\/zoom-in.f7dae02f.svg\" alt=\"Vergr\u00f6\u00dfern des Bildes\" title=\"Vergr\u00f6\u00dfern des Bildes\" class=\"block h-[calc(var(--height)_\/_16_*_1rem)] w-[calc(var(--width)_\/_16_*_1rem)] max-w-none absolute right-8 bottom-8 rounded-4 bg-snow p-8\" style=\"--width:32;--height:32\" decoding=\"async\"\/><\/a><\/p>\n<p>Eine Niederlassung des Autohauses K\u00f6nig in Berlin (Archivbild): Dort wurde das Unternehmen kurz nach dem Mauerbau gegr\u00fcndet. (Quelle: IMAGO\/Joko\/imago)<\/p>\n<p><img loading=\"lazy\" src=\"https:\/\/www.t-online.de\/s\/paper\/_next\/static\/media\/audio-volume.6689034c.svg\" alt=\"\" title=\"\" class=\"block h-[calc(var(--height)_\/_16_*_1rem)] w-[calc(var(--width)_\/_16_*_1rem)] max-w-none group-hover:brightness-0 group-hover:invert\" style=\"--width:16;--height:16\" decoding=\"async\"\/>Vorlesen<\/p>\n<p>Aktuelle Zeit:0:00Gesamtdauer:0:00<\/p>\n<p>1x<img loading=\"lazy\" src=\"https:\/\/www.t-online.de\/s\/paper\/_next\/static\/media\/font-sizes.32942e33.svg\" alt=\"\" title=\"\" class=\"block h-[calc(var(--height)_\/_16_*_1rem)] w-[calc(var(--width)_\/_16_*_1rem)] max-w-none group-hover:hidden group-aria-expanded:hidden\" style=\"--width:16;--height:16\" decoding=\"async\"\/><img loading=\"lazy\" src=\"https:\/\/www.t-online.de\/s\/paper\/_next\/static\/media\/font-sizes-dark-mode.e382645c.svg\" alt=\"\" title=\"\" class=\"block h-[calc(var(--height)_\/_16_*_1rem)] w-[calc(var(--width)_\/_16_*_1rem)] max-w-none hidden group-hover:block group-aria-expanded:block\" style=\"--width:16;--height:16\" decoding=\"async\"\/><img loading=\"lazy\" src=\"https:\/\/www.t-online.de\/s\/paper\/_next\/static\/media\/sharing-menu-icon.1eb71368.svg\" alt=\"\" title=\"\" class=\"block h-[calc(var(--height)_\/_16_*_1rem)] w-[calc(var(--width)_\/_16_*_1rem)] max-w-none group-hover:brightness-0 group-hover:invert\" style=\"--width:16;--height:16\" decoding=\"async\"\/>Artikel teilen<\/p>\n<p class=\"font-bold text-18 leading-17 user-text-lg:text-22 user-text-xl:text-24\">Das renommierte &#8222;Autohaus K\u00f6nig&#8220; soll Insolvenz angemeldet haben. Die Branche klagt \u00fcber zunehmenden Druck der Autoindustrie.<\/p>\n<p class=\"text-18 leading-17 user-text-lg:text-22 user-text-xl:text-24\">Das Traditionsunternehmen &#8222;Autohaus K\u00f6nig&#8220;, nach eigenen Angaben der gr\u00f6\u00dfte Renault-H\u00e4ndler Deutschlands und erster deutscher Dacia-H\u00e4ndler, hat wohl <a href=\"https:\/\/www.t-online.de\/themen\/insolvenz\/\" class=\"transition-colors cursor-pointer no-underline md:hover:text-magenta md:focus:text-magenta border-b border-solid border-current text-salemsfur md:hover:border-magenta\" data-tracking=\"{&quot;action&quot;:&quot;click&quot;,&quot;category&quot;:&quot;intextLink&quot;,&quot;label&quot;:&quot;\/themen\/insolvenz\/&quot;}\" data-sctrack=\"BodyAnchor\" rel=\"nofollow noopener\" target=\"_blank\">Insolvenz<\/a> beantragt. Das berichtet die Zeitung &#8222;Welt&#8220;. Das Autohaus z\u00e4hlt deutschlandweit rund 1.200 Besch\u00e4ftigte. Es sponsert unter anderem den deutschen Eishockey-Meister Eisb\u00e4ren <a href=\"https:\/\/berlin.t-online.de\/region\/berlin\/\" class=\"transition-colors cursor-pointer no-underline md:hover:text-magenta md:focus:text-magenta border-b border-solid border-current text-salemsfur md:hover:border-magenta\" data-tracking=\"{&quot;action&quot;:&quot;click&quot;,&quot;category&quot;:&quot;intextLink&quot;,&quot;label&quot;:&quot;https:\/\/berlin.t-online.de\/region\/berlin\/&quot;}\" data-sctrack=\"BodyAnchor\" rel=\"nofollow noopener\" target=\"_blank\">Berlin<\/a>.<\/p>\n<p class=\"text-18 leading-17 user-text-lg:text-22 user-text-xl:text-24\">&#8222;Autohaus K\u00f6nig&#8220; wurde 1966 als Werkstatt in Berlin-West gegr\u00fcndet. Das <a href=\"https:\/\/www.t-online.de\/themen\/familienunternehmen\/\" class=\"transition-colors cursor-pointer no-underline md:hover:text-magenta md:focus:text-magenta border-b border-solid border-current text-salemsfur md:hover:border-magenta\" data-tracking=\"{&quot;action&quot;:&quot;click&quot;,&quot;category&quot;:&quot;intextLink&quot;,&quot;label&quot;:&quot;\/themen\/familienunternehmen\/&quot;}\" data-sctrack=\"BodyAnchor\" rel=\"nofollow noopener\" target=\"_blank\">Familienunternehmen<\/a> z\u00e4hlt deutschlandweit 82 Standorte, vor allem im Osten Deutschlands.<\/p>\n<ul class=\"text-18 leading-17 block pl-24 *:pb-16 *:before:inline-block *:before:size-8 *:before:bg-magenta *:before:mt-0 *:before:mr-12 *:before:mb-2 *:before:-ml-[20px]\">\n<li><strong class=\"font-bold\">Pleite:<\/strong> <a href=\"https:\/\/www.t-online.de\/finanzen\/aktuelles\/wirtschaft\/id_101414880\/insolvenz-textil-spezialist-lindenfarb-ist-zum-vierten-mal-pleite.html\" class=\"transition-colors cursor-pointer no-underline md:hover:text-magenta md:focus:text-magenta border-b border-solid border-current text-salemsfur md:hover:border-magenta\" data-tracking=\"{&quot;action&quot;:&quot;click&quot;,&quot;category&quot;:&quot;intextLink&quot;,&quot;label&quot;:&quot;\/finanzen\/aktuelles\/wirtschaft\/id_101414880\/insolvenz-textil-spezialist-lindenfarb-ist-zum-vierten-mal-pleite.html&quot;}\" data-sctrack=\"BodyAnchor\" rel=\"nofollow noopener\" target=\"_blank\">Europas gr\u00f6\u00dfter Textilveredler insolvent<\/a><\/li>\n<li><strong class=\"font-bold\">VW:<\/strong> <a href=\"https:\/\/www.t-online.de\/finanzen\/aktuelles\/wirtschaft\/id_101415494\/vw-ig-metall-chefin-christiane-benner-legt-sich-mit-konzernchef-blume-an-.html\" class=\"transition-colors cursor-pointer no-underline md:hover:text-magenta md:focus:text-magenta border-b border-solid border-current text-salemsfur md:hover:border-magenta\" data-tracking=\"{&quot;action&quot;:&quot;click&quot;,&quot;category&quot;:&quot;intextLink&quot;,&quot;label&quot;:&quot;\/finanzen\/aktuelles\/wirtschaft\/id_101415494\/vw-ig-metall-chefin-christiane-benner-legt-sich-mit-konzernchef-blume-an-.html&quot;}\" data-sctrack=\"BodyAnchor\" rel=\"nofollow noopener\" target=\"_blank\">Gewerkschafterin geht auf Konzernbosse los <\/a><\/li>\n<\/ul>\n<p>H\u00e4ndler wettern gegen Vorgaben der Autoindustrie<\/p>\n<p class=\"text-18 leading-17 user-text-lg:text-22 user-text-xl:text-24\">Allein im ersten Quartal 2025 wurden 11.600 Fahrzeuge verkauft, auch der Werkstattumsatz stieg auf eine Rekordh\u00f6he. Das Unternehmen \u00e4u\u00dferte sich bislang nicht zu dem Bericht der &#8222;Welt&#8220;.<\/p>\n<p class=\"text-18 leading-17 user-text-lg:text-22 user-text-xl:text-24\">Die Autoh\u00e4user in Deutschland hatten am Dienstag den Verband der Automobilh\u00e4ndler (VAD) gestartet, um sich gegen die zunehmenden Marktvorgaben der Autobauer zu wehren: &#8222;Die Hersteller machen uns das Leben immer schwerer. Deswegen brauchen die Autoh\u00e4ndler eine eigene, wirksame Vertretung ihrer Interessen&#8220;, sagte VAD-Vertreter Burkhard Weller dem Magazin &#8222;Autohaus&#8220;.<\/p>\n<p class=\"text-18 leading-17 user-text-lg:text-22 user-text-xl:text-24\">Weller weiter: &#8222;Wir wollen erreichen, dass die Politik erkennt: Verkehrspolitik geht nur mit den H\u00e4ndlern und nicht gegen die H\u00e4ndler.&#8220; Die Branche besch\u00e4ftigt nach eigenen Angaben rund 300.000 Menschen.<\/p>\n","protected":false},"excerpt":{"rendered":"1.200 Besch\u00e4ftigte Bekannter Autoh\u00e4ndler ist wohl insolvent Aktualisiert am 01.09.2026 &#8211; 18:25 UhrLesedauer: 1 Min. Eine Niederlassung des&hellip;\n","protected":false},"author":2,"featured_media":1274104,"comment_status":"","ping_status":"","sticky":false,"template":"","format":"standard","meta":{"footnotes":"","_share_on_mastodon":"0"},"categories":[134],"tags":[326,36302,4890,296,263053,175,170,169,1657,29,2098,663,30,1551,171,174,515,11097,173,172],"class_list":["post-1274103","post","type-post","status-publish","format-standard","has-post-thumbnail","category-unternehmen-maerkte","tag-326","tag-autohaendler","tag-autohaus","tag-berlin","tag-burkhard-weller","tag-business","tag-companies","tag-companies-markets","tag-dacia","tag-deutschland","tag-eisbaeren-berlin","tag-europa","tag-germany","tag-insolvenz","tag-markets","tag-maerkte","tag-renault","tag-traditionsunternehmen","tag-unternehmen","tag-unternehmen-maerkte"],"share_on_mastodon":{"url":"https:\/\/pubeurope.com\/@de\/117196842189864173","error":""},"_links":{"self":[{"href":"https:\/\/www.europesays.com\/de\/wp-json\/wp\/v2\/posts\/1274103","targetHints":{"allow":["GET"]}}],"collection":[{"href":"https:\/\/www.europesays.com\/de\/wp-json\/wp\/v2\/posts"}],"about":[{"href":"https:\/\/www.europesays.com\/de\/wp-json\/wp\/v2\/types\/post"}],"author":[{"embeddable":true,"href":"https:\/\/www.europesays.com\/de\/wp-json\/wp\/v2\/users\/2"}],"replies":[{"embeddable":true,"href":"https:\/\/www.europesays.com\/de\/wp-json\/wp\/v2\/comments?post=1274103"}],"version-history":[{"count":0,"href":"https:\/\/www.europesays.com\/de\/wp-json\/wp\/v2\/posts\/1274103\/revisions"}],"wp:featuredmedia":[{"embeddable":true,"href":"https:\/\/www.europesays.com\/de\/wp-json\/wp\/v2\/media\/1274104"}],"wp:attachment":[{"href":"https:\/\/www.europesays.com\/de\/wp-json\/wp\/v2\/media?parent=1274103"}],"wp:term":[{"taxonomy":"category","embeddable":true,"href":"https:\/\/www.europesays.com\/de\/wp-json\/wp\/v2\/categories?post=1274103"},{"taxonomy":"post_tag","embeddable":true,"href":"https:\/\/www.europesays.com\/de\/wp-json\/wp\/v2\/tags?post=1274103"}],"curies":[{"name":"wp","href":"https:\/\/api.w.org\/{rel}","templated":true}]}}