{"id":1274107,"date":"2026-09-01T16:59:28","date_gmt":"2026-09-01T16:59:28","guid":{"rendered":"https:\/\/www.europesays.com\/de\/1274107\/"},"modified":"2026-09-01T16:59:28","modified_gmt":"2026-09-01T16:59:28","slug":"landtagswahl-sachsen-anhalt-merz-zieht-grenzen-fuer-kooperation-mit-der-linken-und-definiert-zusammenarbeit-liveticker","status":"publish","type":"post","link":"https:\/\/www.europesays.com\/de\/1274107\/","title":{"rendered":"Landtagswahl Sachsen-Anhalt: ++ Merz zieht Grenzen f\u00fcr Kooperation mit der Linken \u2013 und definiert \u201eZusammenarbeit\u201c ++ Liveticker"},"content":{"rendered":"<p>FDP-Chef Kubicki h\u00e4lt eine Regierungs\u00fcbernahme der AfD in Sachsen-Anhalt f\u00fcr gravierend, aber nicht f\u00fcr einen Bruch mit der demokratischen Ordnung. \u201eEs w\u00e4re schlimm, aber kein Betriebsverfall der Demokratie, wenn die AfD in Sachsen-Anhalt regieren w\u00fcrde\u201c, sagte Kubicki in der NTV-Sendung \u201eBlome &amp; Pfeffer\u201c. Auch eine AfD-gef\u00fchrte Landesregierung bleibe an Verfassung und Gesetze gebunden. Halte sie sich nicht daran, k\u00f6nne der Bund eingreifen. \u201eIch drohe mit Bundeszwang, wenn die AfD sich nicht an Bundesgesetze halten will\u201c, sagte Kubicki. \u201eDer Bund kann einen Staatskommissar einsetzen und die Regierung entmachten, wenn sie sich nicht an Bundesgesetze h\u00e4lt\u201c, erg\u00e4nzte er.<\/p>\n","protected":false},"excerpt":{"rendered":"FDP-Chef Kubicki h\u00e4lt eine Regierungs\u00fcbernahme der AfD in Sachsen-Anhalt f\u00fcr gravierend, aber nicht f\u00fcr einen Bruch mit der&hellip;\n","protected":false},"author":2,"featured_media":1274108,"comment_status":"","ping_status":"","sticky":false,"template":"","format":"standard","meta":{"footnotes":"","_share_on_mastodon":"0"},"categories":[2],"tags":[186,31,29,183,30,13,99561,97373,188,182,14,15,110,12,141666,45,10,8,9,11,141667],"class_list":["post-1274107","post","type-post","status-publish","format-standard","has-post-thumbnail","category-deutschland","tag-afd","tag-cdu","tag-deutschland","tag-friedrich-cdu","tag-germany","tag-headlines","tag-landtagswahl-sachsen-anhalt","tag-landtagswahlen-ks","tag-liveticker","tag-merz","tag-nachrichten","tag-news","tag-newsteam","tag-schlagzeilen","tag-siegmund","tag-texttospeech","tag-top-news","tag-top-meldungen","tag-topmeldungen","tag-topnews","tag-ulrich-afd"],"share_on_mastodon":{"url":"","error":""},"_links":{"self":[{"href":"https:\/\/www.europesays.com\/de\/wp-json\/wp\/v2\/posts\/1274107","targetHints":{"allow":["GET"]}}],"collection":[{"href":"https:\/\/www.europesays.com\/de\/wp-json\/wp\/v2\/posts"}],"about":[{"href":"https:\/\/www.europesays.com\/de\/wp-json\/wp\/v2\/types\/post"}],"author":[{"embeddable":true,"href":"https:\/\/www.europesays.com\/de\/wp-json\/wp\/v2\/users\/2"}],"replies":[{"embeddable":true,"href":"https:\/\/www.europesays.com\/de\/wp-json\/wp\/v2\/comments?post=1274107"}],"version-history":[{"count":0,"href":"https:\/\/www.europesays.com\/de\/wp-json\/wp\/v2\/posts\/1274107\/revisions"}],"wp:featuredmedia":[{"embeddable":true,"href":"https:\/\/www.europesays.com\/de\/wp-json\/wp\/v2\/media\/1274108"}],"wp:attachment":[{"href":"https:\/\/www.europesays.com\/de\/wp-json\/wp\/v2\/media?parent=1274107"}],"wp:term":[{"taxonomy":"category","embeddable":true,"href":"https:\/\/www.europesays.com\/de\/wp-json\/wp\/v2\/categories?post=1274107"},{"taxonomy":"post_tag","embeddable":true,"href":"https:\/\/www.europesays.com\/de\/wp-json\/wp\/v2\/tags?post=1274107"}],"curies":[{"name":"wp","href":"https:\/\/api.w.org\/{rel}","templated":true}]}}