{"id":1274115,"date":"2026-09-01T17:05:38","date_gmt":"2026-09-01T17:05:38","guid":{"rendered":"https:\/\/www.europesays.com\/de\/1274115\/"},"modified":"2026-09-01T17:05:38","modified_gmt":"2026-09-01T17:05:38","slug":"schleswig-holstein-aktuell-nachrichten-im-ueberblick-340","status":"publish","type":"post","link":"https:\/\/www.europesays.com\/de\/1274115\/","title":{"rendered":"Schleswig-Holstein aktuell: Nachrichten im \u00dcberblick"},"content":{"rendered":"<p>        <img decoding=\"async\" src=\"https:\/\/www.europesays.com\/de\/wp-content\/uploads\/2026\/03\/nachrichtenkompakt126.webp.webp\" alt=\"Grafik: Eine Sprechblase, in der die Kontur des Landes Schleswig-Holstein abgebildet ist.\" title=\"Grafik: Eine Sprechblase, in der die Kontur des Landes Schleswig-Holstein abgebildet ist. | NDR\" class=\"responsive\"\/><\/p>\n<p>AUDIO: Nachrichten 16:00 Uhr &#8211; 01.09.2026 (4 Min)<\/p>\n<p>\n                Stand: 01.09.2026 16:42 Uhr<\/p>\n<p class=\"preface\">Nachrichten aus Schleswig-Holstein vom 1. September 2026 &#8211; kompakt und aktuell im Newsblog von NDR SH: Lesen Sie hier im \u00dcberblick, was im Land passiert und noch wichtig wird.<\/p>\n<p>\n        16:39 Uhr\n    <\/p>\n<p>    F\u00f6hr: Sandaufsp\u00fclungen abgeschlossen<\/p>\n<p class=\"\">Die Sandaufsp\u00fclungen auf F\u00f6hr (<a href=\"https:\/\/www.ndr.de\/nachrichten\/schleswig-holstein\/Nordfriesland-Aktuelle-Nachrichten-und-Videos,nordfriesland174.html\" title=\"Nordfriesland - Aktuelle Nachrichten und Videos\" rel=\"nofollow noopener\" target=\"_blank\">Kreis Nordfriesland<\/a>) sind rechtzeitig vor Beginn der Sturmflutsaison beendet worden. Seit Mitte Mai sind im Bereich Nieblum und Goting-Kliff an der S\u00fcdk\u00fcste der Insel auf einer L\u00e4nge von drei Kilometern rund 475.000 Kubikmeter Sand aufgesp\u00fclt worden. Das teilte der Landesbetrieb f\u00fcr K\u00fcstenschutz, Nationalpark und Meeresschutz Schleswig-Holstein (LKN.SH) mit. Seit 1963 finden Sandaufsp\u00fclungen auf F\u00f6hr statt, da die S\u00fcdk\u00fcste der Insel pro Jahr rund 62.000 Kubikmeter Sand verliert. | NDR Schleswig-Holstein 01.09.2026 16:00 Uhr<\/p>\n<p>\n        13:20 Uhr\n    <\/p>\n<p>    TKMS: U-Boot f\u00fcr Israel wird \u00fcbergeben<\/p>\n<p class=\"\">Die &#8222;Drakon&#8220; &#8211; das bislang gr\u00f6\u00dfte in <a href=\"https:\/\/www.ndr.de\/nachrichten\/schleswig-holstein\/Kiel-Aktuelle-Nachrichten-News-und-Videos,kiel7262.html\" title=\"Kiel - Aktuelle Nachrichten und Videos\" rel=\"nofollow noopener\" target=\"_blank\">Kiel<\/a> gebaute <a href=\"https:\/\/www.ndr.de\/nachrichten\/schleswig-holstein\/grosses-polizeiaufgebot-israelisches-u-boot-drakon-passiert-kanal,ubootisrael-100.html\" title=\"Nach Fahrt durch den NOK: U-Boot &quot;Drakon&quot; auf dem Weg nach Israel\" rel=\"nofollow noopener\" target=\"_blank\">U-Boot &#8211; hat am Dienstagmorgen die Kieler Werft von TKMS<\/a> verlassen. Das Schiff geht nach Israel. Auf dem Nord-Ostsee-Kanal gelten laut Landespolizei deswegen heute besonders hohe Sicherheitsvorkehrungen. Hunderte Polizisten sind im Einsatz, sowohl in Uniform als auch in Zivil. Auch Br\u00fccken werden zum Teil w\u00e4hrend der Passage gesperrt. Die 74 Meter lange &#8222;Drakon&#8220; f\u00e4hrt weiter Richtung Nordsee. | NDR Schleswig-Holstein 01.09.2026 13:00 Uhr<\/p>\n<p>        <img decoding=\"async\" src=\"https:\/\/www.europesays.com\/de\/wp-content\/uploads\/2026\/09\/drakon-102.webp\" alt=\"Das israelisches U-Boot &quot;Drakon&quot;.\" title=\"Das israelisches U-Boot &quot;Drakon&quot;. | NDR, Tobias Gellert\" class=\"responsive\" loading=\"lazy\"\/><\/p>\n<p>Die Kanalpassage wurde von einem gro\u00dfen Polizeiaufgebot abgesichert. Es ist das gr\u00f6\u00dfte jemals in Kiel gebaute U-Boot.<\/p>\n<p>        <img decoding=\"async\" src=\"https:\/\/www.europesays.com\/de\/wp-content\/uploads\/2026\/03\/podcastlogo104.webp.webp\" alt=\"Ein Mikrofon vor zwei Menschen.\" title=\"Ein Mikrofon vor zwei Menschen. | NDR, Janis R\u00f6hlig\" class=\"responsive\" loading=\"lazy\"\/><\/p>\n<p>Alles, was f\u00fcr Schleswig-Holstein wichtig ist: Im Nachrichten-Podcast von NDR 1 Welle Nord h\u00f6ren Sie das Neueste aus Schleswig-Holstein, Deutschland und der Welt.<\/p>\n<p>\n        13:09 Uhr\n    <\/p>\n<p>    Weitere Durchsuchung nach Torso-Fund in Gl\u00fccksburg<\/p>\n<p class=\"\">Die <a href=\"https:\/\/www.ndr.de\/nachrichten\/schleswig-holstein\/flensburg_nordfriesland_schleswig-flensburg\/torso-fund-in-gluecksburg-polizei-durchsucht-wald-erneut,leichegluecksburg-100.html\" title=\"Torso-Fund in Gl\u00fccksburg: Polizei durchsucht Wald erneut\" rel=\"nofollow noopener\" target=\"_blank\">Polizei durchsucht heute erneut das Waldst\u00fcck Friedeholz<\/a> in Gl\u00fccksburg (<a href=\"https:\/\/www.ndr.de\/nachrichten\/schleswig-holstein\/Kreis-Schleswig-Flensburg-Aktuelle-Nachrichten-und-Videos,schleswigflensburg118.html\" title=\"Kreis Schleswig-Flensburg - Aktuelle Nachrichten und Videos\" rel=\"nofollow noopener\" target=\"_blank\">Kreis Schleswig-Flensburg<\/a>). Vor drei Wochen hatte dort ein J\u00e4ger einen in Plastikfolie verpackten Rumpf eines Mannes entdeckt. Wie ein Sprecher mitteilte, sind Einsatzkr\u00e4fte nun mit Leichensp\u00fcrhunden aus dem gesamten Bundesgebiet im Einsatz, um weitere Teile des Waldes zu durchsuchen. Die Obduktion ist abgeschlossen, Angaben \u00fcber Zustand und Identit\u00e4t der Person wurden nicht gemacht. Die Polizei bittet weiterhin um die Mithilfe der B\u00fcrger. Bislang seien rund 50 Hinweise eingegangen, so der Polizeisprecher. | NDR Schleswig-Holstein 01.09.2026 13:00 Uhr<\/p>\n<p>        <img decoding=\"async\" src=\"https:\/\/www.europesays.com\/de\/wp-content\/uploads\/2026\/09\/torsofund-100.webp\" alt=\"Einsatzkr\u00e4fte durchsuchen mit Leichensp\u00fcrhunden ein Waldst\u00fcck in Gl\u00fccksburg.\" title=\"Zw\u00f6lf Leichensp\u00fcrhunde waren im Einsatz. | NDR, Frank Goldenstein\" class=\"responsive\" loading=\"lazy\"\/><\/p>\n<p>Ein J\u00e4ger hatte den in Plastikfolie verpackten m\u00e4nnlichen Torso am 11. August im Waldst\u00fcck Friedeholz entdeckt.<\/p>\n<p>        <img decoding=\"async\" src=\"https:\/\/www.europesays.com\/de\/wp-content\/uploads\/2026\/03\/podcastlogo104.webp.webp\" alt=\"Ein Mikrofon vor zwei Menschen.\" title=\"Ein Mikrofon vor zwei Menschen. | NDR, Janis R\u00f6hlig\" class=\"responsive\" loading=\"lazy\"\/><\/p>\n<p>Alles, was f\u00fcr Schleswig-Holstein wichtig ist: Im Nachrichten-Podcast von NDR 1 Welle Nord h\u00f6ren Sie das Neueste aus Schleswig-Holstein, Deutschland und der Welt.<\/p>\n<p>\n        12:49 Uhr\n    <\/p>\n<p>    A7 nach Unfall im Kreis Rendsburg wieder frei<\/p>\n<p class=\"\">Auf der <a href=\"https:\/\/www.ndr.de\/nachrichten\/schleswig-holstein\/kiel_neumuenster_ploen_rendsburg-eckernfoerde\/naehe-nortorf-a7-nach-unfall-kurzzeitig-gesperrt,unfall-2064.html\" title=\"N\u00e4he Nortorf: A7 nach Unfall kurzzeitig gesperrt\" rel=\"nofollow noopener\" target=\"_blank\">A7 war es zwischen Warder und Bordesholm<\/a> (beide <a href=\"https:\/\/www.ndr.de\/nachrichten\/schleswig-holstein\/Kreis-Rendsburg-Eckernfoerde-Aktuelle-Nachrichten-und-Videos,rendsburgeckernfoerde118.html\" title=\"Kreis Rendsburg-Eckernf\u00f6rde - Aktuelle Nachrichten und Videos\" rel=\"nofollow noopener\" target=\"_blank\">Kreis Rendsburg-Eckernf\u00f6rde<\/a>) zu einem Unfall gekommen. Die Vollsperrung Richtung S\u00fcden ist wieder aufgehoben. Laut einer Polizeisprecherin ist ein Lkw auf ein Stauende aufgefahren. Dabei wurde ein Pkw in ein weiteres Fahrzeug geschoben. Verletzt wurde laut Polizei bei dem Unfall niemand. Knapp eineinhalb Stunden musste die Autobahn gesperrt werden. | NDR Schleswig-Holstein 01.09.2026 12:00 Uhr<\/p>\n<p>        <img decoding=\"async\" src=\"https:\/\/www.europesays.com\/de\/wp-content\/uploads\/2026\/04\/1777100899_14_polizei6500.webp\" alt=\"Schriftzug &quot;UNFALL&quot; ist an einer R\u00fcckscheibe eines Streifenwagens der Polizei eingeblendet.\" title=\"Polizei sucht Fahrer des Unfallfahrzeugs.  | NDR, Pavel Stoyan\" class=\"responsive\" loading=\"lazy\"\/><\/p>\n<p>Auf der A7 war es zwischen Warder und Bordesholm zu einem Unfall gekommen. Die Vollsperrung Richtung S\u00fcden wurde aufgehoben.<\/p>\n<p>        <img decoding=\"async\" src=\"https:\/\/www.europesays.com\/de\/wp-content\/uploads\/2026\/03\/podcastlogo104.webp.webp\" alt=\"Ein Mikrofon vor zwei Menschen.\" title=\"Ein Mikrofon vor zwei Menschen. | NDR, Janis R\u00f6hlig\" class=\"responsive\" loading=\"lazy\"\/><\/p>\n<p>Alles, was f\u00fcr Schleswig-Holstein wichtig ist: Im Nachrichten-Podcast von NDR 1 Welle Nord h\u00f6ren Sie das Neueste aus Schleswig-Holstein, Deutschland und der Welt.<\/p>\n<p>\n        11:29 Uhr\n    <\/p>\n<p>    Stadt Pinneberg f\u00fchrt virtuelles B\u00fcrgerb\u00fcro ein<\/p>\n<p class=\"\">Die <a href=\"https:\/\/www.ndr.de\/nachrichten\/schleswig-holstein\/Kreis-Pinneberg-Aktuelle-Nachrichten-und-Videos,pinneberg280.html\" title=\"Kreis Pinneberg - Aktuelle Nachrichten und Videos\" rel=\"nofollow noopener\" target=\"_blank\">Stadt Pinneberg<\/a> bietet seit dieser Woche ein <a href=\"https:\/\/www.ndr.de\/nachrichten\/schleswig-holstein\/pinneberg_segeberg_stormarn\/virtuelles-buergerbuero-der-stadt-pinneberg-geht-an-start,buergerbuero-112.html\" title=\"Virtuelles B\u00fcrgerb\u00fcro der Stadt Pinneberg geht an den Start\" rel=\"nofollow noopener\" target=\"_blank\">virtuelles B\u00fcrgerb\u00fcro an<\/a> &#8211; nach eigenen Angaben als eine der ersten Kommunen im Land. Ausgew\u00e4hlte Beh\u00f6rdentermine k\u00f6nnen damit ab jetzt von zu Hause oder unterwegs per Videocall erledigt werden &#8211; und nicht mehr vor Ort im Rathaus. Um das Angebot nutzen zu k\u00f6nnen, ist laut Stadt lediglich ein Handy oder Tablet erforderlich. Buchen k\u00f6nnen Interessierte die virtuellen Termine \u00fcber die Homepage der Stadt. | NDR Schleswig-Holstein 01.09.2026 11:00 Uhr<\/p>\n<p>        <img decoding=\"async\" src=\"https:\/\/www.europesays.com\/de\/wp-content\/uploads\/2026\/09\/buergerbuero-110.webp\" alt=\"Videocall im Virtuellen B\u00fcrgerb\u00fcro in Pinneberg.\" title=\"Videocall im Virtuellen B\u00fcrgerb\u00fcro in Pinneberg. | Stadt Pinneberg\" class=\"responsive\" loading=\"lazy\"\/><\/p>\n<p>Eigenen Angaben zufolge ist die Stadt eine der ersten Kommunen im Land mit diesem innovativen Angebot. <\/p>\n<p>        <img decoding=\"async\" src=\"https:\/\/www.europesays.com\/de\/wp-content\/uploads\/2026\/03\/podcastlogo104.webp.webp\" alt=\"Ein Mikrofon vor zwei Menschen.\" title=\"Ein Mikrofon vor zwei Menschen. | NDR, Janis R\u00f6hlig\" class=\"responsive\" loading=\"lazy\"\/><\/p>\n<p>Alles, was f\u00fcr Schleswig-Holstein wichtig ist: Im Nachrichten-Podcast von NDR 1 Welle Nord h\u00f6ren Sie das Neueste aus Schleswig-Holstein, Deutschland und der Welt.<\/p>\n<p>\n        11:09 Uhr\n    <\/p>\n<p>    Frauen in Landesparlamenten: Schleswig-Holstein auf Platz 3<\/p>\n<p class=\"\">In Schleswig-Holstein liegt der Anteil von Frauen im Landesparlament bei 37,7 Prozent. Das hat das Statistische Bundesamt mitgeteilt. Damit liegt SH gemeinsam mit Berlin auf Platz 3 im bundesweiten Vergleich. Die meisten Frauen gibt es in der Hamburger B\u00fcrgerschaft: Hier liegt ihr Anteil bei fast 50 Prozent. Das Schlusslicht bildet Bayern mit nur fast 25 Prozent. Insgesamt ist der Anteil der Frauen in Landtagen minimal gestiegen, bundesweit liegt er bei 33,4 Prozent &#8211; rund ein Prozentpunkt mehr als vor 18 Jahren. | NDR Schleswig-Holstein 01.09.2026 11:00 Uhr<\/p>\n<p>        <img decoding=\"async\" src=\"https:\/\/www.europesays.com\/de\/wp-content\/uploads\/2026\/03\/podcastlogo104.webp.webp\" alt=\"Ein Mikrofon vor zwei Menschen.\" title=\"Ein Mikrofon vor zwei Menschen. | NDR, Janis R\u00f6hlig\" class=\"responsive\" loading=\"lazy\"\/><\/p>\n<p>Alles, was f\u00fcr Schleswig-Holstein wichtig ist: Im Nachrichten-Podcast von NDR 1 Welle Nord h\u00f6ren Sie das Neueste aus Schleswig-Holstein, Deutschland und der Welt.<\/p>\n<p>\n        10:08 Uhr\n    <\/p>\n<p>    Verfolgungsjagd ab Norderstedt: Unbeteiligter schwer verletzt<\/p>\n<p class=\"\">Ein Autofahrer hat sich gestern eine Verfolgungsjagd mit der Polizei von <a href=\"https:\/\/www.ndr.de\/nachrichten\/schleswig-holstein\/Norderstedt-Aktuelle-Nachrichten-und-Videos,norderstedt484.html\" title=\"Norderstedt - Aktuelle Nachrichten und Videos\" rel=\"nofollow noopener\" target=\"_blank\">Norderstedt<\/a> (<a href=\"https:\/\/www.ndr.de\/nachrichten\/schleswig-holstein\/Kreis-Segeberg-Aktuelle-Nachrichten-und-Videos,segeberg224.html\" title=\"Kreis Segeberg - Aktuelle Nachrichten und Videos\" rel=\"nofollow noopener\" target=\"_blank\">Kreis Segeberg<\/a>) \u00fcber die <a href=\"https:\/\/www.ndr.de\/verkehr\/A7-News-zu-Unfaellen-und-Baustellen-im-Norden-der-Autobahn,asieben288.html\" title=\"A7 - News zu Unf\u00e4llen und Baustellen im Norden der Autobahn\" rel=\"nofollow noopener\" target=\"_blank\">A7<\/a> bis nach Hamburg geliefert. Dabei ist im Hamburger Stadtteil Bahrenfeld ein <a href=\"https:\/\/www.ndr.de\/nachrichten\/hamburg\/nach-verfolgungsfahrt-unbeteiligter-radfahrer-schwer-verletzt,bahrenfeld-106.html\" title=\"Nach Verfolgungsfahrt: Unbeteiligter Radfahrer schwer verletzt\" rel=\"nofollow noopener\" target=\"_blank\">unbeteiligter Fahrradfahrer schwer verletzt<\/a> worden. Nach Angaben der Polizei wollten ihn Beamte in Norderstedt wegen Verdachts auf Trunkenheit am Steuer kontrollieren. Doch der Mann fl\u00fcchtete \u00fcber die A7. In dem Wagen sa\u00dfen drei weitere Insassen. In Hamburg erfasste er dann in einem Kreuzungsbereich den 42-J\u00e4hrigen Fahrradfahrer. | NDR Schleswig-Holstein 01.09.2026 10:00 Uhr<\/p>\n<p>        <img decoding=\"async\" src=\"https:\/\/www.europesays.com\/de\/wp-content\/uploads\/2026\/03\/podcastlogo104.webp.webp\" alt=\"Ein Mikrofon vor zwei Menschen.\" title=\"Ein Mikrofon vor zwei Menschen. | NDR, Janis R\u00f6hlig\" class=\"responsive\" loading=\"lazy\"\/><\/p>\n<p>Alles, was f\u00fcr Schleswig-Holstein wichtig ist: Im Nachrichten-Podcast von NDR 1 Welle Nord h\u00f6ren Sie das Neueste aus Schleswig-Holstein, Deutschland und der Welt.<\/p>\n<p>\n        09:24 Uhr\n    <\/p>\n<p>    Helgoland Mitte September ohne Strom und Internet<\/p>\n<p class=\"\">Die Nordseeinsel Helgoland (<a href=\"https:\/\/www.ndr.de\/nachrichten\/schleswig-holstein\/Kreis-Pinneberg-Aktuelle-Nachrichten-und-Videos,pinneberg280.html\" title=\"Kreis Pinneberg - Aktuelle Nachrichten und Videos\" rel=\"nofollow noopener\" target=\"_blank\">Kreis Pinneberg<\/a>) wird vom 16. bis 18. September nicht mit Festlandstrom versorgt. Grund daf\u00fcr sind nach Angaben von SH Netz Bauarbeiten an einem Seekabel in St. Peter-Ording (<a href=\"https:\/\/www.ndr.de\/nachrichten\/schleswig-holstein\/Nordfriesland-Aktuelle-Nachrichten-und-Videos,nordfriesland174.html\" title=\"Nordfriesland - Aktuelle Nachrichten und Videos\" rel=\"nofollow noopener\" target=\"_blank\">Kreis Nordfriesland<\/a>). Auch das Internet und Telefonnetz sind betroffen. Die Hochseeinsel muss sich in dem Zeitraum selbst mit Diesel-Aggregaten versorgen. Die Internet-, Mobilfunk- und Festnetzverbindung wird am 17. September rund zehn Stunden lang unterbrochen. | NDR Schleswig-Holstein 01.09.2026 08:30 Uhr<\/p>\n<p>        <img decoding=\"async\" src=\"https:\/\/www.europesays.com\/de\/wp-content\/uploads\/2026\/09\/seekabel136.webp\" alt=\"Querschnitt eines Seekabels einer Stromtrasse.\" title=\"Querschnitt eines Seekabels einer Stromtrasse. | picture alliance \/ dpa, Stefan Sauer\" class=\"responsive\" loading=\"lazy\"\/><\/p>\n<p>Wegen Arbeiten an einem Seekabel vom Festland zur Insel kommt es Mitte September zu kurzen Ausf\u00e4llen.<\/p>\n<p>        <img decoding=\"async\" src=\"https:\/\/www.europesays.com\/de\/wp-content\/uploads\/2026\/03\/podcastlogo104.webp.webp\" alt=\"Ein Mikrofon vor zwei Menschen.\" title=\"Ein Mikrofon vor zwei Menschen. | NDR, Janis R\u00f6hlig\" class=\"responsive\" loading=\"lazy\"\/><\/p>\n<p>Alles, was f\u00fcr Schleswig-Holstein wichtig ist: Im Nachrichten-Podcast von NDR 1 Welle Nord h\u00f6ren Sie das Neueste aus Schleswig-Holstein, Deutschland und der Welt.<\/p>\n<p>\n        09:20 Uhr\n    <\/p>\n<p>    Kabinettssitzung der Landesregierung mit W\u00fcrdigung des Ehrenamts<\/p>\n<p class=\"\">Die Landesregierung ist au\u00dfer Haus: Heute h\u00e4lt sie ihre Kabinettssitzung im Rathaus Itzehoe (<a href=\"https:\/\/www.ndr.de\/nachrichten\/schleswig-holstein\/Steinburg-Aktuelle-Nachrichten-und-Videos,steinburg118.html\" title=\"Steinburg - Aktuelle Nachrichten und Videos\" rel=\"nofollow noopener\" target=\"_blank\">Kreis Steinburg<\/a>) ab. Hintergrund ist das 80-j\u00e4hrige Landesjubil\u00e4um. Im <a href=\"https:\/\/www.ndr.de\/nachrichten\/schleswig-holstein\/dithmarschen_steinburg\/ehrenamt-besser-unterstuetzen-landesregierung-tagt-in-itzehoe,ehrenamt-224.html\" title=\"Ehrenamt besser unterst\u00fctzen: Landesregierung tagt in Itzehoe\" rel=\"nofollow noopener\" target=\"_blank\">Mittelpunkt steht dabei das ehrenamtliche Engagement<\/a>. Nach Angaben der Landesregierung sind rund ein Drittel der Schleswig-Holsteinerinnen und Schleswig-Holsteiner ehrenamtlich aktiv. Nach Auskunft von Ministerpr\u00e4sident Daniel G\u00fcnther (CDU) soll der Fokus in den Gespr\u00e4chen vor allem darauf liegen, herauszufinden, wo das Land ehrenamtliches Engagement noch besser unterst\u00fctzen kann. | NDR Schleswig-Holstein 01.09.2026 08:00 Uhr<\/p>\n<p>        <img decoding=\"async\" src=\"https:\/\/www.europesays.com\/de\/wp-content\/uploads\/2026\/09\/rathaus-itzehoe-100.webp\" alt=\"Das Rathaus der Stadt Itzehoe.\" title=\"Das Rathaus der Stadt Itzehoe. | Sophie Apelt\" class=\"responsive\" loading=\"lazy\"\/><\/p>\n<p>Heute findet die Kabinettssitzung der Landesregierung im Rathaus Itzehoe statt. Hintergrund ist das 80. Landesjubil\u00e4um.<\/p>\n<p>        <img decoding=\"async\" src=\"https:\/\/www.europesays.com\/de\/wp-content\/uploads\/2026\/03\/podcastlogo104.webp.webp\" alt=\"Ein Mikrofon vor zwei Menschen.\" title=\"Ein Mikrofon vor zwei Menschen. | NDR, Janis R\u00f6hlig\" class=\"responsive\" loading=\"lazy\"\/><\/p>\n<p>Alles, was f\u00fcr Schleswig-Holstein wichtig ist: Im Nachrichten-Podcast von NDR 1 Welle Nord h\u00f6ren Sie das Neueste aus Schleswig-Holstein, Deutschland und der Welt.<\/p>\n<p>\n        09:18 Uhr\n    <\/p>\n<p>    Energieeffizienz: Maritime Wirtschaft trifft sich in Hamburg<\/p>\n<p class=\"\">Die maritime Wirtschaft trifft sich von heute an bis Freitag in Hamburg auf der Messe &#8222;Shipbuilding, Machinery &amp; Marine Technology trade fair&#8220;. Dort zeigen 2.200 Aussteller ihre neuesten Entwicklungen &#8211; 13 Aussteller kommen aus Schleswig-Holstein. Einige Aussteller zeigen L\u00f6sungen f\u00fcr mehr Energieeffizienz, etwa die <a href=\"https:\/\/www.ndr.de\/nachrichten\/schleswig-holstein\/Flensburg-Nachrichten-Hintergruende-und-Videos,flensburg6034.html\" title=\"Flensburg - Aktuelle Nachrichten und Videos\" rel=\"nofollow noopener\" target=\"_blank\">Flensburger<\/a> naValue GmbH mit ihrer Expertise f\u00fcr alternative Antriebe, oder die Schiffsdieseltechnik <a href=\"https:\/\/www.ndr.de\/nachrichten\/schleswig-holstein\/Kiel-Aktuelle-Nachrichten-News-und-Videos,kiel7262.html\" title=\"Kiel - Aktuelle Nachrichten und Videos\" rel=\"nofollow noopener\" target=\"_blank\">Kiel<\/a> GmbH, die ein neues Bordnetzaggregat pr\u00e4sentiert. | NDR Schleswig-Holstein 01.09.2026 08:00 Uhr<\/p>\n<p>        <img decoding=\"async\" src=\"https:\/\/www.europesays.com\/de\/wp-content\/uploads\/2026\/03\/podcastlogo104.webp.webp\" alt=\"Ein Mikrofon vor zwei Menschen.\" title=\"Ein Mikrofon vor zwei Menschen. | NDR, Janis R\u00f6hlig\" class=\"responsive\" loading=\"lazy\"\/><\/p>\n<p>Alles, was f\u00fcr Schleswig-Holstein wichtig ist: Im Nachrichten-Podcast von NDR 1 Welle Nord h\u00f6ren Sie das Neueste aus Schleswig-Holstein, Deutschland und der Welt.<\/p>\n<p>\n        07:18 Uhr\n    <\/p>\n<p class=\"\">Der Allgemeine deutsche Fahrrad-Club <a href=\"https:\/\/www.ndr.de\/nachrichten\/schleswig-holstein\/adfc-umfrage-wie-fahrradfreundlich-ist-schleswig-holstein,adfc-138.html\" title=\"ADFC-Umfrage: Wie fahrradfreundlich ist Schleswig-Holstein?\" rel=\"nofollow noopener\" target=\"_blank\">(ADFC) startet heute mit einer Online-Befragung<\/a> &#8211; dem sogenannten Fahrradklima-Test. Die Umfrage findet schon zum zw\u00f6lften Mal statt. Diesmal stehen besonders Kinder und Jugendliche im Fokus. Der Test soll zeigen, was sie brauchen, um gut, sicher und vor allem gerne Fahrrad zu fahren. Doch auch Erwachsene k\u00f6nnen teilnehmen. Die Ergebnisse der Umfrage sollen Verkehrsplanern und Politikern helfen, zu entscheiden, wo zum Beispiel gezielt gef\u00f6rdert, ausgebaut oder nachgebessert werden soll. 2024 haben allein in Schleswig-Holstein rund 7.000 Menschen an der Umfrage teilgenommen. | NDR Schleswig-Holstein 01.09.2026 07:00 Uhr<\/p>\n<p>        <img decoding=\"async\" src=\"https:\/\/www.europesays.com\/de\/wp-content\/uploads\/2026\/09\/mvfoto-7668.webp\" alt=\"Schwerin: Neuer Fahrradweg zwischen Mue\u00dfer Bucht und Zippendorf\" title=\"Ab Oktober wird der Radweg zwischen Mue\u00df und Zippendorf ausgebaut. Der BUND kritisiert die geplante Asphaltierung. | Landeshauptstadt Schwerin\" class=\"responsive\" loading=\"lazy\"\/><\/p>\n<p>Beim Fahrradklima-Test kann jeder die Radfahrbedingungen in seiner Stadt oder Gemeinde bewerten.<\/p>\n<p>        <img decoding=\"async\" src=\"https:\/\/www.europesays.com\/de\/wp-content\/uploads\/2026\/03\/podcastlogo104.webp.webp\" alt=\"Ein Mikrofon vor zwei Menschen.\" title=\"Ein Mikrofon vor zwei Menschen. | NDR, Janis R\u00f6hlig\" class=\"responsive\" loading=\"lazy\"\/><\/p>\n<p>Alles, was f\u00fcr Schleswig-Holstein wichtig ist: Im Nachrichten-Podcast von NDR 1 Welle Nord h\u00f6ren Sie das Neueste aus Schleswig-Holstein, Deutschland und der Welt.<\/p>\n<p>\n        07:05 Uhr\n    <\/p>\n<p>    Unfall mit zwei Verletzten in Hanerau-Hademarschen<\/p>\n<p class=\"\">In Hanerau-Hademarschen im <a href=\"https:\/\/www.ndr.de\/nachrichten\/schleswig-holstein\/Kreis-Rendsburg-Eckernfoerde-Aktuelle-Nachrichten-und-Videos,rendsburgeckernfoerde118.html\" title=\"Kreis Rendsburg-Eckernf\u00f6rde - Aktuelle Nachrichten und Videos\" rel=\"nofollow noopener\" target=\"_blank\">Kreis Rendsburg-Eckernf\u00f6rde<\/a> sind gestern Abend zwei Autos zusammengesto\u00dfen. Nach Angaben der Polizei wurden dabei zwei Personen verletzt &#8211; eine davon schwer. Auch ein Rettungshubschrauber war im Einsatz. Die beiden Fahrzeuge sind in einem Kreuzungsbereich ineinandergefahren. Wie es dazu kommen konnte, ist noch unklar. | NDR Schleswig-Holstein 01.09.2026 07:00 Uhr<\/p>\n<p>        <img decoding=\"async\" src=\"https:\/\/www.europesays.com\/de\/wp-content\/uploads\/2026\/03\/podcastlogo104.webp.webp\" alt=\"Ein Mikrofon vor zwei Menschen.\" title=\"Ein Mikrofon vor zwei Menschen. | NDR, Janis R\u00f6hlig\" class=\"responsive\" loading=\"lazy\"\/><\/p>\n<p>Alles, was f\u00fcr Schleswig-Holstein wichtig ist: Im Nachrichten-Podcast von NDR 1 Welle Nord h\u00f6ren Sie das Neueste aus Schleswig-Holstein, Deutschland und der Welt.<\/p>\n<p>\n        07:00 Uhr\n    <\/p>\n<p>    Zug f\u00e4hrt in Baumkrone zwischen Neum\u00fcnster und Heide<\/p>\n<p class=\"\">Ein Zug der <a href=\"https:\/\/www.ndr.de\/nachrichten\/schleswig-holstein\/dithmarschen_steinburg\/nordbahn-faehrt-bei-albersdorf-gegen-baumkrone,regionheidenews-3618.html\" title=\"Nordbahn f\u00e4hrt bei Albersdorf gegen Baumkrone\" rel=\"nofollow noopener\" target=\"_blank\">Nordbahn ist in eine Baumkrone gefahren<\/a>. Der Unfall ereignete sich nach Angaben der Feuerwehr gestern Abend auf der Strecke Neum\u00fcnster-Heide. Auf H\u00f6he Albersdorf im <a href=\"https:\/\/www.ndr.de\/nachrichten\/schleswig-holstein\/Dithmarschen-Aktuelle-Nachrichten-und-Videos,dithmarschen254.html\" title=\"Dithmarschen - Aktuelle Nachrichten und Videos\" rel=\"nofollow noopener\" target=\"_blank\">Kreis Dithmarschen<\/a> kam die Bahn zum Stehen. Laut Feuerwehr befanden sich vier Personen darin, alle blieben unverletzt. Einsatzkr\u00e4fte entfernten die Baumkrone. | NDR Schleswig-Holstein 01.09.2026 06:30 Uhr<\/p>\n<p>        <img decoding=\"async\" src=\"https:\/\/www.europesays.com\/de\/wp-content\/uploads\/2026\/09\/nordbahn-108.webp\" alt=\"Feuerwehr am Unfallort der Nordbahn.\" title=\"Feuerwehr am Unfallort der Nordbahn. | Florian Sprenger\" class=\"responsive\" loading=\"lazy\"\/><\/p>\n<p>Der Zusammensto\u00df ist in der Nacht zu Dienstag passiert. Der Lokf\u00fchrer konnte den Vorfall nicht verhindern. Verletzt wurde niemand.<\/p>\n<p>        <img decoding=\"async\" src=\"https:\/\/www.europesays.com\/de\/wp-content\/uploads\/2026\/03\/podcastlogo104.webp.webp\" alt=\"Ein Mikrofon vor zwei Menschen.\" title=\"Ein Mikrofon vor zwei Menschen. | NDR, Janis R\u00f6hlig\" class=\"responsive\" loading=\"lazy\"\/><\/p>\n<p>Alles, was f\u00fcr Schleswig-Holstein wichtig ist: Im Nachrichten-Podcast von NDR 1 Welle Nord h\u00f6ren Sie das Neueste aus Schleswig-Holstein, Deutschland und der Welt.<\/p>\n<p>\n        06:38 Uhr\n    <\/p>\n<p>    Cyberangriff auf Kreisverwaltungen: Durchsuchungen in Nordfriesland<\/p>\n<p class=\"\">Ein Jugendlicher aus <a href=\"https:\/\/www.ndr.de\/nachrichten\/schleswig-holstein\/Nordfriesland-Aktuelle-Nachrichten-und-Videos,nordfriesland174.html\" title=\"Nordfriesland - Aktuelle Nachrichten und Videos\" rel=\"nofollow noopener\" target=\"_blank\">Nordfriesland<\/a> soll an einer gro\u00df angelegten Computersabotage beteiligt gewesen sein. <a href=\"https:\/\/www.ndr.de\/nachrichten\/schleswig-holstein\/hacking-verdacht-durchsuchung-bei-jugendlichem-aus-nordfriesland,cyberkriminelle-102.html\" title=\"Hacking-Verdacht: Durchsuchung bei Jugendlichem aus Nordfriesland\" rel=\"nofollow noopener\" target=\"_blank\">Die Polizei hat am Donnerstag seine Wohnung sowie weitere Objekte in Brandenburg und Hessen durchsucht<\/a>, teilte das Landeskriminalamt gestern mit. Es gibt zwei weitere Tatverd\u00e4chtige. Die Staatsanwaltschaft <a href=\"https:\/\/www.ndr.de\/nachrichten\/schleswig-holstein\/itzehoe-aktuelle-nachrichten-und-videos,itzehoe456.html\" title=\"Itzehoe - Aktuelle Nachrichten und Videos\" rel=\"nofollow noopener\" target=\"_blank\">Itzehoe<\/a> (<a href=\"https:\/\/www.ndr.de\/nachrichten\/schleswig-holstein\/Steinburg-Aktuelle-Nachrichten-und-Videos,steinburg118.html\" title=\"Steinburg - Aktuelle Nachrichten und Videos\" rel=\"nofollow noopener\" target=\"_blank\">Kreis Steinburg<\/a>) ermittele bereits seit Januar. Ziel der Cybergruppe war demnach, unter anderem die Computersysteme von Stadt- und Kreisverwaltungen oder Einzelhandelsketten lahmzulegen. | NDR Schleswig-Holstein 01.09.2026 06:00 Uhr<\/p>\n<p>        <img decoding=\"async\" src=\"https:\/\/www.europesays.com\/de\/wp-content\/uploads\/2026\/06\/hacker406.webp\" alt=\"H\u00e4nde halten ein Smartphone vor einem Laptop. Auf den Bildschirmen befinden sich abstrakte Codes.\" title=\"H\u00e4nde halten ein Smartphone vor einem Laptop. Auf den Bildschirmen befinden sich abstrakte Codes. | photocase.de, przemekklos\" class=\"responsive\" loading=\"lazy\"\/><\/p>\n<p>Hacker aus Nordfriesland, Brandenburg und Hessen sollen versucht haben, Computer von Beh\u00f6rden und H\u00e4ndlern lahmzulegen.<\/p>\n<p>        <img decoding=\"async\" src=\"https:\/\/www.europesays.com\/de\/wp-content\/uploads\/2026\/03\/podcastlogo104.webp.webp\" alt=\"Ein Mikrofon vor zwei Menschen.\" title=\"Ein Mikrofon vor zwei Menschen. | NDR, Janis R\u00f6hlig\" class=\"responsive\" loading=\"lazy\"\/><\/p>\n<p>Alles, was f\u00fcr Schleswig-Holstein wichtig ist: Im Nachrichten-Podcast von NDR 1 Welle Nord h\u00f6ren Sie das Neueste aus Schleswig-Holstein, Deutschland und der Welt.<\/p>\n<p>\n        06:29 Uhr\n    <\/p>\n<p>    Tausende Ausbildungsstellen in SH unbesetzt<\/p>\n<p class=\"\">Heute starten in vielen Betrieben im Land die neuen Azubis. Doch rund 4.100 Ausbildungsstellen in Schleswig-Holstein sind noch unbesetzt. Das hat die Landesagentur f\u00fcr Arbeit mitgeteilt. Das sind elf Prozent weniger als noch im vergangenen Jahr. Insbesondere im Einzelhandel und Handwerk werde noch gesucht. Rund 3.600 Bewerberinnen und Bewerber haben den Angaben nach noch keine Ausbildungsstelle gefunden. | NDR Schleswig-Holstein 01.09.2026 06:00 Uhr<\/p>\n<p>        <img decoding=\"async\" src=\"https:\/\/www.europesays.com\/de\/wp-content\/uploads\/2026\/09\/wohnraum-142.webp\" alt=\"Symbolbilder einer Wohnungsbesichtigung.\" title=\"Symbolbilder einer Wohnungsbesichtigung. | IMAGO \/ 20 Minuten\" class=\"responsive\" loading=\"lazy\"\/><\/p>\n<p>Die Landesregierung sieht einen Notstand wie bei Studierenden und will ein Azubiwerk schaffen &#8211; die Kammern sind skeptisch.<\/p>\n<p>        <img decoding=\"async\" src=\"https:\/\/www.europesays.com\/de\/wp-content\/uploads\/2026\/03\/podcastlogo104.webp.webp\" alt=\"Ein Mikrofon vor zwei Menschen.\" title=\"Ein Mikrofon vor zwei Menschen. | NDR, Janis R\u00f6hlig\" class=\"responsive\" loading=\"lazy\"\/><\/p>\n<p>Alles, was f\u00fcr Schleswig-Holstein wichtig ist: Im Nachrichten-Podcast von NDR 1 Welle Nord h\u00f6ren Sie das Neueste aus Schleswig-Holstein, Deutschland und der Welt.<\/p>\n<p>\n        06:20 Uhr\n    <\/p>\n<p>    Striktes Alkoholverbot am Kieler Hauptbahnhof &#8211; Weitere folgen<\/p>\n<p class=\"\">Ab heute gilt fl\u00e4chendeckend auf allen Bahnsteigen und in den Hallen in <a href=\"https:\/\/www.ndr.de\/nachrichten\/schleswig-holstein\/Kiel-Aktuelle-Nachrichten-News-und-Videos,kiel7262.html\" title=\"Kiel - Aktuelle Nachrichten und Videos\" rel=\"nofollow noopener\" target=\"_blank\">Kiel<\/a> <a href=\"https:\/\/www.ndr.de\/nachrichten\/schleswig-holstein\/kein-alkohol-am-hauptbahnhof-verbot-gilt-ab-heute-in-kiel,alkoholverbot-152.html\" title=\"Kein Alkohol am Hauptbahnhof: Verbot gilt ab heute in Kiel\" rel=\"nofollow noopener\" target=\"_blank\">ein Alkoholverbot<\/a>. In Restaurants oder Bars darf aber weiter Alkohol getrunken werden. Auch verschlossene Flaschen im Gep\u00e4ck sind erlaubt. Bis Mitte Oktober soll das Verbot schrittweise an allen 5.400 Bahnh\u00f6fen in Deutschland gelten. Die Deutsche Bahn will damit die Sicherheit f\u00fcr Reisende und Bahnmitarbeitende erh\u00f6hen. | NDR Schleswig-Holstein 01.09.2026 06:00 Uhr<\/p>\n<p>        <img decoding=\"async\" src=\"https:\/\/www.europesays.com\/de\/wp-content\/uploads\/2026\/09\/kielhbf-102.webp\" alt=\"Bierflaschen stehen auf einem Bahnsteig\" title=\"Bierflaschen stehen auf einem Bahnsteig | picture alliance \/ SNS\" class=\"responsive\" loading=\"lazy\"\/><\/p>\n<p>Damit will die Bahn der Gewalt gegen Reisende und Personal entgegenwirken. Sicherheitskr\u00e4fte der Bahn sollen das Verbot umsetzen.<\/p>\n<p>        <img decoding=\"async\" src=\"https:\/\/www.europesays.com\/de\/wp-content\/uploads\/2026\/03\/podcastlogo104.webp.webp\" alt=\"Ein Mikrofon vor zwei Menschen.\" title=\"Ein Mikrofon vor zwei Menschen. | NDR, Janis R\u00f6hlig\" class=\"responsive\" loading=\"lazy\"\/><\/p>\n<p>Alles, was f\u00fcr Schleswig-Holstein wichtig ist: Im Nachrichten-Podcast von NDR 1 Welle Nord h\u00f6ren Sie das Neueste aus Schleswig-Holstein, Deutschland und der Welt.<\/p>\n<p>\n        06:10 Uhr\n    <\/p>\n<p>    Das Wetter in Schleswig-Holstein: Wolkig und \u00fcberwiegend Schauer<\/p>\n<p class=\"\">Heute wird es wechselnd bew\u00f6lkt mit etwas Sonne, hin und wieder folgen Regen oder Schauer, vereinzelt auch kurze Gewitter. Gegen Abend wird es in einigen Regionen trocken und teilweise noch heiter. H\u00f6chstwerte liegen bei 19 Grad in Nieb\u00fcll (<a href=\"https:\/\/www.ndr.de\/nachrichten\/schleswig-holstein\/Nordfriesland-Aktuelle-Nachrichten-und-Videos,nordfriesland174.html\" title=\"Nordfriesland - Aktuelle Nachrichten und Videos\" rel=\"nofollow noopener\" target=\"_blank\">Kreis Nordfriesland<\/a>) bis 21 Grad am Schaalsee (<a href=\"https:\/\/www.ndr.de\/nachrichten\/schleswig-holstein\/Herzogtum-Lauenburg-Aktuelle-Nachrichten-und-Videos,herzogtumlauenburg126.html\" title=\"Herzogtum Lauenburg - Aktuelle Nachrichten und Videos\" rel=\"nofollow noopener\" target=\"_blank\">Kreis Herzogtum Lauenburg<\/a>). Es weht ein m\u00e4\u00dfiger und b\u00f6iger, an der See frischer Wind aus westlichen Richtungen mit starken, in exponierten Lagen st\u00fcrmischen B\u00f6en. | NDR Schleswig-Holstein 01.09.2026 06:00 Uhr<\/p>\n<p>        <img decoding=\"async\" src=\"https:\/\/www.europesays.com\/de\/wp-content\/uploads\/2026\/09\/wetter-6934.webp\" alt=\"NDR Schleswig-Holstein Moderatorin Doreen Pelz mit der Wettervorhersage.\" title=\"NDR Schleswig-Holstein Moderatorin Doreen Pelz mit der Wettervorhersage. | NDR\" class=\"responsive\" loading=\"lazy\"\/><\/p>\n<p>NDR Schleswig-Holstein Moderatorin Doreen Pelz mit den Aussichten f\u00fcr den 2. September und die kommenden Tage.<\/p>\n","protected":false},"excerpt":{"rendered":"AUDIO: Nachrichten 16:00 Uhr &#8211; 01.09.2026 (4 Min) Stand: 01.09.2026 16:42 Uhr Nachrichten aus Schleswig-Holstein vom 1. September&hellip;\n","protected":false},"author":2,"featured_media":898760,"comment_status":"","ping_status":"","sticky":false,"template":"","format":"standard","meta":{"footnotes":"","_share_on_mastodon":"0"},"categories":[1852],"tags":[590,3364,29,548,663,3934,30,13,4949,17462,14,15,12,1971,17461,1973],"class_list":["post-1274115","post","type-post","status-publish","format-standard","has-post-thumbnail","category-kiel","tag-aktuell","tag-de","tag-deutschland","tag-eu","tag-europa","tag-europe","tag-germany","tag-headlines","tag-kiel","tag-kompakt","tag-nachrichten","tag-news","tag-schlagzeilen","tag-schleswig-holstein","tag-ueberblick","tag-wetter"],"share_on_mastodon":{"url":"https:\/\/pubeurope.com\/@de\/117196887518670453","error":""},"_links":{"self":[{"href":"https:\/\/www.europesays.com\/de\/wp-json\/wp\/v2\/posts\/1274115","targetHints":{"allow":["GET"]}}],"collection":[{"href":"https:\/\/www.europesays.com\/de\/wp-json\/wp\/v2\/posts"}],"about":[{"href":"https:\/\/www.europesays.com\/de\/wp-json\/wp\/v2\/types\/post"}],"author":[{"embeddable":true,"href":"https:\/\/www.europesays.com\/de\/wp-json\/wp\/v2\/users\/2"}],"replies":[{"embeddable":true,"href":"https:\/\/www.europesays.com\/de\/wp-json\/wp\/v2\/comments?post=1274115"}],"version-history":[{"count":0,"href":"https:\/\/www.europesays.com\/de\/wp-json\/wp\/v2\/posts\/1274115\/revisions"}],"wp:featuredmedia":[{"embeddable":true,"href":"https:\/\/www.europesays.com\/de\/wp-json\/wp\/v2\/media\/898760"}],"wp:attachment":[{"href":"https:\/\/www.europesays.com\/de\/wp-json\/wp\/v2\/media?parent=1274115"}],"wp:term":[{"taxonomy":"category","embeddable":true,"href":"https:\/\/www.europesays.com\/de\/wp-json\/wp\/v2\/categories?post=1274115"},{"taxonomy":"post_tag","embeddable":true,"href":"https:\/\/www.europesays.com\/de\/wp-json\/wp\/v2\/tags?post=1274115"}],"curies":[{"name":"wp","href":"https:\/\/api.w.org\/{rel}","templated":true}]}}