{"id":127412,"date":"2025-05-21T06:39:08","date_gmt":"2025-05-21T06:39:08","guid":{"rendered":"https:\/\/www.europesays.com\/de\/127412\/"},"modified":"2025-05-21T06:39:08","modified_gmt":"2025-05-21T06:39:08","slug":"berlin-will-huerden-fuer-lebensmittelspenden-beseitigen","status":"publish","type":"post","link":"https:\/\/www.europesays.com\/de\/127412\/","title":{"rendered":"Berlin will H\u00fcrden f\u00fcr Lebensmittelspenden beseitigen"},"content":{"rendered":"<p class=\"tspAWh4 tspAWh5\">Berlin will die Verschwendung von Lebensmitteln deutlich reduzieren und setzt sich im Bund f\u00fcr gesetzliche \u00c4nderungen ein. Derzeit werden Lebensmittelspenden aus Sicht von Berlins Verbraucherschutzsenatorin Felor Badenberg (CDU) <a href=\"https:\/\/www.tagesspiegel.de\/berlin\/krasse-willkur-fur-eine-gute-sache-die-hohen-hurden-des-foodsharings-in-berlin-13549438.html?icid=in-text-link_13727215\" class=\"link link--internal\" data-gtm-class=\"article-text-link\" data-gtm-val=\"internal\" rel=\"nofollow noopener\" target=\"_blank\">durch b\u00fcrokratische und rechtliche H\u00fcrden erschwert<\/a>. Bei der Konferenz der L\u00e4nder-Verbraucherschutzminister, die heute in Berlin beginnt, geh\u00f6rt das Thema f\u00fcr sie als Vorsitzende zu den Schwerpunkten.\u00a0<\/p>\n<p><a href=\"https:\/\/abo.tagesspiegel.de\/tagesspiegel-app?icid=single-topic_13727215___\" data-gtm-class=\"article-mzt-link\" class=\"tspB5md\" rel=\"nofollow noopener\" target=\"_blank\">Die Tagesspiegel-App Aktuelle Nachrichten, Hintergr\u00fcnde und Analysen direkt auf Ihr Smartphone. Dazu die digitale Zeitung. Hier gratis herunterladen.  <\/a><\/p>\n<p class=\"tspAWh4\">F\u00fcr die Beratungen k\u00fcndigte Badenberg zwei Antr\u00e4ge an. Deren Ziel sei es, das Spenden von Lebensmitteln zu erleichtern und Gro\u00dfm\u00e4rkten zu erm\u00f6glichen, Lebensmittel zu retten.\u00a0<\/p>\n<p> Weniger B\u00fcrokratie, mehr Lebensmittelspenden <\/p>\n<p class=\"tspAWh4\">\u201eInsgesamt brauchen wir mehr Aufmerksamkeit f\u00fcr das Thema, mehr Wertsch\u00e4tzung f\u00fcr Lebensmittel. Denn 58 Prozent der Abf\u00e4lle fallen in den privaten Haushalten an\u201c, sagte Badenberg der Deutschen Presse-Agentur. \u201eLebensmittelverschwendung ist ein strukturelles Problem, das insbesondere in den Metropolen auftritt, einfach weil es hier mehr gastronomische Betriebe oder Kantinen gibt\u201c, so die Senatorin.\u00a0<\/p>\n<p class=\"tspAWh4\"><a href=\"https:\/\/www.tagesspiegel.de\/berlin\/jede-person-produziert-29-kilo-abfall-pro-jahr-verschwendung-von-essen-soll-in-berlin-abnehmen-13063696.html?icid=in-text-link_13727215\" class=\"link link--internal\" data-gtm-class=\"article-text-link\" data-gtm-val=\"internal\" rel=\"nofollow noopener\" target=\"_blank\">Sie hat in der Hauptstadt einen Runden Tisch initiiert, an dem der Handel und Organisationen wie die Tafel beteiligt waren.<\/a> \u201eDabei haben wir festgestellt, dass Lebensmittelspenden zu h\u00e4ufig durch b\u00fcrokratische und rechtliche H\u00fcrden erschwert und weiterhin zu gro\u00dfe Mengen an gutem Essen weggeworfen werden\u201c, sagte Badenberg.\u00a0<\/p>\n<p class=\"tspSdi\">Empfohlener redaktioneller Inhalt<\/p>\n<p> An dieser Stelle finden Sie einen von unseren Redakteuren ausgew\u00e4hlten, externen Inhalt, der den Artikel f\u00fcr Sie mit zus\u00e4tzlichen Informationen anreichert. Sie k\u00f6nnen sich hier den externen Inhalt mit einem Klick anzeigen lassen oder wieder ausblenden. <\/p>\n<p> Externen Inhalt anzeigen <\/p>\n<p class=\"tspSdo\"> Ich bin damit einverstanden, dass mir der externe Inhalt angezeigt wird. Damit k\u00f6nnen personenbezogene Daten an Drittplattformen \u00fcbermittelt werden.  Mehr Informationen dazu erhalten Sie in den Datenschutz-Einstellungen. Diese finden Sie ganz unten auf unserer Seite im Footer, sodass Sie Ihre Einstellungen jederzeit verwalten oder widerrufen k\u00f6nnen. <\/p>\n<p> Millionen Tonnen genie\u00dfbares Essen landen im M\u00fcll <\/p>\n<p class=\"tspAWh4\">Rund 10,8 Millionen Tonnen Lebensmittel landen j\u00e4hrlich in Deutschland im M\u00fcll, obwohl vieles davon noch genie\u00dfbar w\u00e4re. Das entspricht etwa 270.000 voll beladenen Lastwagen.\u00a0<\/p>\n<p class=\"tspAWh4\">Dies zeigt aus Sicht der Berliner Senatorin, dass die bisherigen Bem\u00fchungen nicht ausreichend waren und weiter verst\u00e4rkt werden m\u00fcssen. Die Verbraucherministerinnen und -minister sehen dabei aber in erster Linie den Bund in der Pflicht. \u201eDer Bund wird deshalb gebeten, die Beseitigung von rechtlichen Hemmnissen zu pr\u00fcfen, um noch genie\u00dfbare Lebensmittel f\u00fcr Lebensmittelspenden verf\u00fcgbar zu machen\u201c, hei\u00dft es in der Beschlussvorlage.<\/p>\n<p> EU-Vorgaben sollen Spenden einfacher machen\u00a0 <\/p>\n<p class=\"tspAWh4\">Unter anderem soll sich der Bund auf EU-Ebene daf\u00fcr einsetzen, dass es \u00c4nderungen bei Hygienevorschriften gibt. So sollen Haftungsrisiken f\u00fcr den Handel minimiert werden, um Spenden von Nahrung zu erleichtern.\u00a0<\/p>\n<p> Mehr zum Thema: <a href=\"https:\/\/www.tagesspiegel.de\/berlin\/jede-person-produziert-29-kilo-abfall-pro-jahr-verschwendung-von-essen-soll-in-berlin-abnehmen-13063696.html?icid=topic-list_13727215___\" data-gtm-class=\"article-mzt-link\" class=\"tspB5md\" rel=\"nofollow noopener\" target=\"_blank\">Jede Person produziert 29 Kilo Abfall pro Jahr Verschwendung von Essen soll in Berlin abnehmen <\/a><a href=\"https:\/\/www.tagesspiegel.de\/berlin\/krasse-willkur-fur-eine-gute-sache-die-hohen-hurden-des-foodsharings-in-berlin-13549438.html?icid=topic-list_13727215___\" data-gtm-class=\"article-mzt-link\" class=\"tspB5md\" rel=\"nofollow noopener\" target=\"_blank\">\u201eVerteil-Tisch\u201c musste schlie\u00dfen Die hohen H\u00fcrden f\u00fcr Lebensmittelretter in Berlin <\/a><a href=\"https:\/\/www.tagesspiegel.de\/berlin\/berliner-wirtschaft\/spatis-als-lebensmittelretter-zum-bier-den-apfel-gratis-dazu-13065367.html?icid=topic-list_13727215___\" data-gtm-class=\"article-mzt-link\" class=\"tspB5md\" rel=\"nofollow noopener\" target=\"_blank\">Sp\u00e4tis als Lebensmittelretter Zum Bier den Apfel gratis dazu <\/a><\/p>\n<p class=\"tspAWh4\">Ziel der Bundesregierung ist, bis 2030 die Lebensmittelverschwendung in Deutschland pro Kopf auf Einzelhandels- und Verbraucherebene zu halbieren. 2023 haben sich Bundesagrarministerium und Handelsunternehmen auf weitere Schritte verst\u00e4ndigt. So sollen L\u00e4den verst\u00e4rkt Lebensmittel weitergeben und Kooperationen mit Tafeln sowie anderen sozialen Einrichtungen oder Plattformen ausbauen. (dpa)<\/p>\n","protected":false},"excerpt":{"rendered":"Berlin will die Verschwendung von Lebensmitteln deutlich reduzieren und setzt sich im Bund f\u00fcr gesetzliche \u00c4nderungen ein. Derzeit&hellip;\n","protected":false},"author":2,"featured_media":127126,"comment_status":"","ping_status":"","sticky":false,"template":"","format":"standard","meta":{"footnotes":""},"categories":[1834],"tags":[31,3364,29,3688,30,1209,1085],"class_list":{"0":"post-127412","1":"post","2":"type-post","3":"status-publish","4":"format-standard","5":"has-post-thumbnail","7":"category-essen","8":"tag-cdu","9":"tag-de","10":"tag-deutschland","11":"tag-essen","12":"tag-germany","13":"tag-nordrhein-westfalen","14":"tag-verbraucherschutz"},"share_on_mastodon":{"url":"https:\/\/pubeurope.com\/@de\/114544454159227122","error":""},"_links":{"self":[{"href":"https:\/\/www.europesays.com\/de\/wp-json\/wp\/v2\/posts\/127412","targetHints":{"allow":["GET"]}}],"collection":[{"href":"https:\/\/www.europesays.com\/de\/wp-json\/wp\/v2\/posts"}],"about":[{"href":"https:\/\/www.europesays.com\/de\/wp-json\/wp\/v2\/types\/post"}],"author":[{"embeddable":true,"href":"https:\/\/www.europesays.com\/de\/wp-json\/wp\/v2\/users\/2"}],"replies":[{"embeddable":true,"href":"https:\/\/www.europesays.com\/de\/wp-json\/wp\/v2\/comments?post=127412"}],"version-history":[{"count":0,"href":"https:\/\/www.europesays.com\/de\/wp-json\/wp\/v2\/posts\/127412\/revisions"}],"wp:featuredmedia":[{"embeddable":true,"href":"https:\/\/www.europesays.com\/de\/wp-json\/wp\/v2\/media\/127126"}],"wp:attachment":[{"href":"https:\/\/www.europesays.com\/de\/wp-json\/wp\/v2\/media?parent=127412"}],"wp:term":[{"taxonomy":"category","embeddable":true,"href":"https:\/\/www.europesays.com\/de\/wp-json\/wp\/v2\/categories?post=127412"},{"taxonomy":"post_tag","embeddable":true,"href":"https:\/\/www.europesays.com\/de\/wp-json\/wp\/v2\/tags?post=127412"}],"curies":[{"name":"wp","href":"https:\/\/api.w.org\/{rel}","templated":true}]}}