{"id":1274120,"date":"2026-09-01T17:10:41","date_gmt":"2026-09-01T17:10:41","guid":{"rendered":"https:\/\/www.europesays.com\/de\/1274120\/"},"modified":"2026-09-01T17:10:41","modified_gmt":"2026-09-01T17:10:41","slug":"borussia-moenchengladbach-deutscher-offensiv-star-kommt-sport","status":"publish","type":"post","link":"https:\/\/www.europesays.com\/de\/1274120\/","title":{"rendered":"Borussia M\u00f6nchengladbach: Deutscher Offensiv-Star kommt | Sport"},"content":{"rendered":"<p><a class=\"skip-content skip-content--link\" href=\"#in-content-skip-link-target-v-0-0\">TTS-Player \u00fcberspringen\u21b5<\/a><a id=\"in-content-skip-link-target-v-0-0\" class=\"skip-content--target-link-hidden skip-content skip-content--target-link\" href=\"#in-content-skip-link-target-v-0-0\">Artikel weiterlesen<\/a><\/p>\n<p><b>Der n\u00e4chste Coup am Deadline Day von Gladbachs Sport-Boss Rouven Schr\u00f6der (50)! Eigentlich wurden bei Borussia nur noch Verk\u00e4ufe erwartet \u2013 bisher konnten aber weder Joe Scally (23), Florian Neuhaus (29) noch Tomas Cvancara (26) verkauft werden. Daf\u00fcr schlug Schr\u00f6der wie schon im Winter (da kam noch Hugo Bolin) am letzten Tag der Transferperiode selbst zu: Borussia leiht Offensivflitzer Nicolas K\u00fchn (26) f\u00fcr ein Jahr ohne Kaufoption vom italienischen Erstligisten AC Como aus. Ohne Leihgeb\u00fchr\u00a0\u2026<\/b><\/p>\n<p>Schr\u00f6der: \u201eWir haben immer gesagt, dass wir zuschlagen wollen, wenn sich noch einmal ein spannendes Fenster \u00f6ffnet mit einem Spieler, der uns direkt verst\u00e4rkt, dessen Profil wir nicht so im Kader haben und der wirtschaftlich realisierbar ist.\u201d K\u00fchn (hat momentan laut dem Portal transfermarkt.de noch einen Marktwert von 10 Millionen Euro) war im Juli 2025 f\u00fcr die stolze Abl\u00f6se von 19 Millionen Euro von Celtic Glasgow nach Como gewechselt. Dort konnte er allerdings nicht so auftrumpfen, kam in der abgelaufenen Saison bei 25 Eins\u00e4tzen allerdings nur auf ein Tor und zwei Vorlagen. Seine beste Zeit hatte K\u00fchn zuvor bei Celtic erlebt. In seinen 69 Pflichtspiel-Eins\u00e4tzen f\u00fcr die Schotten markierte er 24 Tore, steuerte zudem 18 Torvorlagen bei. Pers\u00f6nlicher H\u00f6hepunkt: das Champions-League-Duell mit Bayern M\u00fcnchen. Beim 1:1 im Februar 2025 in M\u00fcnchen erzielte K\u00fchn den Treffer f\u00fcr Celtic, sicherte ein unerwartetes Unentschieden.<\/p>\n<p>K\u00fchn freut sich schon auf die <a href=\"https:\/\/www.bild.de\/sport\/fussball\/bundesliga\/bundesliga-startseite-52368768.bild.html\" class=\"text-link\" rel=\"nofollow noopener\" target=\"_blank\">Bundesliga<\/a> mit <a href=\"https:\/\/www.bild.de\/sport\/fussball\/borussia-moenchengladbach\/startseite-borussia-moenchengladbach-31074418.bild.html\" class=\"text-link\" rel=\"nofollow noopener\" target=\"_blank\">Gladbach: \u201e<\/a>Ich hatte sehr gute Gespr\u00e4che mit den Verantwortlichen, sodass mir ziemlich schnell klar war, dass ich diesen Schritt machen m\u00f6chte. Borussia ist ein ambitionierter und cooler Verein. Entsprechend freue ich mich sehr auf die Fans und das Stadion. Generell war es immer mein Ziel, in der Bundesliga zu spielen, und ich bin sehr froh, dass es nun Realit\u00e4t wird.\u201c<\/p>\n","protected":false},"excerpt":{"rendered":"TTS-Player \u00fcberspringen\u21b5Artikel weiterlesen Der n\u00e4chste Coup am Deadline Day von Gladbachs Sport-Boss Rouven Schr\u00f6der (50)! Eigentlich wurden bei&hellip;\n","protected":false},"author":2,"featured_media":1274121,"comment_status":"","ping_status":"","sticky":false,"template":"","format":"standard","meta":{"footnotes":"","_share_on_mastodon":"0"},"categories":[1849],"tags":[1263,815,3364,29,538,548,663,3934,30,13,263054,4455,14,15,1209,100524,12,126094,803,819],"class_list":["post-1274120","post","type-post","status-publish","format-standard","has-post-thumbnail","category-moenchengladbach","tag-aufmacher-bereich","tag-borussia-moenchengladbach","tag-de","tag-deutschland","tag-erste-bundesliga","tag-eu","tag-europa","tag-europe","tag-germany","tag-headlines","tag-kuehn-nicolas","tag-moenchengladbach","tag-nachrichten","tag-news","tag-nordrhein-westfalen","tag-polanski-eugen","tag-schlagzeilen","tag-schroeder-rouven","tag-spielertransfer","tag-sport-leuchtturm-essen"],"share_on_mastodon":{"url":"https:\/\/pubeurope.com\/@de\/117196896720850166","error":""},"_links":{"self":[{"href":"https:\/\/www.europesays.com\/de\/wp-json\/wp\/v2\/posts\/1274120","targetHints":{"allow":["GET"]}}],"collection":[{"href":"https:\/\/www.europesays.com\/de\/wp-json\/wp\/v2\/posts"}],"about":[{"href":"https:\/\/www.europesays.com\/de\/wp-json\/wp\/v2\/types\/post"}],"author":[{"embeddable":true,"href":"https:\/\/www.europesays.com\/de\/wp-json\/wp\/v2\/users\/2"}],"replies":[{"embeddable":true,"href":"https:\/\/www.europesays.com\/de\/wp-json\/wp\/v2\/comments?post=1274120"}],"version-history":[{"count":0,"href":"https:\/\/www.europesays.com\/de\/wp-json\/wp\/v2\/posts\/1274120\/revisions"}],"wp:featuredmedia":[{"embeddable":true,"href":"https:\/\/www.europesays.com\/de\/wp-json\/wp\/v2\/media\/1274121"}],"wp:attachment":[{"href":"https:\/\/www.europesays.com\/de\/wp-json\/wp\/v2\/media?parent=1274120"}],"wp:term":[{"taxonomy":"category","embeddable":true,"href":"https:\/\/www.europesays.com\/de\/wp-json\/wp\/v2\/categories?post=1274120"},{"taxonomy":"post_tag","embeddable":true,"href":"https:\/\/www.europesays.com\/de\/wp-json\/wp\/v2\/tags?post=1274120"}],"curies":[{"name":"wp","href":"https:\/\/api.w.org\/{rel}","templated":true}]}}