{"id":127413,"date":"2025-05-21T06:40:12","date_gmt":"2025-05-21T06:40:12","guid":{"rendered":"https:\/\/www.europesays.com\/de\/127413\/"},"modified":"2025-05-21T06:40:12","modified_gmt":"2025-05-21T06:40:12","slug":"so-teuer-wird-die-hoeschallee-fuer-die-stadt-dortmund","status":"publish","type":"post","link":"https:\/\/www.europesays.com\/de\/127413\/","title":{"rendered":"So teuer wird die Hoeschallee f\u00fcr die Stadt Dortmund"},"content":{"rendered":"<p>    <a href=\"https:\/\/www.ruhrnachrichten.de\/wp-content\/uploads\/2025\/05\/20\/15\/630_0900_4729612_Combo_Brackeler_Rybicki-1623x824.jpg\" rel=\"nofollow noopener\" target=\"_blank\"><\/p>\n<p>            <img decoding=\"async\" fetchpriority=\"high\" src=\"https:\/\/www.europesays.com\/de\/wp-content\/uploads\/2025\/05\/630_0900_4729611_Combo_Brackeler_Rybicki-640x428.jpg\" width=\"640\" height=\"428\"  alt=\"Ein Portr\u00e4t von Baudezernent Arnulf Rybicki und ein Bild von der Bauselle mit Kanalbauarbeiten an der Brackeler Stra\u00dfe \u2013 dort, wo die Hoeschallee beginnen soll.\"\/><\/p>\n<p>    <\/a><br \/>\n    Baudezernent Arnulf Rybicki k\u00fcndigt den Baustart f\u00fcr die Hoeschallee an &#8211; dort, wo aktuell schon Kanalbauarbeiten n\u00f6rdlich der Brackeler Stra\u00dfe laufen. \u00a9 Volmerich\/Archiv<\/p>\n<p class=\"article__teaser-text\">Die Stadt Dortmund muss den Bau der Hoeschallee \u00fcber die Westfalenh\u00fctte aus eigenen Mitteln tragen &#8211; jetzt zeichnet sich ab, wie teuer es wird.<\/p>\n<p>2 Min Lesezeit<\/p>\n<p>Nachdem sich alle Hoffnungen auf finanzielle F\u00f6rderung durch das Land zerschlagen haben, will die Stadt Dortmund jetzt N\u00e4gel mit K\u00f6pfen machen: Wie bereits angek\u00fcndigt soll der Rat am 3. Juli den Baubeschluss f\u00fcr den ersten Abschnitt treffen. Der beginnt im s\u00fcdlichen Abschnitt mit dem Abzweig von der Brackeler Stra\u00dfe in das k\u00fcnftige Gewerbegebiet am S\u00fcdrand der Westfalenh\u00fctte.<\/p>\n<p> Gr\u00f6\u00dfte Bauaufgabe ist dabei der Bau der neuen Kreuzung mit der Brackeler Stra\u00dfe, die zwei zus\u00e4tzliche Abbiegespuren bekommt, erkl\u00e4rt Baudezernent Arnulf Rybicki. Die Kosten f\u00fcr den ersten Bauabschnitt werden mit 7,6 Millionen Euro beziffert. Wenn der Rat den Baubeschluss trifft, sollen die Arbeiten im Juni 2026 starten und im September 2027 abgeschlossen werden. Aktuell laufen dort schon Kanalbauarbeiten f\u00fcr das geplante Gewerbegebiet<\/p>\n<p>Zugleich gibt es neue Sch\u00e4tzungen zu den Gesamtkosten f\u00fcr den Bau der Hoeschallee, die von der Brackeler Stra\u00dfe quer \u00fcber das Gel\u00e4nde der Westfalenh\u00fctte bis zur Bornstra\u00dfe f\u00fchren soll. War zuletzt von rund 50 Millionen Euro die Rede, wird die H\u00f6he der Gesamtinvestition jetzt mit 62 Millionen angegeben. Dazu kommen die rund 19 Millionen Euro f\u00fcr die Br\u00fccke der Hoeschallee, die in H\u00f6he Hildastra\u00dfe \u00fcber die Bahngleise f\u00fchrt. Sie ist bereits kurz vor der Fertigstellung, weil der Bau mit Blick auf die Abstimmung mit der Bahn und dem Siemens-RRX-Depot vorgezogen worden war.<\/p>\n<p><img decoding=\"async\" width=\"1024\" height=\"683\" loading=\"lazy\" src=\"https:\/\/www.europesays.com\/de\/wp-content\/uploads\/2025\/05\/630_0900_4729614_Luftbild_Westfalenhuette_Gruener_Ring-1024x683.jpg\" alt=\"Ein Luftbild der Westfalenh\u00fctte, \u00fcber die die Hoeschallee verlaufen soll. \" class=\"wp-image-2001666537\" title=\"Ein Luftbild der Westfalenh\u00fctte, \u00fcber die die Hoeschallee verlaufen soll. \"  \/>Quer \u00fcber das Gel\u00e4nde der Westfalenh\u00fctte soll die Hoeschallee verlaufen.\u00a9 Blossey (A)<\/p>\n<p>Bis die ersten Autos \u00fcber die Br\u00fccke und die Hoeschallee rollen, wird allerdings noch viel Zeit vergehen. Komplett fertig sein soll die neue Verbindung nach den aktuellen Planungen der Stadt im Sommer 2032. F\u00fcr die weiteren Bauabschnitte seien auch noch einmal separate Baubeschl\u00fcsse durch den Rat n\u00f6tig, k\u00fcndigte Rybicki an.<\/p>\n<p>Nach dem ersten Bauabschnitt im S\u00fcden soll der Anschluss an die Hildstra\u00dfe folgen, sp\u00e4ter dann die mittleren Abschnitte mit der Kreuzung zur geplanten Westfalenh\u00fctten-Allee, die in Ost-West-Richtung \u00fcber die Westfalenh\u00fctte f\u00fchrt. Die alte Springorumstra\u00dfe wird zur Werksstra\u00dfe f\u00fcr Thyssen-Krupp. Daf\u00fcr ist dann auch noch einmal eine neue Br\u00fccke n\u00f6tig.<\/p>\n<p>Parallel zum Bau der Hoeschallee l\u00e4uft <a href=\"https:\/\/www.ruhrnachrichten.de\/dortmund\/neuer-park-verspricht-schoene-neue-aussichten-auf-die-stadt-plaene-fuer-gruenen-ring-stehen-dortmund-w886595-2001227788\/\" data-imported=\"1\" title=\"Neuer Park f\u00fcr Dortmunds Innenstadt geplant: Er soll gr\u00f6\u00dfer werden als der Phoenix-See\" rel=\"nofollow noopener\" target=\"_blank\">der Bau des Gr\u00fcnen Rings als neuer Park am Rand der Westfalenh\u00fctte,<\/a> der in wenigen Wochen offiziell starten soll \u2013 in diesem Fall mit gro\u00dfz\u00fcgiger F\u00f6rderung des Landes. Die Hoffnung auf eine Landesf\u00f6rderung f\u00fcr die Hoeschallee hatte sich zerschlagen, weil aus dem Verkehrsetat des Landes nur noch Erhalt und Sanierung des bestehenden Stra\u00dfennetzes unterst\u00fctzt werden. Die Stadt muss nun die kompletten Kosten f\u00fcr den Bau der Hoeschallee aus eigenen Mitteln tragen.<\/p>\n<p>\t\t<a href=\"https:\/\/www.ruhrnachrichten.de\/dortmund\/hoeschallee-dortmund-neubau-strasse-projekt-kosten-stadt-bruecke-westfalenhuette-w1029438-2001651561\/\" rel=\"nofollow noopener\" aria-hidden=\"true\" tabindex=\"-1\" target=\"_blank\"><\/p>\n<p>                <img decoding=\"async\" src=\"https:\/\/www.europesays.com\/de\/wp-content\/uploads\/2025\/05\/630_0900_4696283_Bruecke_Westfalenhuette_002_-160x160.jpg\"  width=\"160\" height=\"160\" alt=\"\" loading=\"lazy\"\/><\/p>\n<p>\t\t<\/a><\/p>\n<p>\t\t<a href=\"https:\/\/www.ruhrnachrichten.de\/dortmund\/neuer-park-verspricht-schoene-neue-aussichten-auf-die-stadt-plaene-fuer-gruenen-ring-stehen-dortmund-w886595-2001227788\/\" rel=\"nofollow noopener\" aria-hidden=\"true\" tabindex=\"-1\" target=\"_blank\"><\/p>\n<p>                <img decoding=\"async\" src=\"https:\/\/www.europesays.com\/de\/wp-content\/uploads\/2025\/04\/630_0900_3800942_ring_Sport-160x160.jpg\"  width=\"160\" height=\"160\" alt=\"\" loading=\"lazy\"\/><\/p>\n<p>\t\t<\/a><\/p>\n<p>\t\t<a href=\"https:\/\/www.ruhrnachrichten.de\/dortmund\/ein-areal-mit-besonderer-geschichte-stadt-dortmund-will-sich-neue-gewerbeflaeche-sichern-w904729-2001274164\/\" rel=\"nofollow noopener\" aria-hidden=\"true\" tabindex=\"-1\" target=\"_blank\"><\/p>\n<p>                <img decoding=\"async\" src=\"https:\/\/www.europesays.com\/de\/wp-content\/uploads\/2025\/05\/630_0900_3903382_combo_szuggat-160x158.jpg\"  width=\"160\" height=\"158\" alt=\"\" loading=\"lazy\"\/><\/p>\n<p>\t\t<\/a><\/p>\n<p>\t\t<a href=\"https:\/\/www.ruhrnachrichten.de\/dortmund\/muss-die-nordspange-abspecken-politik-streitet-ueber-teure-strassenbau-plaene-w728620-2000801290\/\" rel=\"nofollow noopener\" aria-hidden=\"true\" tabindex=\"-1\" target=\"_blank\"><\/p>\n<p>                <img decoding=\"async\" src=\"https:\/\/www.europesays.com\/de\/wp-content\/uploads\/2025\/05\/630_0900_2893557_EDG14-160x160.jpg\"  width=\"160\" height=\"160\" alt=\"\" loading=\"lazy\"\/><\/p>\n<p>\t\t<\/a><\/p>\n<p>\n\t<a href=\"https:\/\/www.ruhrnachrichten.de\" class=\"button button--brand button--link home-button\" rel=\"nofollow noopener\" target=\"_blank\">Zur Startseite<\/a><\/p>\n","protected":false},"excerpt":{"rendered":"Baudezernent Arnulf Rybicki k\u00fcndigt den Baustart f\u00fcr die Hoeschallee an &#8211; dort, wo aktuell schon Kanalbauarbeiten n\u00f6rdlich der&hellip;\n","protected":false},"author":2,"featured_media":127414,"comment_status":"","ping_status":"","sticky":false,"template":"","format":"standard","meta":{"footnotes":""},"categories":[1833],"tags":[3364,29,217,30,1209,3587,47669],"class_list":{"0":"post-127413","1":"post","2":"type-post","3":"status-publish","4":"format-standard","5":"has-post-thumbnail","7":"category-dortmund","8":"tag-de","9":"tag-deutschland","10":"tag-dortmund","11":"tag-germany","12":"tag-nordrhein-westfalen","13":"tag-verkehr-mobilitaet","14":"tag-westfalenhuette"},"share_on_mastodon":{"url":"https:\/\/pubeurope.com\/@de\/114544458091019218","error":""},"_links":{"self":[{"href":"https:\/\/www.europesays.com\/de\/wp-json\/wp\/v2\/posts\/127413","targetHints":{"allow":["GET"]}}],"collection":[{"href":"https:\/\/www.europesays.com\/de\/wp-json\/wp\/v2\/posts"}],"about":[{"href":"https:\/\/www.europesays.com\/de\/wp-json\/wp\/v2\/types\/post"}],"author":[{"embeddable":true,"href":"https:\/\/www.europesays.com\/de\/wp-json\/wp\/v2\/users\/2"}],"replies":[{"embeddable":true,"href":"https:\/\/www.europesays.com\/de\/wp-json\/wp\/v2\/comments?post=127413"}],"version-history":[{"count":0,"href":"https:\/\/www.europesays.com\/de\/wp-json\/wp\/v2\/posts\/127413\/revisions"}],"wp:featuredmedia":[{"embeddable":true,"href":"https:\/\/www.europesays.com\/de\/wp-json\/wp\/v2\/media\/127414"}],"wp:attachment":[{"href":"https:\/\/www.europesays.com\/de\/wp-json\/wp\/v2\/media?parent=127413"}],"wp:term":[{"taxonomy":"category","embeddable":true,"href":"https:\/\/www.europesays.com\/de\/wp-json\/wp\/v2\/categories?post=127413"},{"taxonomy":"post_tag","embeddable":true,"href":"https:\/\/www.europesays.com\/de\/wp-json\/wp\/v2\/tags?post=127413"}],"curies":[{"name":"wp","href":"https:\/\/api.w.org\/{rel}","templated":true}]}}