{"id":1274131,"date":"2026-09-01T17:18:38","date_gmt":"2026-09-01T17:18:38","guid":{"rendered":"https:\/\/www.europesays.com\/de\/1274131\/"},"modified":"2026-09-01T17:18:38","modified_gmt":"2026-09-01T17:18:38","slug":"ben-farhat-wechselt-zum-sc-freiburg-bleibt-aber-beim-ksc","status":"publish","type":"post","link":"https:\/\/www.europesays.com\/de\/1274131\/","title":{"rendered":"Ben Farhat wechselt zum SC Freiburg, bleibt aber beim KSC"},"content":{"rendered":"<p> <img decoding=\"async\" src=\"https:\/\/www.europesays.com\/de\/wp-content\/uploads\/2026\/09\/71b8e1651c9c0117fb7f67acf1e70bd4df6f4b88.jpg\" alt=\"\"\/> <\/p>\n<p><strong>Fu\u00dfball-Bundesligist SC Freiburg<\/strong> verst\u00e4rkt sich mit<strong> Louey Ben Farhat<\/strong>, verleiht den 20-j\u00e4hrigen Offensivspieler aber f\u00fcr ein Jahr direkt zur\u00fcck an seinen vorherigen Klub <strong>Karlsruher SC <\/strong>um den \u00f6sterreichischen Cheftrainer<strong> Maximilian Senft.\u00a0<\/strong>Das teilten beide Vereine am Dienstag mit.<\/p>\n<p><img decoding=\"async\" src=\"https:\/\/www.europesays.com\/de\/wp-content\/uploads\/2026\/09\/35ff4e2bdd60741aaab7bdbe7b3bf56b30de8de9.jpg\" alt=\"Bleibt per Leihe in Karlsruhe: Louey Ben Farhat (Foto: picture alliance\/Maximilian Koch\/picture alliance\/Maximilian Koch\/SID\/Maximilian Koch)\"\/><\/p>\n<p>Bleibt per Leihe in Karlsruhe: Louey Ben Farhat<\/p>\n<p>Foto: picture alliance\/Maximilian Koch\/picture alliance\/Maximilian Koch\/SID\/Maximilian Koch<\/p>\n<p>&#8222;Ich werde beim KSC alles reinhauen, um mit der Mannschaft erfolgreich zu sein und mich in die beste Verfassung zu bringen&#8220;, sagte Ben Farhat, der als Jugendspieler von den Stuttgarter Kickers zum Karlsruher SC wechselte und im M\u00e4rz 2024 mit 17 Jahren sein Zweitliga-Deb\u00fct gab. Insgesamt bestritt der in Deutschland geborene Tunesier dort 36 Spiele und schoss neun Tore.<\/p>\n<p>&#8222;Louey ist technisch sehr beschlagen und besitzt ein gutes Raumgef\u00fchl. Er kann selbst torgef\u00e4hrlich werden, aber auch seine Mitspieler richtig einsetzen&#8220;, sagte Klemens Hartenbach, Sportdirektor in Freiburg: &#8222;Mit der Leihe zum KSC haben wir ein optimales Modell gefunden. Louey wird dort weiter Spielpraxis auf hohem Niveau sammeln k\u00f6nnen.&#8220;<\/p>\n<p class=\"text-secondary\">\u00a9 2026 SID<\/p>\n","protected":false},"excerpt":{"rendered":"Fu\u00dfball-Bundesligist SC Freiburg verst\u00e4rkt sich mit Louey Ben Farhat, verleiht den 20-j\u00e4hrigen Offensivspieler aber f\u00fcr ein Jahr direkt&hellip;\n","protected":false},"author":2,"featured_media":1274132,"comment_status":"","ping_status":"","sticky":false,"template":"","format":"standard","meta":{"footnotes":"","_share_on_mastodon":"0"},"categories":[1844],"tags":[1634,16609,3364,29,30,8903,3850,19763,298],"class_list":["post-1274131","post","type-post","status-publish","format-standard","has-post-thumbnail","category-karlsruhe","tag-baden-wuerttemberg","tag-ben-farhat","tag-de","tag-deutschland","tag-germany","tag-karlsruhe","tag-karlsruher-sc","tag-leihe","tag-sc-freiburg"],"share_on_mastodon":{"url":"https:\/\/pubeurope.com\/@de\/117196932139941636","error":""},"_links":{"self":[{"href":"https:\/\/www.europesays.com\/de\/wp-json\/wp\/v2\/posts\/1274131","targetHints":{"allow":["GET"]}}],"collection":[{"href":"https:\/\/www.europesays.com\/de\/wp-json\/wp\/v2\/posts"}],"about":[{"href":"https:\/\/www.europesays.com\/de\/wp-json\/wp\/v2\/types\/post"}],"author":[{"embeddable":true,"href":"https:\/\/www.europesays.com\/de\/wp-json\/wp\/v2\/users\/2"}],"replies":[{"embeddable":true,"href":"https:\/\/www.europesays.com\/de\/wp-json\/wp\/v2\/comments?post=1274131"}],"version-history":[{"count":0,"href":"https:\/\/www.europesays.com\/de\/wp-json\/wp\/v2\/posts\/1274131\/revisions"}],"wp:featuredmedia":[{"embeddable":true,"href":"https:\/\/www.europesays.com\/de\/wp-json\/wp\/v2\/media\/1274132"}],"wp:attachment":[{"href":"https:\/\/www.europesays.com\/de\/wp-json\/wp\/v2\/media?parent=1274131"}],"wp:term":[{"taxonomy":"category","embeddable":true,"href":"https:\/\/www.europesays.com\/de\/wp-json\/wp\/v2\/categories?post=1274131"},{"taxonomy":"post_tag","embeddable":true,"href":"https:\/\/www.europesays.com\/de\/wp-json\/wp\/v2\/tags?post=1274131"}],"curies":[{"name":"wp","href":"https:\/\/api.w.org\/{rel}","templated":true}]}}