{"id":1274137,"date":"2026-09-01T17:23:17","date_gmt":"2026-09-01T17:23:17","guid":{"rendered":"https:\/\/www.europesays.com\/de\/1274137\/"},"modified":"2026-09-01T17:23:17","modified_gmt":"2026-09-01T17:23:17","slug":"ff-bad-salzuflen-freiwillige-feuerwehr-bad-salzuflen-rettet-pferd-aus","status":"publish","type":"post","link":"https:\/\/www.europesays.com\/de\/1274137\/","title":{"rendered":"FF Bad Salzuflen: Freiwillige Feuerwehr Bad Salzuflen rettet Pferd aus &#8230;"},"content":{"rendered":"<p class=\"date\">01.09.2026 \u2013 18:10<\/p>\n<p class=\"customer\">\n                        <a class=\"story-customer\" title=\"weiter zum newsroom von Freiwillige Feuerwehr Bad Salzuflen\" href=\"https:\/\/www.presseportal.de\/blaulicht\/nr\/135948\" rel=\"nofollow noopener\" target=\"_blank\">Freiwillige Feuerwehr Bad Salzuflen<\/a>\n                    <\/p>\n<p><a class=\"glightbox-pseudo event-trigger\" href=\"https:\/\/cache.pressmailing.net\/thumbnail\/story_hires\/cda34437-5781-43a0-96a0-aff68bb0370f\/2026-09-01_PferdimGraben2.jpeg.jpg\" data-description=\"Die Freiwillige Feuerwehr Bad Salzuflen rettet ein in Not geratenes Pferd aus einem Entw\u00e4sserungsgraben. Foto: Feuerwehr Bad Salzuflen\/Leon Stock\" data-category=\"medialightbox\" data-action=\"click\" data-label=\"single\" data-value=\"6a96f8ed270000fd2cc24d87\" rel=\"nofollow noopener\" target=\"_blank\"><img decoding=\"async\" height=\"540\" with=\"720\" src=\"https:\/\/www.europesays.com\/de\/wp-content\/uploads\/2026\/09\/ff-bad-salzuflen-freiwillige-feuerwehr-bad-salzuflen-rettet-pferd-aus-entw-sserungsgraben-29-j-hrige.jpeg\"   alt=\"FF Bad Salzuflen: Freiwillige Feuerwehr Bad Salzuflen rettet Pferd aus Entw\u00e4sserungsgraben \/ 29-j\u00e4hrige &quot;Sally&quot; nach rund 30 Minuten unverletzt auf den Beinen\" class=\"single\"\/><\/a><\/p>\n<p><a data-category=\"citylink-story-view\" data-action=\"click\" data-label=\"Citylink in Meldungsansicht\" class=\"story-city event-trigger\" href=\"https:\/\/www.presseportal.de\/regional\/Bad%20Salzuflen\" title=\"News aus Bad Salzuflen \" rel=\"nofollow noopener\" target=\"_blank\">Bad Salzuflen<\/a> (ots)<\/p>\n<p>(nkeu). Zu einem Tier in Notlage ist die Freiwillige Feuerwehr Bad Salzuflen am Dienstagnachmittag (01.09.2026) in den Gr\u00f6chteweg alarmiert worden. Das 29-j\u00e4hrige Pferd &#8222;Sally&#8220; war in einen halben Meter tiefen Entw\u00e4sserungsgraben gest\u00fcrzt. Das Tier lag auf dem R\u00fccken und konnte sich aus eigener Kraft nicht mehr aus seiner misslichen Lage befreien. Wasser befand sich gl\u00fccklicherweise keins in dem Graben.<br \/>\nBei Alarmierung der hauptamtlichen Kr\u00e4fte sowie der L\u00f6schgruppe Bad Salzuflen und den Maschinisten des L\u00f6schzuges Sch\u00f6tmar\/Werl-Aspe wurde vorsorglich aufgrund der gemeldeten Gr\u00f6\u00dfe des Tieres der Teleskoplader der Feuerwehr Bad Salzuflen mit zur Einsatzstelle hinzugezogen. Um Verletzungen sowohl bei dem in Notlage geratenen Tier als auch bei den Kr\u00e4ften der Feuerwehr zu vermeiden, sicherten die Einsatzkr\u00e4fte zun\u00e4chst die Hufe des Pferdes. Anschlie\u00dfend wurde vorsichtig Erdreich neben dem Tier abgetragen &#8211; erst mit dem Teleskoplader, dann mit Schaufeln und Spaten. Durch den geschaffenen Platz konnte das Tier mit Hilfe von Bandschlingen auf die Seite gedreht werden. In dieser Position richtete Sally sich wieder auf.<br \/>\nVorsorglich wurde ein Pferdegeschirr samt weiteren Rettungsmaterial von der Feuerwehr Herford angefordert. Letztendlich musste dies nicht mehr zum Einsatz kommen. W\u00e4hrend der gesamten Rettungsma\u00dfnahme wurde Sally von einer Reiterin betreut und beruhigt, was die Arbeit der Einsatzkr\u00e4fte enorm erleichterte. Auch ein Tierarzt war vor Ort und begleitete den Einsatz.<br \/>\nNach circa 30 Minuten war die Rettung erfolgreich abgeschlossen: Sally war wieder auf den Beinen, augenscheinlich unverletzt und die Kr\u00e4fte der Feuerwehr r\u00fcckten wieder ein.<\/p>\n<p class=\"contact-headline\">R\u00fcckfragen bitte an:<\/p>\n<p class=\"contact-text\">Freiwillige Feuerwehr Bad Salzuflen<br \/>Presse- und \u00d6ffentlichkeitsarbeit<br \/>Lockhauser Stra\u00dfe 2<br \/>32107 Bad Salzuflen<br \/>Telefon: 05222 9 840 840<br \/>Email: <a href=\"https:\/\/www.presseportal.de\/blaulicht\/pm\/135948\/mailto:presse@feuerwehrbadsalzuflen.de\" class=\"uri-mailto\" rel=\"nofollow noopener\" target=\"_blank\">presse@feuerwehrbadsalzuflen.de<\/a><br \/>Homepage: <a target=\"_blank\" class=\"uri-ext outbound\" rel=\"noopener nofollow\" href=\"https:\/\/www.feuerwehrbadsalzuflen.de\/\">https:\/\/www.feuerwehrbadsalzuflen.de\/<\/a><\/p>\n<p class=\"originator\">Original-Content von: Freiwillige Feuerwehr Bad Salzuflen, \u00fcbermittelt durch news aktuell<\/p>\n","protected":false},"excerpt":{"rendered":"01.09.2026 \u2013 18:10 Freiwillige Feuerwehr Bad Salzuflen Bad Salzuflen (ots) (nkeu). Zu einem Tier in Notlage ist die&hellip;\n","protected":false},"author":2,"featured_media":1274138,"comment_status":"","ping_status":"","sticky":false,"template":"","format":"standard","meta":{"footnotes":"","_share_on_mastodon":"0"},"categories":[1841],"tags":[1605,3364,29,985,30,1209,176,178,180,179,181,1284],"class_list":["post-1274137","post","type-post","status-publish","format-standard","has-post-thumbnail","category-bielefeld","tag-bielefeld","tag-de","tag-deutschland","tag-feuerwehr","tag-germany","tag-nordrhein-westfalen","tag-nrw","tag-presse","tag-pressemeldung","tag-pressemitteilung","tag-pressemitteilungen","tag-unfall"],"share_on_mastodon":{"url":"https:\/\/pubeurope.com\/@de\/117196949790042047","error":""},"_links":{"self":[{"href":"https:\/\/www.europesays.com\/de\/wp-json\/wp\/v2\/posts\/1274137","targetHints":{"allow":["GET"]}}],"collection":[{"href":"https:\/\/www.europesays.com\/de\/wp-json\/wp\/v2\/posts"}],"about":[{"href":"https:\/\/www.europesays.com\/de\/wp-json\/wp\/v2\/types\/post"}],"author":[{"embeddable":true,"href":"https:\/\/www.europesays.com\/de\/wp-json\/wp\/v2\/users\/2"}],"replies":[{"embeddable":true,"href":"https:\/\/www.europesays.com\/de\/wp-json\/wp\/v2\/comments?post=1274137"}],"version-history":[{"count":0,"href":"https:\/\/www.europesays.com\/de\/wp-json\/wp\/v2\/posts\/1274137\/revisions"}],"wp:featuredmedia":[{"embeddable":true,"href":"https:\/\/www.europesays.com\/de\/wp-json\/wp\/v2\/media\/1274138"}],"wp:attachment":[{"href":"https:\/\/www.europesays.com\/de\/wp-json\/wp\/v2\/media?parent=1274137"}],"wp:term":[{"taxonomy":"category","embeddable":true,"href":"https:\/\/www.europesays.com\/de\/wp-json\/wp\/v2\/categories?post=1274137"},{"taxonomy":"post_tag","embeddable":true,"href":"https:\/\/www.europesays.com\/de\/wp-json\/wp\/v2\/tags?post=1274137"}],"curies":[{"name":"wp","href":"https:\/\/api.w.org\/{rel}","templated":true}]}}