{"id":1274149,"date":"2026-09-01T17:31:47","date_gmt":"2026-09-01T17:31:47","guid":{"rendered":"https:\/\/www.europesays.com\/de\/1274149\/"},"modified":"2026-09-01T17:31:47","modified_gmt":"2026-09-01T17:31:47","slug":"duesseldorf-tausende-schulmoebel-als-spende-fuer-schulen-in-der-ukraine","status":"publish","type":"post","link":"https:\/\/www.europesays.com\/de\/1274149\/","title":{"rendered":"D\u00fcsseldorf: Tausende Schulm\u00f6bel als Spende f\u00fcr Schulen in der Ukraine"},"content":{"rendered":"<p class=\"text_ohne_einzug richtext text-em-55 !leading-serif mx-6 desktop:mx-0\">Ein Dutzend Tische und St\u00fchle wurden am Dienstag vor dem Rathaus aufgestellt. Es sind Schulm\u00f6bel, die bis zu den Sommerferien noch in 35 D\u00fcsseldorfer Grundschulen standen. Weiteres Mobiliar steht vor Lastern auf dem Marktplatz und in den Lagern der \u201eUkraineHilfe D\u00fcsseldorf\u201c zum Abtransport bereit. Es sind insgesamt 12.600 Einzelst\u00fccke, die das Schulamt aus den Schulen zusammentragen und dort ersetzen lie\u00df. Als Spende werden sie nun in verschiedene St\u00e4dte des kriegsleidenden Landes verschickt: nach Sumy, Kiew oder D\u00fcsseldorfs Partnerstadt Czernowitz.<\/p>\n<p class=\"richtext text-em-55 !leading-serif mx-6 desktop:mx-0\">So wie in Nordrhein-Westfalen beginnt in dieser Woche auch in der <a href=\"https:\/\/rp-online.de\/thema\/ukraine\/\" rel=\"nofollow noopener\" target=\"_blank\">Ukraine<\/a> das neue Schuljahr. Die Bedingungen aber, unter denen die ukrainischen Sch\u00fclerinnen und Sch\u00fcler dort zur Schule gehen m\u00fcssen, sind kaum vergleichbar. Zahlreiche Schulen wurden seit Beginn des Krieges im Februar 2022 bereits bei russischen Luftangriffen zerst\u00f6rt, die immer h\u00e4ufiger auch zivile Einrichtungen gezielt ins Visier nehmen. Der Unterricht f\u00fcr diese Sch\u00fcler erfolgt daher \u2013 wenn \u00fcberhaupt \u2013 in Schutzr\u00e4umen oder digital.<\/p>\n<p class=\"richtext text-em-55 !leading-serif mx-6 desktop:mx-0\">Das Mobiliar der D\u00fcsseldorfer Grundschulen soll nun dabei helfen, den Unterricht in gesch\u00fctzten R\u00e4umen zu unterst\u00fctzen oder aufrechtzuerhalten. Dabei stehe jeder Stuhl und jeder Tisch symbolisch \u201ef\u00fcr ein Kind, das in der Ukraine nicht unter normalen Bedingungen lernen kann\u201c, sagte B\u00fcrgermeisterin Clara Gerlach (Gr\u00fcne). Gemeinsam mit der stellvertretenden NRW-Ministerpr\u00e4sidentin <a href=\"https:\/\/rp-online.de\/thema\/mona-neubaur\/\" rel=\"nofollow noopener\" target=\"_blank\">Mona Neubaur<\/a> (Gr\u00fcne) sowie Landesminister und Staatskanzleichef Nathanael Liminski (CDU) waren sie zur Verabschiedung des Transports der \u201eUkraineHilfe D\u00fcsseldorf\u201c gekommen. Dabei handelt es sich um ein Projekt, das von den Vereinen \u201eAVP\u201c in D\u00fcsseldorf und der Organisation \u201eUnited Help Ukraine\u201c aus den USA getragen wird.<\/p>\n<p class=\"richtext text-em-55 !leading-serif mx-6 desktop:mx-0\">Nach viereinhalb Jahren Krieg hat sich D\u00fcsseldorf nach Angaben der Verantwortlichen zu einem Knotenpunkt f\u00fcr die Verschickung von Hilfsg\u00fctern in die Ukraine entwickelt. Seitdem konnten 66 Lkws und rund 562 Tonnen Hilfsg\u00fcter von hier aus verschickt werden. Darunter etwa medizinisches Ger\u00e4t, Medikamente und eben Schulmaterialien, die aus bundesweiten Spenden stammten. Auch die Stadt stellt f\u00fcr die \u201eUkraineHilfe\u201c regelm\u00e4\u00dfig G\u00fcter bereit, <a href=\"https:\/\/rp-online.de\/nrw\/staedte\/duesseldorf\/duesseldorf-schickt-neue-hilfsgueter-in-die-ukraine_aid-144370755\" rel=\"nofollow noopener\" target=\"_blank\">zuletzt etwa Solaranlagen und Generatoren zur Versorgung der Bewohner von Czernowitz.<\/a><\/p>\n<p class=\"richtext text-em-55 !leading-serif mx-6 desktop:mx-0\">Die Hilfsg\u00fcter seien wichtig und w\u00fcrden der Bev\u00f6lkerung helfen, sagt Sergej Aruin, Gesch\u00e4ftsf\u00fchrer von \u201eAVP\u201c. Mindestens genauso wichtig sei aber das Signal, das mit den andauernden Hilfstransporten bei den Menschen dann ankommen w\u00fcrde. N\u00e4mlich, dass man sie trotz des langen Krieges nicht vergessen habe. \u201eWir schicken nicht nur Tische und St\u00fchle, wir schicken damit auch ein Zeichen.\u201c<\/p>\n","protected":false},"excerpt":{"rendered":"Ein Dutzend Tische und St\u00fchle wurden am Dienstag vor dem Rathaus aufgestellt. Es sind Schulm\u00f6bel, die bis zu&hellip;\n","protected":false},"author":2,"featured_media":1274150,"comment_status":"","ping_status":"","sticky":false,"template":"","format":"standard","meta":{"footnotes":"","_share_on_mastodon":"0"},"categories":[4012],"tags":[4568,331,332,3405,3679,4484,13,2917,48737,170751,14,15,12,966,17953,36615,29499,317,166835],"class_list":["post-1274149","post","type-post","status-publish","format-standard","has-post-thumbnail","category-ukraine","tag-schulen","tag-aktuelle-nachrichten","tag-aktuelle-news","tag-duesseldorf","tag-duesseldorfer","tag-grundschulen","tag-headlines","tag-hilfe","tag-krieges","tag-mobiliar","tag-nachrichten","tag-news","tag-schlagzeilen","tag-schule","tag-stuhl","tag-stuehle","tag-tisch","tag-ukraine","tag-verschickt"],"share_on_mastodon":{"url":"https:\/\/pubeurope.com\/@de\/117196982957883181","error":""},"_links":{"self":[{"href":"https:\/\/www.europesays.com\/de\/wp-json\/wp\/v2\/posts\/1274149","targetHints":{"allow":["GET"]}}],"collection":[{"href":"https:\/\/www.europesays.com\/de\/wp-json\/wp\/v2\/posts"}],"about":[{"href":"https:\/\/www.europesays.com\/de\/wp-json\/wp\/v2\/types\/post"}],"author":[{"embeddable":true,"href":"https:\/\/www.europesays.com\/de\/wp-json\/wp\/v2\/users\/2"}],"replies":[{"embeddable":true,"href":"https:\/\/www.europesays.com\/de\/wp-json\/wp\/v2\/comments?post=1274149"}],"version-history":[{"count":0,"href":"https:\/\/www.europesays.com\/de\/wp-json\/wp\/v2\/posts\/1274149\/revisions"}],"wp:featuredmedia":[{"embeddable":true,"href":"https:\/\/www.europesays.com\/de\/wp-json\/wp\/v2\/media\/1274150"}],"wp:attachment":[{"href":"https:\/\/www.europesays.com\/de\/wp-json\/wp\/v2\/media?parent=1274149"}],"wp:term":[{"taxonomy":"category","embeddable":true,"href":"https:\/\/www.europesays.com\/de\/wp-json\/wp\/v2\/categories?post=1274149"},{"taxonomy":"post_tag","embeddable":true,"href":"https:\/\/www.europesays.com\/de\/wp-json\/wp\/v2\/tags?post=1274149"}],"curies":[{"name":"wp","href":"https:\/\/api.w.org\/{rel}","templated":true}]}}