{"id":127415,"date":"2025-05-21T06:41:14","date_gmt":"2025-05-21T06:41:14","guid":{"rendered":"https:\/\/www.europesays.com\/de\/127415\/"},"modified":"2025-05-21T06:41:14","modified_gmt":"2025-05-21T06:41:14","slug":"borussia-dortmund-entscheidung-um-kabar-und-waetjen-offiziell-gefallen","status":"publish","type":"post","link":"https:\/\/www.europesays.com\/de\/127415\/","title":{"rendered":"Borussia Dortmund: Entscheidung um Kabar und W\u00e4tjen offiziell gefallen"},"content":{"rendered":"<p>Bei Borussia Dortmund steht die Sommerpause f\u00fcr die Profis an. Nach der anstrengenden Saison m\u00fcssen sich die Spieler erholen, um in wenigen Wochen bei der Klub-WM in den USA wieder bereit zu sein. Doch zwei Profis werden nicht dabei sein.<\/p>\n<p>Almugera Kabar und Kjell W\u00e4tjen werden Borussia Dortmund bei dem gro\u00dfen Turnier fehlen. Der Grund ist allerdings erfreulich. Beide Talente d\u00fcrfen sich \u00fcber einen noch wichtigeren Wettbewerb freuen, an dem sie teilnehmen.<\/p>\n<p>Borussia Dortmund: Kabar und W\u00e4tjen nicht bei der Klub-WM dabei<\/p>\n<p>Eine erneute titellose Saison geht f\u00fcr Borussia Dortmund zu Ende, aber immerhin konnte man sich f\u00fcr die Champions League qualifizieren. Dennoch hat der BVB eine weitere M\u00f6glichkeit, doch noch eine Troph\u00e4e zu holen: die Klub-WM. Vom 14. Juni bis zum 13. Juli findet der neue Wettbewerb der FIFA in den USA statt.<\/p>\n<p><strong>Auch interessant:<\/strong> <a href=\"https:\/\/www.derwesten.de\/sport\/fussball\/bvb\/borussia-dortmund-bvb-oezcan-wechsel-rueckkehr-koeln-id301587932.html\" target=\"_blank\" rel=\"noopener\">Borussia Dortmund: Star-Abschied im Sommer? Hammer-R\u00fcckkehr steht bevor<\/a><\/p>\n<p>Zwei Spieler werden nicht dabei sein: Almugera Kabar und Kjell W\u00e4tjen. Die beiden Talente, die in dieser Saison hin und wieder im Profi-Kader standen und auch einige Spielminuten von Cheftrainer Niko Kovac bekamen, werden nicht in die USA reisen und bleiben stattdessen hier in Europa.<\/p>\n<p>Der Grund ist die U19-Europameisterschaft. Cheftrainer Hanno Balitsch hat die beiden BVB-Talente f\u00fcr das Turnier in Rum\u00e4nien nominiert. Am 13. Juni beginnt die EM bereits. In der Gruppenphase m\u00fcssen die deutschen Junioren-Nationalspieler gegen die Niederlande (14. Juni), gegen England (17. Juni) und gegen Norwegen (20. Juni) ran.<\/p>\n<p>Reisen beide Talente nach?<\/p>\n<p>Eine Resthoffnung gibt es f\u00fcr Kabar und W\u00e4tjen aber doch noch, um f\u00fcr Borussia Dortmund an der Klub-WM teilnehmen zu k\u00f6nnen. Am 26. Juni ist das U19-Turnier schon vorbei. Ein Tag vorher k\u00f6nnte der BVB mit einem Sieg gegen Ulsan HD aus S\u00fcdkorea (25. Juni) das Achtelfinale perfekt machen.<\/p>\n<p>Sp\u00e4testens da k\u00f6nnten die beiden BVB-Talente dazusto\u00dfen. Sollte die deutsche U19-Nationalmannschaft schon in der Gruppenphase rausfliegen, k\u00f6nnten die beiden jungen Spieler schon fr\u00fcher in die Staaten reisen.<\/p>\n<p>Mehr Nachrichten f\u00fcr dich:<\/p>\n<p>F\u00fcr Borussia Dortmund geht es in der Gruppenphase neben Ulsan HD noch gegen Fluminense aus Brasilien (17. Juni) und <a href=\"https:\/\/www.derwesten.de\/sport\/fussball\/bvb\/borussia-dortmund-bvb-klub-wm-mamelodi-id301587370.html\" target=\"_blank\" rel=\"noopener\">Mamelodi Sundowns aus S\u00fcdafrika (21. Juni).<\/a><\/p>\n","protected":false},"excerpt":{"rendered":"Bei Borussia Dortmund steht die Sommerpause f\u00fcr die Profis an. Nach der anstrengenden Saison m\u00fcssen sich die Spieler&hellip;\n","protected":false},"author":2,"featured_media":127416,"comment_status":"","ping_status":"","sticky":false,"template":"","format":"standard","meta":{"footnotes":""},"categories":[1833],"tags":[3364,29,217,30,13975,1209],"class_list":{"0":"post-127415","1":"post","2":"type-post","3":"status-publish","4":"format-standard","5":"has-post-thumbnail","7":"category-dortmund","8":"tag-de","9":"tag-deutschland","10":"tag-dortmund","11":"tag-germany","12":"tag-klub-wm","13":"tag-nordrhein-westfalen"},"share_on_mastodon":{"url":"https:\/\/pubeurope.com\/@de\/114544461977383183","error":""},"_links":{"self":[{"href":"https:\/\/www.europesays.com\/de\/wp-json\/wp\/v2\/posts\/127415","targetHints":{"allow":["GET"]}}],"collection":[{"href":"https:\/\/www.europesays.com\/de\/wp-json\/wp\/v2\/posts"}],"about":[{"href":"https:\/\/www.europesays.com\/de\/wp-json\/wp\/v2\/types\/post"}],"author":[{"embeddable":true,"href":"https:\/\/www.europesays.com\/de\/wp-json\/wp\/v2\/users\/2"}],"replies":[{"embeddable":true,"href":"https:\/\/www.europesays.com\/de\/wp-json\/wp\/v2\/comments?post=127415"}],"version-history":[{"count":0,"href":"https:\/\/www.europesays.com\/de\/wp-json\/wp\/v2\/posts\/127415\/revisions"}],"wp:featuredmedia":[{"embeddable":true,"href":"https:\/\/www.europesays.com\/de\/wp-json\/wp\/v2\/media\/127416"}],"wp:attachment":[{"href":"https:\/\/www.europesays.com\/de\/wp-json\/wp\/v2\/media?parent=127415"}],"wp:term":[{"taxonomy":"category","embeddable":true,"href":"https:\/\/www.europesays.com\/de\/wp-json\/wp\/v2\/categories?post=127415"},{"taxonomy":"post_tag","embeddable":true,"href":"https:\/\/www.europesays.com\/de\/wp-json\/wp\/v2\/tags?post=127415"}],"curies":[{"name":"wp","href":"https:\/\/api.w.org\/{rel}","templated":true}]}}