{"id":1274202,"date":"2026-09-01T18:14:27","date_gmt":"2026-09-01T18:14:27","guid":{"rendered":"https:\/\/www.europesays.com\/de\/1274202\/"},"modified":"2026-09-01T18:14:27","modified_gmt":"2026-09-01T18:14:27","slug":"catella-baut-in-duesseldorf-personal-ab","status":"publish","type":"post","link":"https:\/\/www.europesays.com\/de\/1274202\/","title":{"rendered":"Catella baut in D\u00fcsseldorf Personal ab"},"content":{"rendered":"<p class=\"text_ohne_einzug richtext text-em-55 !leading-serif mx-6 desktop:mx-0\"> Der Immobilienentwickler Catella Project Management baut in <a href=\"https:\/\/rp-online.de\/thema\/duesseldorf\/\" rel=\"nofollow noopener\" target=\"_blank\">D\u00fcsseldorf<\/a> Personal ab. Insider der Branche sprechen von etwa zw\u00f6lf Personen, teils sind sie bereits \u00f6ffentlich auf Jobsuche. Eine offizielle Best\u00e4tigung ist f\u00fcr die Entlassungswelle nicht zu erhalten, der D\u00fcsseldorfer Catella-Chef Klaus Franken \u00e4u\u00dfert sich gegen\u00fcber unserer Redaktion dazu nicht. Er betont jedoch: \u201eAlle laufenden Projekte wie etwa der K\u00f6-Tower sind nicht gef\u00e4hrdet. Sie laufen normal weiter.\u201c Zuerst hatte das Portal Immobilienmanager \u00fcber die Ver\u00e4nderungen berichtet.<\/p>\n","protected":false},"excerpt":{"rendered":"Der Immobilienentwickler Catella Project Management baut in D\u00fcsseldorf Personal ab. Insider der Branche sprechen von etwa zw\u00f6lf Personen,&hellip;\n","protected":false},"author":2,"featured_media":1274203,"comment_status":"","ping_status":"","sticky":false,"template":"","format":"standard","meta":{"footnotes":"","_share_on_mastodon":"0"},"categories":[1831],"tags":[22523,7745,5054,3364,29,3405,30,250778,1337,1209,3880,12501,112566,52447,4670],"class_list":["post-1274202","post","type-post","status-publish","format-standard","has-post-thumbnail","category-duesseldorf","tag-jobsuche","tag-baut","tag-branche","tag-de","tag-deutschland","tag-duesseldorf","tag-germany","tag-immobilienentwickler","tag-insider","tag-nordrhein-westfalen","tag-oeffentlich","tag-personal","tag-project","tag-teils","tag-ujr"],"share_on_mastodon":{"url":"https:\/\/pubeurope.com\/@de\/117197148362075202","error":""},"_links":{"self":[{"href":"https:\/\/www.europesays.com\/de\/wp-json\/wp\/v2\/posts\/1274202","targetHints":{"allow":["GET"]}}],"collection":[{"href":"https:\/\/www.europesays.com\/de\/wp-json\/wp\/v2\/posts"}],"about":[{"href":"https:\/\/www.europesays.com\/de\/wp-json\/wp\/v2\/types\/post"}],"author":[{"embeddable":true,"href":"https:\/\/www.europesays.com\/de\/wp-json\/wp\/v2\/users\/2"}],"replies":[{"embeddable":true,"href":"https:\/\/www.europesays.com\/de\/wp-json\/wp\/v2\/comments?post=1274202"}],"version-history":[{"count":0,"href":"https:\/\/www.europesays.com\/de\/wp-json\/wp\/v2\/posts\/1274202\/revisions"}],"wp:featuredmedia":[{"embeddable":true,"href":"https:\/\/www.europesays.com\/de\/wp-json\/wp\/v2\/media\/1274203"}],"wp:attachment":[{"href":"https:\/\/www.europesays.com\/de\/wp-json\/wp\/v2\/media?parent=1274202"}],"wp:term":[{"taxonomy":"category","embeddable":true,"href":"https:\/\/www.europesays.com\/de\/wp-json\/wp\/v2\/categories?post=1274202"},{"taxonomy":"post_tag","embeddable":true,"href":"https:\/\/www.europesays.com\/de\/wp-json\/wp\/v2\/tags?post=1274202"}],"curies":[{"name":"wp","href":"https:\/\/api.w.org\/{rel}","templated":true}]}}