{"id":1274211,"date":"2026-09-01T18:22:17","date_gmt":"2026-09-01T18:22:17","guid":{"rendered":"https:\/\/www.europesays.com\/de\/1274211\/"},"modified":"2026-09-01T18:22:17","modified_gmt":"2026-09-01T18:22:17","slug":"deutschlandreise-choices-kultur-kino-koeln","status":"publish","type":"post","link":"https:\/\/www.europesays.com\/de\/1274211\/","title":{"rendered":"Deutschlandreise | choices &#8211; Kultur. Kino. K\u00f6ln."},"content":{"rendered":"\n<p>\t\t<img decoding=\"async\" alt=\"\" style=\"width: 500px; max-width: 100%;\" src=\"https:\/\/www.europesays.com\/de\/wp-content\/uploads\/2026\/09\/upload\/images\/vaterland3.jpg&#038;width=500.JPEG\"\/><\/p>\n<p>Vaterland<\/p>\n<p>01. September 2026<\/p>\n<p>Die Filmstarts der Woche<\/p>\n<p>Mit \u201e<a href=\"https:\/\/www.choices.de\/film\/vaterland\" target=\"_blank\" rel=\"nofollow noopener\">Vaterland<\/a>\u201c (Cinedom, Cinenova, Filmpalette, Odeon, Residenz, Rex, UCI, Weisshaus) erz\u00e4hlt der polnische Regisseur Pawe\u0142 Pawlikowski eine bet\u00f6rend traurige Heimatgeschichte. Erstmals bedient sich der Regisseur dabei historischer Figuren. Thomas Mann (Hanns Zischler) kehrt vier Jahre nach Kriegsende aus dem Exil nach Deutschland zur\u00fcck, um in Frankfurt am Main den Goethepreis entgegenzunehmen. Begleitet wird er eher pflichtbewusst von seiner Tochter Erika (Sandra H\u00fcller), die sich dabei vor allem nach ihrem geliebten Bruder Klaus (August Diehl) sehnt, der in Frankreich in Verbitterung, Desillusion und Depressionen darbt. Ihr Vater, der sich bereits aus dem Exil unerm\u00fcdlich mit Widerstandsappellen an das deutsche Volk gewendet hatte, zeigt sich auch jetzt bei seiner R\u00fcckkehr standhaft engagiert. Das alles aber interessiert die Menschen, die ihn im Nachkriegsdeutschland empfangen, nicht. Die Reise f\u00fchrt Thomas Mann bis nach Ostdeutschland. Gemeinsam mit seinem Kameramann, seinem Beleuchter, seinen Szenenbildnern arrangiert Pawlikowski dabei meisterlich reduzierte R\u00e4ume, die Hanns Zischler und Sandra H\u00fcller schlichtweg umwerfend mit Pr\u00e4senz f\u00fcllen. Die Arbeit mit Stille und Gesten ist dabei bew\u00e4hrt eine der gro\u00dfen St\u00e4rken Pawlikowskis. Wie \u0141ukasz \u017bal Winkel findet, wie der Regisseur Figuren arrangiert. Wie die Kamera aus der kunstvollen Starre ausbricht, um traumwandlerisch schwebend moosbefallene Skulpturen im Park abzutasten. In Pawlikowskis Kino liegt so viel Kraft.\u00a0Dass er rund um die verb\u00fcrgte Reise von Thomas und Erika Mann gro\u00dfz\u00fcgig fiktionalisiert, tut der Wahrhaftigkeit seines Dramas keinen Abbruch. Im Gegenteil. Pawlikowski dichtet und verdichtet und schafft damit mehr Wahrhaftigkeit als andernorts verbissenes Bem\u00fchen um streng historisches Eins zu Eins. Eine Wahrhaftigkeit, die uns emotional erreicht.<br \/><strong>Hanns Zischler ist am Dienstag, 1.9. um 20 Uhr zu Gast im Odeon und um 21 Uhr zu Gast im Open Air Kino im Rheinauhafen.<\/strong><\/p>\n<p>Die Bergarbeitertochter Christy wird Ende der 1980er Jahre eher zuf\u00e4llig Boxerin. Sie verl\u00e4sst ihre Partnerin, um kurz danach ihren Trainer Jim Martin zu heiraten. Dieser hat eine h\u00f6chst dominante Art, weswegen Christys Leben trotz beruflicher Erfolge bald zur H\u00f6lle wird.\u00a0David Mich\u00f4d (\u201eThe King\u201c) hat in \u201e<a href=\"https:\/\/www.choices.de\/film\/that-s-why-the-lady-is-a-champ\" target=\"_blank\" rel=\"nofollow noopener\">That\u2019s Why the Lady is a Champ<\/a>\u201c (Cinedom, Cineplex, Rex, UCI) die ungew\u00f6hnliche Lebensgeschichte Christy Martins nacherz\u00e4hlt, die in den USA Boxen auch unter Frauen popul\u00e4r gemacht hat. Nach einem eher konventionellen Beginn entfaltet das Biopic in der zweiten H\u00e4lfte seine wahre Dramatik, die das Publikum dann auch emotional mitnimmt. Von Sydney Sweeney in der Hauptrolle sehr intensiv verk\u00f6rpert, ist hier am Ende ein empowerndes, queer-feministisches Beziehungsdrama entstanden.<\/p>\n<p>Alle Neustarts der Woche unter: <a href=\"https:\/\/www.choices.de\/neu-im-kino\" target=\"_blank\" rel=\"nofollow noopener\">Neu im Kino<\/a>.<\/p>\n<p>Redaktion choices.de<\/p>\n<p>\u2764 Jetzt unterst\u00fctzen<\/p>\n<p style=\"padding: 0; margin: 0; hyphens: none; -webkit-hyphens: none; -moz-hyphens: none;\"><b>Hat Ihnen dieser Beitrag gefallen?<\/b><br \/>Als unabh\u00e4ngiges und kostenloses Medium ohne paywall brauchen wir die Unterst\u00fctzung unserer Leserinnen und Leser. Wenn Sie unseren <b>verantwortlichen Journalismus<\/b> finanziell (einmalig oder monatlich)  unterst\u00fctzen m\u00f6chten, klicken Sie bitte hier.<\/p>\n<p>\t\t<a href=\"#\" class=\"closebox\" onclick=\"return toggle_notification();\"\/><\/p>\n<p>Ihre E-Mail-Adresse:<\/p>\n<p>E-Mail-Adresse des Empf\u00e4ngers (mehrere durch Komma trennen):<\/p>\n<p><b>Deutschlandreise | choices &#8211; Kultur. Kino. K\u00f6ln.<\/b><\/p>\n<p>Die R\u00fcckkehr Thomas Manns nach Deutschland als Film-Ereignis des Jahres:\u00a0Pawe\u0142 Pawlikowskis\u00a0\u201eVaterland\u201c mit Hanns Zischler und Sandra H\u00fcller.<\/p>\n<p><\/p>\n<p>Zus\u00e4tzliche Nachricht (optional):<\/p>\n<p>\u00a0<\/p>\n<p class=\"small\">Klicken Sie auf den untenstehenden Button und wir versenden im Namen der angegebenen Absenderadresse einen Hinweis auf diesen Artikel an die angegebene Empf\u00e4ngeradresse(n).<br \/>\n\t\tIhre aktuelle IP Adresse speichern wir, um einen m\u00f6glichen Missbrauch dieses Dienstes nachvollziehen zu k\u00f6nnen. Alle Daten in Zusammenhang mit dieser Nachricht werden nach 4 Wochen gel\u00f6scht.\n<\/p>\n<p>Weitersagen<\/p>\n","protected":false},"excerpt":{"rendered":"Vaterland 01. September 2026 Die Filmstarts der Woche Mit \u201eVaterland\u201c (Cinedom, Cinenova, Filmpalette, Odeon, Residenz, Rex, UCI, Weisshaus)&hellip;\n","protected":false},"author":2,"featured_media":1274212,"comment_status":"","ping_status":"","sticky":false,"template":"","format":"standard","meta":{"footnotes":"","_share_on_mastodon":"0"},"categories":[1828],"tags":[29,30,1420,1209],"class_list":["post-1274211","post","type-post","status-publish","format-standard","has-post-thumbnail","category-koeln","tag-deutschland","tag-germany","tag-koeln","tag-nordrhein-westfalen"],"share_on_mastodon":{"url":"","error":""},"_links":{"self":[{"href":"https:\/\/www.europesays.com\/de\/wp-json\/wp\/v2\/posts\/1274211","targetHints":{"allow":["GET"]}}],"collection":[{"href":"https:\/\/www.europesays.com\/de\/wp-json\/wp\/v2\/posts"}],"about":[{"href":"https:\/\/www.europesays.com\/de\/wp-json\/wp\/v2\/types\/post"}],"author":[{"embeddable":true,"href":"https:\/\/www.europesays.com\/de\/wp-json\/wp\/v2\/users\/2"}],"replies":[{"embeddable":true,"href":"https:\/\/www.europesays.com\/de\/wp-json\/wp\/v2\/comments?post=1274211"}],"version-history":[{"count":0,"href":"https:\/\/www.europesays.com\/de\/wp-json\/wp\/v2\/posts\/1274211\/revisions"}],"wp:featuredmedia":[{"embeddable":true,"href":"https:\/\/www.europesays.com\/de\/wp-json\/wp\/v2\/media\/1274212"}],"wp:attachment":[{"href":"https:\/\/www.europesays.com\/de\/wp-json\/wp\/v2\/media?parent=1274211"}],"wp:term":[{"taxonomy":"category","embeddable":true,"href":"https:\/\/www.europesays.com\/de\/wp-json\/wp\/v2\/categories?post=1274211"},{"taxonomy":"post_tag","embeddable":true,"href":"https:\/\/www.europesays.com\/de\/wp-json\/wp\/v2\/tags?post=1274211"}],"curies":[{"name":"wp","href":"https:\/\/api.w.org\/{rel}","templated":true}]}}