{"id":1274213,"date":"2026-09-01T18:23:20","date_gmt":"2026-09-01T18:23:20","guid":{"rendered":"https:\/\/www.europesays.com\/de\/1274213\/"},"modified":"2026-09-01T18:23:20","modified_gmt":"2026-09-01T18:23:20","slug":"tendenz-am-deadline-day-fc-talent-bleibt-trotz-leih-plaenen-in-koeln","status":"publish","type":"post","link":"https:\/\/www.europesays.com\/de\/1274213\/","title":{"rendered":"Tendenz am Deadline Day: FC-Talent bleibt trotz Leih-Pl\u00e4nen in K\u00f6ln"},"content":{"rendered":"<p class=\"dm-paragraph leading-[1.5em] mb-8 my-8 dm-article-content-width\" index=\"0\" should-collapse-on-mobile=\"true\" has-padding=\"\" data-v-fac9d07d=\"\">Am Deadline-Day (1. September 2026) geht es erwartungsgem\u00e4\u00df drunter und dr\u00fcber auf dem <a href=\"https:\/\/www.express.de\/themen\/fussball-transfers\" rel=\"nofollow noopener\" target=\"_blank\">Transfermarkt<\/a>. Die Vereine wollen auf den letzten Dr\u00fccker die letzten Kader-Korrekturen vornehmen. Auch beim FC herrscht Hochbetrieb.<\/p>\n<p class=\"dm-paragraph leading-[1.5em] mb-8 my-8 dm-article-content-width\" index=\"1\" should-collapse-on-mobile=\"true\" has-padding=\"\" data-v-fac9d07d=\"\">Es wird fieberhaft nach einem Linksverteidiger gesucht und auch auf der Abgabenseite soll noch etwas passieren. <a target=\"_blank\" href=\"https:\/\/www.express.de\/sport\/fussball\/1-fc-koeln\/deal-vor-transferschluss-fc-gibt-rekord-talent-ab-1361850\" rel=\"nofollow noopener\">Patrik Kristal wurde bereits an den FC Thun in die Schweiz verliehen<\/a>, Innenverteidiger <a target=\"_blank\" href=\"https:\/\/www.express.de\/sport\/fussball\/1-fc-koeln\/keine-chance-in-koeln-ueberangebot-beim-fc-verteidiger-pauli-vor-abgang-1362652\" rel=\"nofollow noopener\">Julian Pauli (zu Energie Cottbus) soll folgen.<\/a><\/p>\n<p>Bakatukanda ohne FC-Einsatz in der Vorbereitung<\/p>\n<p class=\"dm-paragraph leading-[1.5em] mb-8 my-8 dm-article-content-width\" index=\"3\" should-collapse-on-mobile=\"true\" has-padding=\"\" data-v-fac9d07d=\"\">Der Verteidiger war am Vormittag bereits vom Training freigestellt worden, um Gespr\u00e4che zu f\u00fchren. Dort l\u00e4uft alles auf einen Last-Minute-Wechsel hinaus. Pauli soll wie bereits vergangene Saison Spielpraxis sammeln, die er diese Saison beim FC nicht bekommen h\u00e4tte.<\/p>\n<p class=\"dm-paragraph leading-[1.5em] mb-8 my-8 dm-article-content-width\" index=\"4\" should-collapse-on-mobile=\"true\" has-padding=\"\" data-v-fac9d07d=\"\">Der Abwehrspieler war durch eine Verletzung fr\u00fch ins Hintertreffen geraten und daher in der Hierarchie h\u00f6chstens Nummer f\u00fcnf oder sechs. Ein anderer FC-Verteidiger, der ebenfalls auf Leihklub-Suche war, bleibt dagegen wohl (vorerst) beim FC.<\/p>\n<p class=\"dm-paragraph leading-[1.5em] mb-8 my-8 dm-article-content-width\" index=\"5\" should-collapse-on-mobile=\"true\" has-padding=\"\" data-v-fac9d07d=\"\">Denn nach EXPRESS.de-Informationen wird es bei Elias Bakatukanda am Dienstag keine Entscheidung geben. Der Klub und die Spielerseite hatten in den vergangenen Tagen verschiedene Optionen gepr\u00fcft, aus unterschiedlichen Gr\u00fcnden kam allerdings kein Leih-Gesch\u00e4ft beim 22-J\u00e4hrigen zustande.<\/p>\n<p class=\"dm-paragraph leading-[1.5em] mb-8 my-8 dm-article-content-width\" index=\"6\" should-collapse-on-mobile=\"true\" has-padding=\"\" data-v-fac9d07d=\"\">Hei\u00dft: Nach aktuellem Stand bleibt der junge Verteidiger, der trotz null Testspiel-Minuten Eindruck hinterlassen hat. Die Verantwortlichen bescheinigen ihm eine gute Vorbereitung.<\/p>\n<p><img decoding=\"async\" width=\"4000\" height=\"2250\" class=\"dm-figure__image  dm-figure__image-loading\" loading=\"lazy\" onerror=\"this.setAttribute('data-error', 1)\" data-nuxt-pic=\"\" alt=\"Kopfball im Training von Elias Bakatukanda.\" src=\"https:\/\/www.europesays.com\/de\/wp-content\/uploads\/2026\/09\/2441ef77-378f-47ce-b5cd-23af2a34a046.jpeg\"  \/><\/p>\n<p class=\"block font-bold\" data-v-a2bc0364=\"\">Copyright: IMAGO\/Jan Huebner<\/p>\n<p class=\"dm-figure__subline\" data-v-a2bc0364=\"\">Nicht nur am Kopfballpendel zeigte Elias Bakatukanda in der Saisonvorbereitung beim 1. FC K\u00f6ln seine Qualit\u00e4ten.<\/p>\n<p class=\"dm-paragraph leading-[1.5em] mb-8 my-8 dm-article-content-width\" index=\"8\" should-collapse-on-mobile=\"true\" has-padding=\"\" data-v-fac9d07d=\"\">Zwar sei man noch auf intensiver Suche nach einer passenden L\u00f6sung, aber aufgrund der langen Zeit ohne Pflichtspiel erweise sich das als gar nicht so einfach. Es gibt dennoch M\u00f6glichkeiten, einige M\u00e4rkte wie Portugal, Polen, T\u00fcrkei oder Griechenland haben noch l\u00e4nger ge\u00f6ffnet.<\/p>\n<p class=\"dm-paragraph leading-[1.5em] mb-8 my-8 dm-article-content-width\" index=\"9\" should-collapse-on-mobile=\"true\" has-padding=\"\" data-v-fac9d07d=\"\">Wenn auch das nichts geben sollte, wird Bakatukanda beim FC um seine Chance k\u00e4mpfen. \u00dcber Eins\u00e4tze in der U21, in der er dringend ben\u00f6tigte Spielpraxis sammeln kann, w\u00e4re die M\u00f6glichkeit gegeben, sich f\u00fcr Einsatzminuten in der Bundesliga unter Ren\u00e9 Wagner empfehlen.<\/p>\n","protected":false},"excerpt":{"rendered":"Am Deadline-Day (1. September 2026) geht es erwartungsgem\u00e4\u00df drunter und dr\u00fcber auf dem Transfermarkt. Die Vereine wollen auf&hellip;\n","protected":false},"author":2,"featured_media":1274214,"comment_status":"","ping_status":"","sticky":false,"template":"","format":"standard","meta":{"footnotes":"","_share_on_mastodon":"0"},"categories":[1828],"tags":[29,30,1420,1209],"class_list":["post-1274213","post","type-post","status-publish","format-standard","has-post-thumbnail","category-koeln","tag-deutschland","tag-germany","tag-koeln","tag-nordrhein-westfalen"],"share_on_mastodon":{"url":"https:\/\/pubeurope.com\/@de\/117197185742904497","error":""},"_links":{"self":[{"href":"https:\/\/www.europesays.com\/de\/wp-json\/wp\/v2\/posts\/1274213","targetHints":{"allow":["GET"]}}],"collection":[{"href":"https:\/\/www.europesays.com\/de\/wp-json\/wp\/v2\/posts"}],"about":[{"href":"https:\/\/www.europesays.com\/de\/wp-json\/wp\/v2\/types\/post"}],"author":[{"embeddable":true,"href":"https:\/\/www.europesays.com\/de\/wp-json\/wp\/v2\/users\/2"}],"replies":[{"embeddable":true,"href":"https:\/\/www.europesays.com\/de\/wp-json\/wp\/v2\/comments?post=1274213"}],"version-history":[{"count":0,"href":"https:\/\/www.europesays.com\/de\/wp-json\/wp\/v2\/posts\/1274213\/revisions"}],"wp:featuredmedia":[{"embeddable":true,"href":"https:\/\/www.europesays.com\/de\/wp-json\/wp\/v2\/media\/1274214"}],"wp:attachment":[{"href":"https:\/\/www.europesays.com\/de\/wp-json\/wp\/v2\/media?parent=1274213"}],"wp:term":[{"taxonomy":"category","embeddable":true,"href":"https:\/\/www.europesays.com\/de\/wp-json\/wp\/v2\/categories?post=1274213"},{"taxonomy":"post_tag","embeddable":true,"href":"https:\/\/www.europesays.com\/de\/wp-json\/wp\/v2\/tags?post=1274213"}],"curies":[{"name":"wp","href":"https:\/\/api.w.org\/{rel}","templated":true}]}}