{"id":1274221,"date":"2026-09-01T18:27:36","date_gmt":"2026-09-01T18:27:36","guid":{"rendered":"https:\/\/www.europesays.com\/de\/1274221\/"},"modified":"2026-09-01T18:27:36","modified_gmt":"2026-09-01T18:27:36","slug":"hc-hamburg-heimstart-nach-fehlstart-hch-braucht-den-befreiungs-wurf-regional","status":"publish","type":"post","link":"https:\/\/www.europesays.com\/de\/1274221\/","title":{"rendered":"HC Hamburg: Heimstart nach Fehlstart! HCH braucht den Befreiungs-Wurf | Regional"},"content":{"rendered":"<p><a class=\"skip-content skip-content--link\" href=\"#in-content-skip-link-target-v-0-0\">TTS-Player \u00fcberspringen\u21b5<\/a><a id=\"in-content-skip-link-target-v-0-0\" class=\"skip-content--target-link-hidden skip-content skip-content--target-link\" href=\"#in-content-skip-link-target-v-0-0\">Artikel weiterlesen<\/a><\/p>\n<p><b>Der erste Auftritt ging schief, jetzt folgt die erste Vorstellung vor den eigenen Fans. Nach der 26:30-Auftaktpleite beim Bundesliga-Aufsteiger HBW Balingen-Weilstetten steht f\u00fcr den Handball Club Hamburg am Mittwoch gegen Stuttgart (19 Uhr, Barclays Arena) die Heimpremiere in der Opel <\/b><a href=\"https:\/\/www.bild.de\/sport\/sportart\/handball\/handball-alle-infos-76675494.bild.html\" class=\"text-link\" rel=\"nofollow noopener\" target=\"_blank\"><b>Handball<\/b><\/a><b>-Bundesliga an. Eine Partie mit Druck auf dem Kessel f\u00fcr die Hamburger, denn am Samstag wartet bereits das Nord-Derby in Hannover (19\u00a0Uhr, live bei <\/b><a href=\"https:\/\/www.dyn.sport\/aktion\/willkommen\" rel=\"noopener nofollow\" class=\"text-link\" target=\"_blank\"><b>Dyn\/Anzeige<\/b><\/a><b>). <\/b><\/p>\n<p><a class=\"article-image__anchor\" href=\"https:\/\/www.dyn.sport\/sport_handball\" target=\"_blank\" rel=\"noopener nofollow\"><img decoding=\"async\" width=\"992\" height=\"92\" alt=\"\" loading=\"lazy\" src=\"https:\/\/www.europesays.com\/de\/wp-content\/uploads\/2026\/09\/f3f8be39f2b1b607e796d35c2d032272,83ccdd50.jpeg\"   class=\"dynamic\"\/><\/a><\/p>\n<p>Foto: Dyn<\/p>\n<p>F\u00fcr die HCH-Fans ist es die erste Gelegenheit, die neue Mannschaft kennenzulernen. Nach dem verpatzten Start ist der Anspruch klar. \u201eNach dem Spiel in <a href=\"https:\/\/www.bild.de\/sport\/mehr-sport\/populaere-sportart-aber-zeigt-christian-seifert-bald-padel-bei-dyn-6a8e1610511d4fd3bc4e3e6a\" class=\"text-link\" rel=\"nofollow noopener\" target=\"_blank\">Balingen<\/a> ben\u00f6tigt keiner noch mehr Motivation\u201c, sagt Moritz Sauter (23). \u201eWir wissen nat\u00fcrlich alle genau, dass das nicht das ist, was wir zeigen wollen. Gerade zu Hause vor den Fans wollen wir zeigen, was f\u00fcr ein Gesicht wir wirklich haben.\u201c<\/p>\n<p><img decoding=\"async\" width=\"992\" height=\"985\" alt=\"HCH-Trainer Torsten Jansen (49\/M.) wurde zum Auftakt in Balingen sehr laut und deutlich\" loading=\"lazy\" src=\"https:\/\/www.europesays.com\/de\/wp-content\/uploads\/2026\/09\/8900b72360bce1dd064099e559e28f41,3841bd5b.jpeg\"   class=\"dynamic\"\/><\/p>\n<p class=\"fig__caption__text\">HCH-Trainer Torsten Jansen (49\/M.) wurde zum Auftakt in Balingen sehr laut und deutlich<\/p>\n<p>Foto: picture alliance\/Eibner-Pressefoto<\/p>\n<p>Auch HCH-Trainer Torsten Jansen (49) fordert eine Reaktion: \u201eWir sollten anders auftreten, sonst wird es schwer.\u201c <\/p>\n<p>Beim <a href=\"https:\/\/www.bild.de\/regional\/hamburg\/grosser-handball-auftritt-bei-hapag-lloyd-neuer-name-aber-der-millionen-druck-bleibt-6a75b9cde04765407d9a2841\" class=\"text-link\" rel=\"nofollow noopener\" target=\"_blank\">HCH<\/a> gibt es im Sommer viele Ver\u00e4nderungen (sechs neue Spieler) \u2013 und heute ein Wiedersehen mit einem alten Bekannten. Torh\u00fcter Mohamed El-Tayar (30) wechselte nach zwei Jahren in Hamburg nach Stuttgart und steht dort zwischen den Pfosten. HCH-Coach Jansen kann dagegen wieder auf Linksau\u00dfen Noah Beyer (29) setzen, der in Balingen wegen Krankheit und Trainingsr\u00fcckstand nur auf der Bank sa\u00df.<\/p>\n<p>Mehr zum Thema<\/p>\n<p>Sportlich will Hamburg nach Platz\u00a010 in der vergangenen Saison m\u00f6glichst schnell den Anschluss ans Mittelfeld schaffen. \u201eWir wollen uns von unten fernhalten und gucken, was nach oben geht\u201c, sagte Jansen vor der Saison. Gesch\u00e4ftsf\u00fchrer Sport Johannes Bitter (43) setzt nach dem Umbruch zun\u00e4chst auf den Zusammenhalt: \u201eWir wollen als Team zusammenwachsen, als Gruppe stark werden.\u201c Da ist noch Luft nach oben, wie Balingen zeigte\u00a0&#8230;<\/p>\n<p>\u201eGrip of Glory\u201c: THW Kiel vor der R\u00fcckkehr zum Handball-Giganten?<a class=\"anchor video-teaser__anchor\" href=\"https:\/\/www.bild.de\/sport\/mehr-sport\/grip-of-glory-thw-kiel-vor-der-rueckkehr-zum-handball-giganten-6a7db5a1a87e8142c31ceef5\" rel=\"nofollow noopener\" target=\"_blank\"><img decoding=\"async\" width=\"992\" height=\"558\" alt=\"\" loading=\"lazy\" src=\"https:\/\/www.europesays.com\/de\/wp-content\/uploads\/2026\/09\/8d9312c9e9ee08d6d01a459a84a0cd10,2004552.jpeg\"   class=\"landscape teaser__image\"\/><\/a><\/p>\n<p>Quelle: DYN13.08.2026<\/p>\n<p>Der TVB Stuttgart startete erfolgreich in die Liga, gewann zum Auftakt 30:29 gegen den Bergischen HC. Nach Platz\u00a012 in der Vorsaison haben die Schwaben deutlich gr\u00f6\u00dfere Ziele. Trainer Misha Kaufmann will \u201eganz nach oben\u201c und den Verein \u201ean die Spitze entwickeln\u201c. Der Kader wurde daf\u00fcr gezielt verst\u00e4rkt und auf Kaufmanns System zugeschnitten. <\/p>\n<p>Der <a href=\"https:\/\/www.bild.de\/regional\/hamburg\/hc-hamburg-einmalige-handball-aktion-hch-verspricht-geld-zurueck-wenns-nicht-gefaellt-6a880369c3692834ff6d8004\" class=\"text-link\" rel=\"nofollow noopener\" target=\"_blank\">HC Hamburg<\/a> ist gefordert und muss zeigen, dass die Pleite von Balingen ein Ausrutscher war. Und dass die Saison Lust auf mehr macht!<\/p>\n","protected":false},"excerpt":{"rendered":"TTS-Player \u00fcberspringen\u21b5Artikel weiterlesen Der erste Auftritt ging schief, jetzt folgt die erste Vorstellung vor den eigenen Fans. Nach&hellip;\n","protected":false},"author":2,"featured_media":1274222,"comment_status":"","ping_status":"","sticky":false,"template":"","format":"standard","meta":{"footnotes":"","_share_on_mastodon":"0"},"categories":[1826],"tags":[1263,152213,178702,24387,31599,246888,29,11662,1932,258917,130561,30,692,1391,253958,130563,5009,11661,246887,31600,130560,129549,9662,137494,246886,205114,129550,178701,542,4581,31601,7401,15314,122229],"class_list":["post-1274221","post","type-post","status-publish","format-standard","has-post-thumbnail","category-hamburg","tag-aufmacher-bereich","tag-axmann-dominik","tag-beyer-noah","tag-bitter-johannes","tag-bo-andersen-frederik","tag-daling-nicolai","tag-deutschland","tag-dhb","tag-dyn-handball","tag-gadza-toma","tag-geenen-kaj","tag-germany","tag-hamburg","tag-handball","tag-handball-club-hamburg-ehem-hsv-hamburg","tag-haug-robin","tag-hbl","tag-hbw-balingen-weilstetten","tag-hovde-martin","tag-jansen","tag-joergensen-nicolaj","tag-kofler-elias","tag-no-sport-app","tag-norlyk-oliver","tag-nowottny-leon","tag-olafsson-einar","tag-sauter-moritz","tag-schmidt-jan-christian","tag-sport-leuchtturm-hamburg","tag-sport-tag-im-ticker","tag-torsten","tag-tvb-stuttgart","tag-weitzmann-dirk","tag-weller-niklas"],"share_on_mastodon":{"url":"","error":"Validation failed: Text character limit of 500 exceeded"},"_links":{"self":[{"href":"https:\/\/www.europesays.com\/de\/wp-json\/wp\/v2\/posts\/1274221","targetHints":{"allow":["GET"]}}],"collection":[{"href":"https:\/\/www.europesays.com\/de\/wp-json\/wp\/v2\/posts"}],"about":[{"href":"https:\/\/www.europesays.com\/de\/wp-json\/wp\/v2\/types\/post"}],"author":[{"embeddable":true,"href":"https:\/\/www.europesays.com\/de\/wp-json\/wp\/v2\/users\/2"}],"replies":[{"embeddable":true,"href":"https:\/\/www.europesays.com\/de\/wp-json\/wp\/v2\/comments?post=1274221"}],"version-history":[{"count":0,"href":"https:\/\/www.europesays.com\/de\/wp-json\/wp\/v2\/posts\/1274221\/revisions"}],"wp:featuredmedia":[{"embeddable":true,"href":"https:\/\/www.europesays.com\/de\/wp-json\/wp\/v2\/media\/1274222"}],"wp:attachment":[{"href":"https:\/\/www.europesays.com\/de\/wp-json\/wp\/v2\/media?parent=1274221"}],"wp:term":[{"taxonomy":"category","embeddable":true,"href":"https:\/\/www.europesays.com\/de\/wp-json\/wp\/v2\/categories?post=1274221"},{"taxonomy":"post_tag","embeddable":true,"href":"https:\/\/www.europesays.com\/de\/wp-json\/wp\/v2\/tags?post=1274221"}],"curies":[{"name":"wp","href":"https:\/\/api.w.org\/{rel}","templated":true}]}}