{"id":1274235,"date":"2026-09-01T18:36:22","date_gmt":"2026-09-01T18:36:22","guid":{"rendered":"https:\/\/www.europesays.com\/de\/1274235\/"},"modified":"2026-09-01T18:36:22","modified_gmt":"2026-09-01T18:36:22","slug":"the-art-of-johnny-depp-in-duesseldorf-kitsch-oder-imagepflege","status":"publish","type":"post","link":"https:\/\/www.europesays.com\/de\/1274235\/","title":{"rendered":"&#8222;The Art of Johnny Depp&#8220; in D\u00fcsseldorf: Kitsch oder Imagepflege?"},"content":{"rendered":"<p>            <img loading=\"lazy\" decoding=\"async\" class=\"ts-image\" src=\"https:\/\/www.europesays.com\/de\/wp-content\/uploads\/2026\/09\/depp-134.jpg\" alt=\"Johnny Depp\" title=\"Johnny Depp | 2026 Never Fear Truth LLC\"\/><\/p>\n<p class=\"metatextline\">Stand: 01.09.2026 \u2022 19:22 Uhr<\/p>\n<p class=\"article-head__shorttext\">\n        <strong>Johnny Depp ist zur\u00fcck. Zwischen Fanmomenten, umstrittener Kunst und einem Image, das nach dem Rosenkrieg schwer besch\u00e4digt schien, inszeniert er als als Maler und Rockmusiker im D\u00fcsseldorfer Schloss Benrath.<\/strong>\n    <\/p>\n<p class=\"textabsatz m-ten m-offset-one l-eight l-offset-two columns twelve\">Kein neuer Kinofilm, sondern Gem\u00e4lde und Band-Auftritte. In D\u00fcsseldorf pr\u00e4sentiert Johnny Depp seit Sonntag im Schloss Benrath seine Werkschau &#8222;The Art of Johnny Depp&#8220;. Nach Ausstellungen in Hessen und Bayern waren Depps Werke in diesem Jahr bereits bis Mai in Tokio zu sehen und werden derzeit auch in <a href=\"https:\/\/www.mamsh.com\/johnny-depp-figures-of-the-fringe\" title=\"Johnny Depp: Ausstellung im Museum of Modern Art Shanghai\" class=\"textlink--extern js-link-dialog\" rel=\"noopener noreferrer nofollow\" target=\"_blank\" data-type=\"external\">Shanghai im Modern Art Museum<\/a> ausgestellt.<\/p>\n<p class=\"textabsatz m-ten m-offset-one l-eight l-offset-two columns twelve\">Parallel steht Depp mit seiner Band Hollywood Vampires neben Rock-Ikone Alice Cooper am Mikrofon auf der B\u00fchne. Mit Stopps in N\u00fcrnberg, K\u00f6ln und Hamburg kommt er damit auch als Musiker live nach Deutschland. Ist das jetzt Kunst oder eine Neuerfindung nach viel negativer Presse und R\u00fcckzug aus der \u00d6ffentlichkeit?<\/p>\n<p class=\"absatzbild__info__text\">\n                        Kurator Ted Bauer (im wei\u00dfen T-Shirt) hat die Ausstellung des Hollywood-Stars Johnny Depp (Mitte) in D\u00fcsseldorf gestaltet. Er besitzt auch Gem\u00e4lde Depps.\n                    <\/p>\n<p>    Fan-Event mit Comeback-Faktor<\/p>\n<p class=\"textabsatz m-ten m-offset-one l-eight l-offset-two columns twelve\">Eine Frage, die f\u00fcr die anstehenden Fans in D\u00fcsseldorf eher zweitrangig ist: Viele warten bei der Ausstellungser\u00f6ffnung am Wochenende mit Merch und Autogrammkarten vor dem Schloss. Manche haben sich extra Urlaub genommen. Und das nur f\u00fcr den Hauch einer Wahrscheinlichkeit, dass der Schauspieler pers\u00f6nlich vor Ort sein k\u00f6nnte.<\/p>\n<p class=\"textabsatz m-ten m-offset-one l-eight l-offset-two columns twelve\">Doch Johnny Depp taucht trotz Ger\u00fcchten um sein Erscheinen nicht auf. Er hatte sich die Ausstellung nur vorab privat angesehen. Da seien Fans \u00fcber Absperrungen geklettert, um ihr Idol zu treffen, berichtet Ted Bauer, Kurator der D\u00fcsseldorfer Ausstellung.<\/p>\n<p>    <a href=\"https:\/\/www.tagesschau.de\/kultur\/johnny-depp-ausstellung-102.html\" class=\"copytext-galerie columns twelve m-ten m-offset-one l-eight l-offset-two\" rel=\"nofollow noopener\" target=\"_blank\"><br \/>\n        Bilderstrecke<br \/>\n        &#8222;The Art of Johnny Depp&#8220; in D\u00fcsseldorf<br \/>\n    <\/a><\/p>\n<p>    Schlammschlacht mit Amber Heard im Brennglas der \u00d6ffentlichkeit<\/p>\n<p class=\"textabsatz m-ten m-offset-one l-eight l-offset-two columns twelve\">F\u00fcr die Fans des US-Stars ist die Ausstellung eine Chance, mal wieder etwas von Johnny Depp zu sehen, um den es in den vergangenen Jahren ruhiger geworden war. Zuvor hatte er eher mit Negativschlagzeilen auf sich aufmerksam gemacht &#8211; am prominentesten wohl im \u00f6ffentlich ausgetragenen Rosenkrieg mit seiner mittlerweile Ex-Frau Amber Heard.<\/p>\n<p class=\"textabsatz m-ten m-offset-one l-eight l-offset-two columns twelve\">Heard hatte 2016 nach rund 15 Monaten Ehe die Scheidung eingereicht und Vorw\u00fcrfe h\u00e4uslicher Gewalt erhoben, die Depp zur\u00fcckwies. Die Geschehnisse hatten massive Auswirkungen auf die Karriere des US-Schauspielers: 2020 verlor Depp in Gro\u00dfbritannien eine Klage gegen den Verlag der Zeitung The Sun, die ihn als &#8222;Wife Beater&#8220; bezeichnet hatte. Kurz danach verlie\u00df Depp auf Wunsch von Warner Bros. die &#8222;Fantastic Beasts&#8220;-Filmreihe. Seine Rolle wurde neu besetzt.<\/p>\n<p class=\"textabsatz m-ten m-offset-one l-eight l-offset-two columns twelve\">Ein Verleumdungsprozess zwischen Depp und Heard im Jahr 2022 sorgte f\u00fcr Schlagzeilen, Fans konnten im Internet via Livestream verfolgen, was passiert. Daraus folgte eine Schlammschlacht vor den Augen der \u00d6ffentlichkeit, in der Aussagen vor Gericht zu Memes wurden. Der Prozess wurde im Deutschlandfunk sp\u00e4ter als &#8222;Schlammschlacht ohne Gewinner&#8220; bezeichnet.<\/p>\n<p class=\"textabsatz m-ten m-offset-one l-eight l-offset-two columns twelve\">Auch an seinen Fans geht Depps Privatleben nicht spurlos vorbei. Und doch bleiben sie ihm treu und trennen Privates und Berufliches ganz bewusst: &#8222;Das macht was mit einem in dem Sinne, dass man hinterfragt, ob das immer so richtig ist, was diese Person so tut, aber ich kenne ihn nicht pers\u00f6nlich, ich war nicht bei den Situationen dabei, deswegen m\u00f6chte ich das gar nicht beurteilen&#8220;, erz\u00e4hlt Ausstellungsbesucherin Melanie.<\/p>\n<p>    Image-Reparatur gelingt nur durch Fans<\/p>\n<p class=\"textabsatz m-ten m-offset-one l-eight l-offset-two columns twelve\">Doch wie erkl\u00e4rt sich, dass trotz dieses massiven Imageschadens so viele Fans zum Teil aus ganz anderen Ecken Deutschlands eigens zum Schloss Benrath anreisen und auf sein Kommen hoffen? Andrea Claudia Hoffmann, Professorin f\u00fcr investigativen Journalismus, hat dazu eine Theorie: &#8222;Wenn Fans viel Zeit, Aufmerksamkeit und Emotionen in die Unterst\u00fctzung einer prominenten Person investiert haben, entsteht ein Spannungsverh\u00e4ltnis zwischen der bestehenden Bewunderung und Berichten \u00fcber problematisches Verhalten.&#8220;<\/p>\n<p class=\"textabsatz m-ten m-offset-one l-eight l-offset-two columns twelve\">Und weiter: &#8222;Image-Reparatur gelingt daher h\u00e4ufig nicht allein durch die betreffende Person selbst, sondern auch durch die aktive Unterst\u00fctzung und Neuinterpretation innerhalb ihrer Fangemeinschaft&#8220;, so die Professorin im Gespr\u00e4ch mit dem WDR.<\/p>\n<p>    &#8222;Depp als Gesamtkunstwerk&#8220;<\/p>\n<p class=\"textabsatz m-ten m-offset-one l-eight l-offset-two columns twelve\">Neuinterpretation nur in gewissem Ma\u00dfe. Depp selbst betont oft, dass er seit seiner Kindheit male und beschreibt seine drei kreativen Schaffensfelder unterschiedlich: Schauspiel sei sein Beruf, Musik seine Leidenschaft, Malerei seine Therapie.<\/p>\n<p class=\"textabsatz m-ten m-offset-one l-eight l-offset-two columns twelve\">Gerade diese pers\u00f6nliche Ebene macht die Bilder f\u00fcr Ingrid Tomkowiak, emeritierte Professorin f\u00fcr Popul\u00e4re Literaturen und Medien an der Universit\u00e4t Z\u00fcrich, interessant. &#8222;Johnny Depp selbst wird zum Gesamtkunstwerk. Die Malerei nimmt darin eine besondere Stellung ein, weil sie behauptet, hinter diese Persona f\u00fchren zu k\u00f6nnen: zum Menschen, der angeblich nicht durch Inszenierung verstellt ist&#8220;, res\u00fcmiert sie im Gespr\u00e4ch mit dem WDR.<\/p>\n<p class=\"absatzbild__info__text\">\n                        Johnny Depp (2. v. links) und Alice Cooper (mit Zylinder) spielen in der Rockband &#8222;Hollywood Vampires&#8220;. Aktuell sind sie auf Tour, die sie auch nach Deutschland bringt.\n                    <\/p>\n<p>    &#8222;Depp als bildender K\u00fcnstler nicht sehr interessant&#8220;<\/p>\n<p class=\"textabsatz m-ten m-offset-one l-eight l-offset-two columns twelve\">Zum k\u00fcnstlerischen Wert der Bilder gehen die Meinungen unterdessen auseinander. Zumindest haben Kunstexpertinnen wie Elke Buhr eine deutliche Meinung: &#8222;Johnny Depp ist als bildender K\u00fcnstler leider nicht sehr interessant. Stilistisch schwankt er wie Captain Jack Sparrow nach einer Flasche Whiskey.&#8220; Mal kopiere er Andy Warhols Promi-Siebdrucke, mal eine leicht expressive Malweise, mal Collagen.<\/p>\n<p class=\"textabsatz m-ten m-offset-one l-eight l-offset-two columns twelve\">&#8222;Aber die Leute kaufen seine Editionen nicht wegen der k\u00fcnstlerischen Qualit\u00e4t, sondern wegen des Promi-Faktors&#8220;, sagt die Chefredakteurin des Kunstmagazins Monopol.<\/p>\n<p>    Kunst mit Promi-Faktor<\/p>\n<p class=\"textabsatz m-ten m-offset-one l-eight l-offset-two columns twelve\">Johnny Depp ist bei weitem nicht der erste Schauspieler, der sich neben der Kinoleinwand auch der Malerei widmet: Auch Brad Pitt, Jim Carrey, Pierce Brosnan, Sharon Stone und Sylvester Stallone haben zum Pinsel gegriffen. Teilweise werden die Promiwerke f\u00fcr Millionenbetr\u00e4ge verkauft. Ob das an der k\u00fcnstlerischen Qualit\u00e4t oder am Promifaktor liegt, l\u00e4sst Ted Bauer, Kurator der Ausstellung, offen. Er selbst sei im Besitz einiger Gem\u00e4lde von Johnny Depp.<\/p>\n<p>    Comeback als Captain Jack Sparrow?<\/p>\n<p class=\"textabsatz m-ten m-offset-one l-eight l-offset-two columns twelve\">Auch auf seine eigentliche Leinwand im Kino versucht Depp zur\u00fcckzukehren. 2023 spielte er in Ma\u00efwenns franz\u00f6sischem Historienfilm &#8222;Jeanne du Barry&#8220; den franz\u00f6sischen K\u00f6nig Ludwig XV. Der Film er\u00f6ffnete die Filmfestspiele von Cannes und war Depps erste gro\u00dfe Hauptrolle nach mehreren Jahren. Die Premiere erhielt starken Applaus. Zugleich fielen die Kritiken zur schauspielerischen Leistung und zum Film gemischt aus.<\/p>\n<p class=\"textabsatz m-ten m-offset-one l-eight l-offset-two columns twelve\">Erst im Juli \u00fcberraschte Depp auf einer US-Comic-Messe in San Diego verkleidet als &#8222;Ebenezer Scrooge&#8220;: Ende dieses Jahres soll der Film &#8222;Ebenezer&#8220; mit ihm in die Kinos kommen.<\/p>\n<p>    R\u00fcckkehr zum &#8222;Fluch der Karibik 6&#8220; im Gespr\u00e4ch<\/p>\n<p class=\"textabsatz m-ten m-offset-one l-eight l-offset-two columns twelve\">Im August best\u00e4tigte Produzent Jerry Bruckheimer (&#8222;Fluch der Karibik&#8220;, &#8222;Top Gun&#8220;) zudem gegen\u00fcber dem <a href=\"https:\/\/deadline.com\/2026\/08\/johnny-depp-pirates-6-bruckheimer-paramount-1237042233\/\" title=\"&quot;Deadline&quot;: Kommt Johnny Depp zur\u00fcck zum Fluch der Karibik?\" class=\"textlink--extern js-link-dialog\" rel=\"noopener noreferrer nofollow\" target=\"_blank\" data-type=\"external\">Branchen-Online-Magazin Deadline<\/a>, dass derzeit Gespr\u00e4che \u00fcber eine m\u00f6gliche R\u00fcckkehr Depps zu &#8222;Fluch der Karibik 6&#8220; gef\u00fchrt w\u00fcrden.<\/p>\n<p class=\"textabsatz m-ten m-offset-one l-eight l-offset-two columns twelve\">Vielleicht gelingt Johnny Depp am Ende das, was seine ber\u00fchmteste Figur Captain Jack Sparrow schafft: Auch nach gro\u00dfen R\u00fcckschl\u00e4gen immer wieder auf die Beine zu kommen.<\/p>\n","protected":false},"excerpt":{"rendered":"Stand: 01.09.2026 \u2022 19:22 Uhr Johnny Depp ist zur\u00fcck. Zwischen Fanmomenten, umstrittener Kunst und einem Image, das nach&hellip;\n","protected":false},"author":2,"featured_media":1274236,"comment_status":"","ping_status":"","sticky":false,"template":"","format":"standard","meta":{"footnotes":"","_share_on_mastodon":"0"},"categories":[1776],"tags":[1801,29,214,30,40791,2075,1802,935,215],"class_list":["post-1274235","post","type-post","status-publish","format-standard","has-post-thumbnail","category-prominente","tag-celebrities","tag-deutschland","tag-entertainment","tag-germany","tag-johnny-depp","tag-kunst","tag-prominente","tag-schauspieler","tag-unterhaltung"],"share_on_mastodon":{"url":"https:\/\/pubeurope.com\/@de\/117197237106667117","error":""},"_links":{"self":[{"href":"https:\/\/www.europesays.com\/de\/wp-json\/wp\/v2\/posts\/1274235","targetHints":{"allow":["GET"]}}],"collection":[{"href":"https:\/\/www.europesays.com\/de\/wp-json\/wp\/v2\/posts"}],"about":[{"href":"https:\/\/www.europesays.com\/de\/wp-json\/wp\/v2\/types\/post"}],"author":[{"embeddable":true,"href":"https:\/\/www.europesays.com\/de\/wp-json\/wp\/v2\/users\/2"}],"replies":[{"embeddable":true,"href":"https:\/\/www.europesays.com\/de\/wp-json\/wp\/v2\/comments?post=1274235"}],"version-history":[{"count":0,"href":"https:\/\/www.europesays.com\/de\/wp-json\/wp\/v2\/posts\/1274235\/revisions"}],"wp:featuredmedia":[{"embeddable":true,"href":"https:\/\/www.europesays.com\/de\/wp-json\/wp\/v2\/media\/1274236"}],"wp:attachment":[{"href":"https:\/\/www.europesays.com\/de\/wp-json\/wp\/v2\/media?parent=1274235"}],"wp:term":[{"taxonomy":"category","embeddable":true,"href":"https:\/\/www.europesays.com\/de\/wp-json\/wp\/v2\/categories?post=1274235"},{"taxonomy":"post_tag","embeddable":true,"href":"https:\/\/www.europesays.com\/de\/wp-json\/wp\/v2\/tags?post=1274235"}],"curies":[{"name":"wp","href":"https:\/\/api.w.org\/{rel}","templated":true}]}}