{"id":1274239,"date":"2026-09-01T18:40:34","date_gmt":"2026-09-01T18:40:34","guid":{"rendered":"https:\/\/www.europesays.com\/de\/1274239\/"},"modified":"2026-09-01T18:40:34","modified_gmt":"2026-09-01T18:40:34","slug":"ard-mediathek-diese-7-serien-lohnen-sich-im-september-2026","status":"publish","type":"post","link":"https:\/\/www.europesays.com\/de\/1274239\/","title":{"rendered":"ARD Mediathek: Diese 7 Serien lohnen sich im September 2026"},"content":{"rendered":"<p>        <img decoding=\"async\" src=\"https:\/\/www.europesays.com\/de\/wp-content\/uploads\/2026\/09\/sherlock-daughter-serie-100.webp\" alt=\"Titelbild Sherlock &amp; Dauchter\" title=\"Titelbild Sherlock &amp; Dauchter | ARD Degeto Film GmbH \" class=\"responsive\"\/><\/p>\n<p class=\"topline\">Streaming-Tipps<\/p>\n<p>\n                Stand: 01.09.2026 17:34 Uhr<\/p>\n<p class=\"preface\">Vom psychologischen Katz-und-Maus-Spiel bis zur gro\u00dfen Liebesgeschichte: Im September bietet die ARD Mediathek wieder Serien f\u00fcr sehr unterschiedliche Geschm\u00e4cker. Mit dabei sind der Thriller &#8222;The Suspect&#8220;, die Dramedy &#8222;Selling Sex&#8220;, die Leonard-Cohen-Serie &#8222;So Long, Marianne&#8220;, das kenianische Familiendrama &#8222;Country Queen&#8220; und das gro\u00dfe Finale von &#8222;Babylon Berlin&#8220;. Unsere Serien-Tipps f\u00fcr den September.<\/p>\n<p class=\"textauthor\">von Jessica Conrad, MDR KULTUR<\/p>\n<p class=\"\"><strong>Mit einem Klick direkt zu den besten Inhalten in der ARD Mediathek \u2013 unsere Tipps k\u00f6nnen Sie auch regelm\u00e4\u00dfig in Ihr Postfach bekommen: <\/strong><a href=\"https:\/\/www.mdr.de\/kultur\/sounds-mediathek-tipps-newsletter-100.html\" title=\"Die besten Tipps f\u00fcr die ARD Mediathek und ARD Sounds als Newsletter\" rel=\"nofollow noopener\" target=\"_blank\"><strong>Hier anmelden<\/strong><\/a><strong> und unseren kostenfreien Newsletter erhalten. <\/strong><\/p>\n<p>    &#8222;Babylon Berlin&#8220;: Das gro\u00dfe Serienfinale beginnt im Januar 1933<\/p>\n<p class=\"\">Berlin, Januar 1933: Nur wenige Wochen liegen zwischen Hitlers Ernennung zum Reichskanzler und dem Reichstagsbrand und genau in dieser Zeit erz\u00e4hlt &#8222;Babylon Berlin&#8220; seine letzte Geschichte. W\u00e4hrend Charlotte Ritter in einer Mordserie an ehemaligen Frontsoldaten ermittelt, verschwindet Gereon Rath spurlos. Gleichzeitig bringt eine brisante Akte \u00fcber Hitlers Vergangenheit mehrere m\u00e4chtige Akteure auf den Plan.<\/p>\n<p>        <img decoding=\"async\" src=\"https:\/\/www.europesays.com\/de\/wp-content\/uploads\/2026\/09\/babylon-berlin-finale-staffel-100.webp\" alt=\"&quot;Babylon Berlin&quot; - Die finale Staffel - Keyvisual - Charlotte Ritter (Liv Lisa Fries, li.) und Gereon Rath (Volker Bruch, re.).\" title=\"&quot;Babylon Berlin&quot; - Die finale Staffel - Keyvisual - Charlotte Ritter (Liv Lisa Fries, li.) und Gereon Rath (Volker Bruch, re.). | Fr\u00e9d\u00e9ric Batier\/X Filme Creative Pool\/ARD Degeto Film\/WDR\/SWR\/HR\/Radio Bremen\/Beta Film\/BDA Creativ; Hintergrund KI-generiert\" class=\"responsive\" loading=\"lazy\"\/><\/p>\n<p>Ab dem 10. September hier anschauen<\/p>\n<p class=\"\">Liv Lisa Fries und Volker Bruch kehren noch einmal als Charlotte und Gereon zur\u00fcck, auch Lars Eidinger, Hannah Herzsprung und <a href=\"https:\/\/www.mdr.de\/kultur\/kino-und-film\/theater-,christian-friedel-schauspieler-zehn-fakten-106.html\" title=\"Von Magdeburg nach Hollywood: Zehn \u00fcberraschende Fakten \u00fcber Christian Friedel\" rel=\"nofollow noopener\" target=\"_blank\">Christian Friedel<\/a> sind wieder dabei. Neu im Ensemble sind unter anderem Devid Striesow und Clemens Schick.<\/p>\n<p class=\"\">Wie schon in den bisherigen Staffeln verbindet &#8222;Babylon Berlin&#8220; Krimi, politische Geschichte und opulente Gro\u00dfstadtatmosph\u00e4re, diesmal vor dem Hintergrund einer Gesellschaft, die immer tiefer in den Nationalsozialismus kippt. Die acht Folgen der finalen f\u00fcnften Staffel orientieren sich an Motiven aus Volker Kutschers Roman &#8222;M\u00e4rzgefallene&#8220;. Wer die bisherigen Staffeln verfolgt hat, d\u00fcrfte an diesem Finale ohnehin kaum vorbeikommen.<\/p>\n<p><strong>&#8222;Babylon Berlin&#8220; Staffel 5<br \/><\/strong>Deutschland, 2026<br \/>8 Folgen \u00e0 45 Minuten<br \/>Regie: Tom Tykwer, Achim von Borries, Henk Handloegten<br \/>Drehbuch: Drehbuch und Regie: Achim von Borries, Henk Handloegten, Tom Tykwer<br \/>Besetzung: Liv Lisa Fries, Volker Bruch, Lars Eidinger, Hannah Herzsprung, Christian Friedel, Benno F\u00fcrmann u.a.<br \/><strong>Staffel 5. ab 10. September in der ARD Mediathek<\/strong><\/p>\n<p>    &#8222;The Suspect&#8220;: Ein Psychologe unter Mordverdacht<\/p>\n<p class=\"\">Eigentlich k\u00f6nnte es f\u00fcr den erfolgreichen Psychologen Joe O\u2019Loughlin kaum besser laufen: Er hat eine Familie, eine gut laufende Praxis und ist als Experte gefragt. Doch gerade als er sich mit einer ersch\u00fctternden Diagnose auseinandersetzen muss, bittet ihn die Polizei um Hilfe bei einem ungew\u00f6hnlichen Mordfall. Eine junge Frau wurde mit 21 Messerstichen get\u00f6tet und je l\u00e4nger Joe die Ermittlungen begleitet, desto mehr Ungereimtheiten tauchen auf. Besonders beunruhigend: Einige davon f\u00fchren direkt zu ihm selbst.<\/p>\n<p>        <img decoding=\"async\" src=\"https:\/\/www.europesays.com\/de\/wp-content\/uploads\/2026\/09\/the-suspect-serie-100.webp\" alt=\"The Suspect \u2013 Tr\u00fcgerische Wahrheit\" title=\"The Suspect \u2013 Tr\u00fcgerische Wahrheit | ARD Degeto\/World Productions for ITV\" class=\"responsive\" loading=\"lazy\"\/><\/p>\n<p class=\"\">Ist Joe tats\u00e4chlich nur zur falschen Zeit am falschen Ort oder kennt er die Wahrheit besser, als er zugibt? Genau mit diesem Zweifel spielt die f\u00fcnfteilige britische Thrillerserie &#8222;The Suspect \u2013 Tr\u00fcgerische Wahrheit&#8220;. Aidan Turner, bekannt aus &#8222;Poldark&#8220;, macht es dabei denkbar schwer, Joe einzusch\u00e4tzen: mal wirkt er sympathisch und verletzlich, dann wieder irritierend und undurchschaubar.<\/p>\n<p class=\"\">Je tiefer er in den Fall ger\u00e4t, desto mehr geraten nicht nur seine Karriere und seine Familie ins Wanken, sondern auch das Bild, das man sich von ihm gemacht hat. Gerade dieses Misstrauen gegen\u00fcber der eigenen Hauptfigur macht den Reiz der Serie aus und sorgt daf\u00fcr, dass man nach einer Folge ziemlich schnell wissen will, was wirklich hinter Joe O\u2019Loughlin steckt.<\/p>\n<p>&#8222;<strong>The Suspect \u2013 Tr\u00fcgerische Wahrheit&#8220; <\/strong><br \/>Gro\u00dfbritannien, 2022 <br \/>5 Folgen \u00e0 ca. 45 Minuten<br \/>Regie: James Strong, Camilla Str\u00f8m Henriksen <br \/>Drehbuch: Peter Berry, nach dem Roman von Michael Robotham <br \/>Mit: Aidan Turner, Shaun Parkes, Camilla Beeput, Anjli Mohindra, Adam James, Bobby Schofield und Sian Clifford <br \/><strong>Verf\u00fcgbar in der ARD Mediathek bis: 21.09.2026<\/strong><\/p>\n<p class=\"\"><strong>Lassen Sie sich regelm\u00e4\u00dfig von uns inspirieren: Unsere ausgew\u00e4hlten Tipps f\u00fcr Serien, Filme, Ausflugsziele, Ausstellungen und mehr gibt es auch direkt auf Ihr Handy in unserem kostenlosen <\/strong><a href=\"https:\/\/www.mdr.de\/kultur\/whatsapp-channel-kultur-erleben-100~splash.html\" title=\"MDR KULTUR bei WhatsApp: &quot;KULTUR erleben&quot;\" data-url=\"https:\/\/whatsapp.com\/channel\/0029VbB2BsjK0IBq8qHAw12R\" class=\"extlink-preface\" data-type=\"external\" rel=\"nofollow noopener\" target=\"_blank\"><strong>WhatsApp-Channel &#8222;KULTUR erleben&#8220;<\/strong><\/a><strong>. Einfach folgen und nichts mehr verpassen.<\/strong><\/p>\n<p>    &#8222;Selling Sex&#8220;: Zwischen Selbstbestimmung und Gesch\u00e4ft<\/p>\n<p class=\"\">BWL-Studentin Nelly hat ein teures Studium, ein unbezahltes Praktikum, nebenbei einen Cateringjob und trotzdem reicht das Geld kaum. Als sie zuf\u00e4llig eine ehemalige Kollegin wiedertrifft, die inzwischen als Escort arbeitet, er\u00f6ffnet sich pl\u00f6tzlich eine ganz andere M\u00f6glichkeit: Nelly beginnt selbst, unter dem Namen Aurora Sex zu verkaufen und verdient damit schnell mehr als je zuvor.<\/p>\n<p>        <img decoding=\"async\" src=\"https:\/\/www.europesays.com\/de\/wp-content\/uploads\/2026\/09\/selling-sex-ard-mediathek-102.webp\" alt=\"Colverbild der Serie &quot;Selling Sex&quot;\" title=\"Colverbild der Serie &quot;Selling Sex&quot; | ARD Degeto Film\/Mia Wallace Productions GmbH\/Senator Film Produktion\/Michel Vertongen\/Xavier Fernandez\" class=\"responsive\" loading=\"lazy\"\/><\/p>\n<p class=\"\">Die sechsteilige deutsche Dramedy &#8222;Selling Sex&#8220; will Sexarbeit dabei weder romantisieren noch als klassische Opfergeschichte erz\u00e4hlen. Stattdessen geht es um Geld, Selbstbestimmung, Freundschaft, Begehren und die Frage, wie frei Entscheidungen eigentlich sind, wenn finanzielle Abh\u00e4ngigkeiten mit im Spiel sind.<\/p>\n<p class=\"\">Zwischen WG-K\u00fcche, Finanzberatung und Luxushotels prallen dabei sehr unterschiedliche Lebenswelten aufeinander. Gerade dieser moderne und bewusst kontroverse Blick macht &#8222;Selling Sex&#8220; zu einer der ungew\u00f6hnlicheren neuen Serien in der ARD Mediathek.<\/p>\n<p><strong>&#8222;Selling Sex&#8220; <\/strong><br \/>Deutschland, 2026<br \/>6 Folgen \u00e0 25 Minuten<br \/>Regie: Miriam Dehne <br \/>Drehbuch: Marie C. K\u00f6nig, Hannah Schopf<br \/>Mit: Ella Morgen, Manal Raga a Sabit, Lera Abova, Malik Blumenthal, Samirah Breuer, Sasha von Halbach und Inga Busch<br \/><strong>Verf\u00fcgbar in der ARD Mediathek bis 28.08.2027<\/strong><\/p>\n<p>    &#8222;Sherlock &amp; Daughter&#8220;: David Thewlis ermittelt als Sherlock Holmes<\/p>\n<p class=\"\">Sherlock Holmes bekommt unerwarteten Besuch: Die junge Amerikanerin Amelia Rojas steht vor seiner T\u00fcr und behauptet, seine Tochter zu sein. Nach dem mysteri\u00f6sen Mord an ihrer Mutter ist sie nach London gereist, um Antworten zu finden \u2013 und ist \u00fcberzeugt, dass ausgerechnet der ber\u00fchmte Meisterdetektiv ihr dabei helfen kann. Sherlock selbst reagiert zun\u00e4chst wenig begeistert. Doch bald f\u00fchren Amelias Nachforschungen die beiden auf die Spur einer weitreichenden Verschw\u00f6rung.<\/p>\n<p>        <img decoding=\"async\" src=\"https:\/\/www.europesays.com\/de\/wp-content\/uploads\/2026\/09\/sherlock-daughter-serie-100.webp\" alt=\"Titelbild Sherlock &amp; Dauchter\" title=\"Titelbild Sherlock &amp; Dauchter | ARD Degeto Film GmbH \" class=\"responsive\" loading=\"lazy\"\/><\/p>\n<p class=\"\">Viele d\u00fcrften David Thewlis noch als Remus Lupin aus den &#8222;Harry Potter&#8220;-Filmen kennen. In &#8222;Sherlock &amp; Daughter&#8220; \u00fcbernimmt er nun die Rolle des legend\u00e4ren Detektivs, an seiner Seite spielt Blu Hunt die selbstbewusste Amelia.<\/p>\n<p class=\"\">Die achtteilige Mystery-Krimiserie ist im London des Jahres 1896 angesiedelt und verbindet klassische Sherlock-Atmosph\u00e4re mit einer neuen Frage: Ist Amelia tats\u00e4chlich seine Tochter? Gerade dieses ungew\u00f6hnliche Duo bringt frischen Wind in eine Geschichte, die schon unz\u00e4hlige Male neu erz\u00e4hlt wurde.<\/p>\n<p><strong>&#8222;Sherlock &amp; Daughter&#8220;<\/strong><br \/>USA\/Irland, 2025<br \/>8 Folgen \u00e0 45 Minuten<br \/>Regie: Bryn Higgins, Elle-M\u00e1ij\u00e1 Tailfeathers <br \/>Drehbuch: Brendan Foley, Shelly Goldstein, Micah Wright, James Duff <br \/>Mit: David Thewlis, Blu Hunt, Ardal O\u2019Hanlon, Fiona Glascott, Aidan McArdle und Dougray Scott<br \/><strong>Verf\u00fcgbar in der ARD Mediathek ab: 02.09.2026 (f\u00fcr 30 Tage)<\/strong><\/p>\n<p>    &#8222;So Long, Marianne&#8220;: Die Frau hinter Leonard Cohens gro\u00dfer Liebesgeschichte<\/p>\n<p class=\"\">Wei\u00dfe H\u00e4user, flirrende Hitze, das tiefblaue Meer und eine Insel voller K\u00fcnstlerinnen und K\u00fcnstler: Ende der 50er-Jahre zieht es den jungen Schriftsteller Leonard Cohen auf die griechische Insel Hydra. Dort begegnet er der Norwegerin Marianne Ihlen und aus einer Sommerliebe wird eine intensive Beziehung, die beide \u00fcber Jahre pr\u00e4gen und sp\u00e4ter in Cohens Musik weiterleben wird.<\/p>\n<p>        <img decoding=\"async\" src=\"https:\/\/www.europesays.com\/de\/wp-content\/uploads\/2026\/09\/solongmarianne138.webp\" alt=\"\u00dcberwindet Selbstzweifel und Komplexe: Leonard Cohen (Alex Wolff) auf der B\u00fchne.\" title=\"\u00dcberwindet Selbstzweifel und Komplexe: Leonard Cohen (Alex Wolff) auf der B\u00fchne. | NDR\/Nikos Nikolopoulos\" class=\"responsive\" loading=\"lazy\"\/><\/p>\n<p class=\"\">&#8222;So Long, Marianne&#8220; erz\u00e4hlt von einer Zeit, in der alles m\u00f6glich scheint: vom Schreiben und Tr\u00e4umen, von langen N\u00e4chten, Freiheit und dem Versuch, irgendwo zwischen Liebe und Kunst den eigenen Platz zu finden. Doch hinter der sonnendurchfluteten Boh\u00e8me steckt auch viel Sehnsucht, Eifersucht und die Frage, was passiert, wenn zwei Menschen dieselbe N\u00e4he wollen, aber vielleicht nicht dasselbe Leben.<\/p>\n<p class=\"\">Alex Wolff und Thea Sofie Loch N\u00e6ss spielen Leonard und Marianne mit viel W\u00e4rme und Verletzlichkeit. Eine Serie f\u00fcr alle, die sich gern f\u00fcr ein paar Stunden an einen anderen Ort und in eine andere Zeit ziehen lassen und f\u00fcr Geschichten \u00fcber gro\u00dfe Lieben, die vielleicht gerade deshalb bleiben, weil sie nicht f\u00fcr immer halten.<\/p>\n<p><strong>&#8222;So Long, Marianne&#8220;<br \/><\/strong>8 Folgen \u00e0 50 Minuten<br \/>Deutschland\/Kanada\/Norwegen, 2024 <br \/>Regie: \u00d8ystein Karlsen, Bronwen Hughes <br \/>Drehbuch: \u00d8ystein Karlsen, Jo Nesb\u00f8, Tony Wood <br \/>Mit: Alex Wolff, Thea Sofie Loch N\u00e6ss, Anna Torv, Noah Taylor, Peter Stormare und Jonas Strand Gravli<br \/><strong>Verf\u00fcgbar in der ARD Mediathek bis: 14.12.2026<\/strong><\/p>\n<p>    &#8222;Country Queen&#8220;: Wem geh\u00f6rt die Heimat?<\/p>\n<p class=\"\">Zehn Jahre lang hat Akisa ihr Heimatdorf Tsilanga hinter sich gelassen und sich in Nairobi ein neues Leben aufgebaut. Doch als ihr Vater schwer erkrankt, kehrt sie zur\u00fcck und landet mitten in einem Konflikt, der l\u00e4ngst das ganze Dorf erfasst hat. Der m\u00e4chtige Bergbaukonzern Eco Rock kauft immer mehr Land f\u00fcr den Goldabbau auf. W\u00e4hrend einige Bewohner auf das versprochene Geld und einen Neuanfang hoffen, wollen andere um jeden Preis das Land behalten, das ihren Familien seit Generationen geh\u00f6rt.<\/p>\n<p>        <img decoding=\"async\" src=\"https:\/\/www.europesays.com\/de\/wp-content\/uploads\/2026\/09\/country-queen-ard-mediathek-100.webp\" alt=\"Bild aus der Serie &quot;Country Queen&quot;\" title=\"Bild aus der Serie &quot;Country Queen&quot; | ARTE\" class=\"responsive\" loading=\"lazy\"\/><\/p>\n<p class=\"\">&#8222;Country Queen&#8220; verbindet Akisas pers\u00f6nliche R\u00fcckkehr mit gro\u00dfen Fragen nach Heimat, sozialer Ungleichheit, Umweltzerst\u00f6rung und wirtschaftlicher Macht. Dabei treffen immer wieder Gegens\u00e4tze aufeinander: Stadt und Land, Arm und Reich, Tradition und Moderne. Gleichzeitig bleibt die sechsteilige Serie ein emotionales Familiendrama voller alter Konflikte, Beziehungen und Geheimnisse.<\/p>\n<p class=\"\">&#8222;Country Queen&#8220; ist die erste High-End-Dramaserie aus Kenia und entstand als Koproduktion von ARTE und Netflix Africa. Im Mittelpunkt steht dabei immer wieder die Frage, was Heimat eigentlich bedeutet und wie viel man bereit ist, f\u00fcr sie zu riskieren.<\/p>\n<p><strong>&#8222;Country Queen&#8220; <br \/><\/strong>Deutschland\/Kenia, 2022<br \/>6 Folgen \u00e0 58 Minuten<br \/>Regie: Vincent Mbaya, Tosh Gitonga, Brian Munene <br \/>Drehbuch: Lydia Matata, Oprah Oyugi, Wanjeri Gakuru, Kimani Waweru <br \/>Mit: Melissa Kiplagat, Melvin Alusa, Nini Wacera, Blessing Lung\u2019aho, Sheila Munyiva, Mumbi Kaigwa und Raymond Ofula<br \/><strong>Verf\u00fcgbar in der ARD Mediathek bis: 30.09.2026<\/strong><\/p>\n<p>    &#8222;Biester&#8220;: Wenn zwei Welten aufeinanderprallen<\/p>\n<p class=\"\">Jenny und Vero haben gro\u00dfe Tr\u00e4ume und chronisch zu wenig Geld. Die beiden besten Freundinnen wollen raus aus ihrem Alltag und endlich ein St\u00fcck vom guten Leben abbekommen. Ganz anders die Schwestern Tiz und Nelly: Sie sind mit Luxus aufgewachsen und kennen Geldsorgen h\u00f6chstens vom H\u00f6rensagen. Als sich die Wege der vier jungen Frauen kreuzen, prallen nicht nur zwei v\u00f6llig unterschiedliche Lebenswelten aufeinander. Ein folgenschwerer Zwischenfall setzt eine Kette von Ereignissen in Gang, bei der Geld, Freundschaft, Familie und Loyalit\u00e4ten zunehmend durcheinandergeraten.<\/p>\n<p>        <img decoding=\"async\" src=\"https:\/\/www.europesays.com\/de\/wp-content\/uploads\/2026\/09\/biester-serie-ard-mediathek-100.webp\" alt=\"Titelbild &quot;Biester&quot;\" title=\"Titelbild &quot;Biester&quot; | ARD Degeto Film\" class=\"responsive\" loading=\"lazy\"\/><\/p>\n<p class=\"\">Die \u00f6sterreichische Dramedy &#8222;Biester&#8220; erz\u00e4hlt bissig und mit viel schwarzem Humor von sozialer Herkunft, Privilegien und der Sehnsucht nach einem anderen Leben. Dabei sind weder die reichen noch die weniger privilegierten Figuren besonders unschuldig, und gerade das macht die zehn Folgen so unterhaltsam. Wer Serien mag, in denen Freundschaften kompliziert werden, Familien ihre Abgr\u00fcnde zeigen und hinter gl\u00e4nzenden Fassaden einiges brodelt, d\u00fcrfte mit &#8222;Biester&#8220; ziemlich schnell warm werden.<\/p>\n<p>&#8222;<strong>Biester&#8220;<br \/><\/strong>\u00d6sterreich, 2024<br \/>10 Folgen \u00e0 ca. 45 Minuten<br \/>Regie: Mirjam Unger, Andreas Kopriva <br \/>Drehbuch: Uli Br\u00e9e Mit Anja Pichler, Mara Romei, Fanni Schneider, Theresa Riess, Ursula Strauss, Simon Schwarz und Claudia Kottal. <br \/><strong>Verf\u00fcgbar in der ARD Mediathek bis: 20.10.2026<\/strong><\/p>\n<p>                    \u00dcber mich<\/p>\n<p>Ich bin Jessica Conrad, lebe im bunten Westen von Leipzig und arbeite als Kulturjournalistin bei MDR KULTUR. Serien geh\u00f6ren f\u00fcr mich definitiv zu den Dingen, in denen ich mich stundenlang verlieren kann. Und wenn mich eine Geschichte einmal richtig hat, wird aus &#8222;nur noch eine Folge&#8220; ziemlich schnell ein kleiner Serienmarathon. <\/p>\n<p>Mehr Highlights in der ARD Mediathek und bei ARD Sounds<\/p>\n<p>        <img decoding=\"async\" src=\"https:\/\/www.europesays.com\/de\/wp-content\/uploads\/2026\/09\/september-doku-das-erste-100.webp\" alt=\"Explosionen an den Zwillingst\u00fcrmen des World Trade Centers mit gelbem Schriftzug 'SEPTEMBER' im Vordergrund.\" title=\"Explosionen an den Zwillingst\u00fcrmen des World Trade Centers mit gelbem Schriftzug 'SEPTEMBER' im Vordergrund. | WDR\/Getty Images\/Spencer Platt\" class=\"responsive\" loading=\"lazy\"\/><\/p>\n<p>        <img decoding=\"async\" src=\"https:\/\/www.europesays.com\/de\/wp-content\/uploads\/2026\/09\/magdeburg-ernst-thaelmann-bueste-100.webp\" alt=\"Ein Mann auf einer Leiter putzt eine B\u00fcste von Ernst Th\u00e4lmann im ehemaligen Schwermaschinenbau-Kombinat SKET.\" title=\"Ein Mann auf einer Leiter putzt eine B\u00fcste von Ernst Th\u00e4lmann im ehemaligen Schwermaschinenbau-Kombinat SKET. | IMAGO\/ fossiphoto\" class=\"responsive\" loading=\"lazy\"\/><\/p>\n<p>        <img decoding=\"async\" src=\"https:\/\/www.europesays.com\/de\/wp-content\/uploads\/2026\/09\/licorice-pizza-114.webp\" alt=\"Filmszene aus Licorice Pizza\" title=\"Filmszene aus Licorice Pizza | 2021 Metro-Goldwyn-Mayer Pictures Inc.\" class=\"responsive\" loading=\"lazy\"\/><\/p>\n<p>        <img decoding=\"async\" src=\"https:\/\/www.europesays.com\/de\/wp-content\/uploads\/2026\/06\/kino-432.webp\" alt=\"roter Kinosaal\" title=\"roter Kinosaal | IMAGO \/ Funke Foto Services\" class=\"responsive\" loading=\"lazy\"\/><\/p>\n","protected":false},"excerpt":{"rendered":"Streaming-Tipps Stand: 01.09.2026 17:34 Uhr Vom psychologischen Katz-und-Maus-Spiel bis zur gro\u00dfen Liebesgeschichte: Im September bietet die ARD Mediathek&hellip;\n","protected":false},"author":2,"featured_media":1274240,"comment_status":"","ping_status":"","sticky":false,"template":"","format":"standard","meta":{"footnotes":"","_share_on_mastodon":"0"},"categories":[1773],"tags":[11429,5299,29,20122,6909,214,16991,30,23948,3676,1806,471,1780,1467,15755,215],"class_list":["post-1274239","post","type-post","status-publish","format-standard","has-post-thumbnail","category-serien","tag-thriller","tag-comedy","tag-deutschland","tag-drama","tag-empfehlung","tag-entertainment","tag-gefuehle","tag-germany","tag-highlights","tag-mediathek","tag-serie","tag-serien","tag-series","tag-tipps","tag-true-crime","tag-unterhaltung"],"share_on_mastodon":{"url":"https:\/\/pubeurope.com\/@de\/117197254905282102","error":""},"_links":{"self":[{"href":"https:\/\/www.europesays.com\/de\/wp-json\/wp\/v2\/posts\/1274239","targetHints":{"allow":["GET"]}}],"collection":[{"href":"https:\/\/www.europesays.com\/de\/wp-json\/wp\/v2\/posts"}],"about":[{"href":"https:\/\/www.europesays.com\/de\/wp-json\/wp\/v2\/types\/post"}],"author":[{"embeddable":true,"href":"https:\/\/www.europesays.com\/de\/wp-json\/wp\/v2\/users\/2"}],"replies":[{"embeddable":true,"href":"https:\/\/www.europesays.com\/de\/wp-json\/wp\/v2\/comments?post=1274239"}],"version-history":[{"count":0,"href":"https:\/\/www.europesays.com\/de\/wp-json\/wp\/v2\/posts\/1274239\/revisions"}],"wp:featuredmedia":[{"embeddable":true,"href":"https:\/\/www.europesays.com\/de\/wp-json\/wp\/v2\/media\/1274240"}],"wp:attachment":[{"href":"https:\/\/www.europesays.com\/de\/wp-json\/wp\/v2\/media?parent=1274239"}],"wp:term":[{"taxonomy":"category","embeddable":true,"href":"https:\/\/www.europesays.com\/de\/wp-json\/wp\/v2\/categories?post=1274239"},{"taxonomy":"post_tag","embeddable":true,"href":"https:\/\/www.europesays.com\/de\/wp-json\/wp\/v2\/tags?post=1274239"}],"curies":[{"name":"wp","href":"https:\/\/api.w.org\/{rel}","templated":true}]}}