{"id":1274248,"date":"2026-09-01T18:46:25","date_gmt":"2026-09-01T18:46:25","guid":{"rendered":"https:\/\/www.europesays.com\/de\/1274248\/"},"modified":"2026-09-01T18:46:25","modified_gmt":"2026-09-01T18:46:25","slug":"kein-bittersuesser-moment-big-e-ueber-new-level-aew-wechsel-wrestling-infos-de","status":"publish","type":"post","link":"https:\/\/www.europesays.com\/de\/1274248\/","title":{"rendered":"\u201eKein bitters\u00fc\u00dfer Moment\u201c: Big E \u00fcber New Level-AEW-Wechsel\u00a0|\u00a0Wrestling-Infos.de"},"content":{"rendered":"\n<p>  \t\t\t\t\t Big E findet emotionale Worte zum AEW-Wechsel von Kofi (Kingston) und Xavier Woods\/Austin Creed<\/p>\n<p><strong>The New Day (Big E, Kofi Kingston &amp; Xavier Woods)<\/strong> ist Geschichte. W\u00e4hrend Big E noch als Moderator bei Premium Live Events von WWE auftritt, haben Kofi und Austin Creed ihren <a href=\"https:\/\/www.wrestling-infos.de\/411601.html\" target=\"_blank\" rel=\"noopener nofollow\">Wechsel zu All Elite Wrestling<\/a> vollzogen. Darauf reagierte der Dritte im Bunde, Big E, auf Instagram. Dort teilte er ein Bild von Fu\u00dfspuren, daneben ein Schild mit der Aufschrift \u201eSchaut, wie weit Ihr es geschafft habt\u201c. W\u00e4hrend die Aussage noch etwas kryptisch war, zeigten Antworten auf Kommentare den Hintergrund des Postings.<\/p>\n<blockquote>\n<p>\u201eFalls Ihr zwei lebende Legenden seid, die unterbewertet werden, m\u00fcsst Ihr manchmal nach London fahren. Ich bin sehr gl\u00fccklich f\u00fcr den New Level. Zwei der besten M\u00e4nner, die jemals im Wrestling waren. Es ist kein bitters\u00fc\u00dfer Moment, sondern einfach ein s\u00fc\u00dfer Moment. Es sind meine Br\u00fcder. Ich werde ihren Weg nat\u00fcrlich verfolgen!\u201c<\/p>\n<\/blockquote>\n<p>Big E war von 2014 an Teil des New Day, bis eine Nackenverletzung im Jahre 2022 seine Laufbahn beendete.<\/p>\n<blockquote class=\"instagram-media\" style=\"background: #FFF; border: 0; border-radius: 3px; box-shadow: 0 0 1px 0 rgba(0,0,0,0.5),0 1px 10px 0 rgba(0,0,0,0.15); margin: 1px; max-width: 540px; min-width: 326px; padding: 0; width: calc(100% - 2px);\" data-instgrm-captioned=\"\" data-instgrm-permalink=\"https:\/\/www.instagram.com\/p\/DctVrPElM-h\/?utm_source=ig_embed&amp;utm_campaign=loading\" data-instgrm-version=\"14\">\n<\/blockquote>\n<p>Adam Copeland blickt auf besonderen Moment bei All In zur\u00fcck<\/p>\n<p><strong>Adam Copeland<\/strong> konnte nach All In ein weiteres Ziel von seiner Bucket List streichen \u2013 einen Auftritt im Wembley Stadium. Auf seiner Instagram-Seite zeigte sich der bei WWE als Edge bekannte Wrestler dankbar f\u00fcr die Erfahrung.<\/p>\n<blockquote>\n<p>\u201eEndlich zu Hause bei der Familie. Ich denke immer noch dar\u00fcber nach, dass ich gestern einfach im Wembley Stadium aufgetreten bin. Danke, London, dank Euch habe ich mich wie Freddie [Mercury] gef\u00fchlt. Falls man es meinem L\u00e4cheln nicht angesehen hat: Es war alles, was ich mir ertr\u00e4umt hatte. Seite an Seite mit meinem Freund aus Kindheitstagen gegen eins der besten Teams aller Zeiten. Darum machen wir das alles.\u201c<\/p>\n<\/blockquote>\n<p>Er lobte dann auch noch die Breite der Tag Team-Division von All Elite Wrestling.<\/p>\n<blockquote>\n<p>\u201eEs war ein Beispiel daf\u00fcr, wie stark unsere Tag Team-Division ist. Eine F\u00fclle an Talenten. Gl\u00fcckwunsch an unser Roster und die Liga f\u00fcr ein wirklich spektakul\u00e4res All In.\u201c<\/p>\n<\/blockquote>\n<blockquote class=\"instagram-media\" style=\"background: #FFF; border: 0; border-radius: 3px; box-shadow: 0 0 1px 0 rgba(0,0,0,0.5),0 1px 10px 0 rgba(0,0,0,0.15); margin: 1px; max-width: 540px; min-width: 326px; padding: 0; width: calc(100% - 2px);\" data-instgrm-captioned=\"\" data-instgrm-permalink=\"https:\/\/www.instagram.com\/p\/DcuOXfqIP-t\/?utm_source=ig_embed&amp;utm_campaign=loading\" data-instgrm-version=\"14\">\n<\/blockquote>\n<p>Quellen: Instagram: @wwebige, @ratedrcope.<\/p>\n<p><img loading=\"lazy\" decoding=\"async\" id=\"metis-img-pixel\" src=\"https:\/\/www.europesays.com\/de\/wp-content\/uploads\/2026\/09\/85dbb90a1fdb4d3d97971f1e87d0dc48.gif\" width=\"1\" height=\"1\" alt=\"\"\/><\/p>\n<p>  \t\t\t\t\t<script async src=\"\/\/www.instagram.com\/embed.js\"><\/script><\/p>\n","protected":false},"excerpt":{"rendered":"Big E findet emotionale Worte zum AEW-Wechsel von Kofi (Kingston) und Xavier Woods\/Austin Creed The New Day (Big&hellip;\n","protected":false},"author":2,"featured_media":1274249,"comment_status":"","ping_status":"","sticky":false,"template":"","format":"standard","meta":{"footnotes":"","_share_on_mastodon":"0"},"categories":[155],"tags":[893,894,29,214,30,215,892,890,891],"class_list":["post-1274248","post","type-post","status-publish","format-standard","has-post-thumbnail","category-unterhaltung","tag-aew","tag-all-elite-wrestling","tag-deutschland","tag-entertainment","tag-germany","tag-unterhaltung","tag-world-wrestling-entertainment","tag-wrestling","tag-wwe"],"share_on_mastodon":{"url":"https:\/\/pubeurope.com\/@de\/117197276737642891","error":""},"_links":{"self":[{"href":"https:\/\/www.europesays.com\/de\/wp-json\/wp\/v2\/posts\/1274248","targetHints":{"allow":["GET"]}}],"collection":[{"href":"https:\/\/www.europesays.com\/de\/wp-json\/wp\/v2\/posts"}],"about":[{"href":"https:\/\/www.europesays.com\/de\/wp-json\/wp\/v2\/types\/post"}],"author":[{"embeddable":true,"href":"https:\/\/www.europesays.com\/de\/wp-json\/wp\/v2\/users\/2"}],"replies":[{"embeddable":true,"href":"https:\/\/www.europesays.com\/de\/wp-json\/wp\/v2\/comments?post=1274248"}],"version-history":[{"count":0,"href":"https:\/\/www.europesays.com\/de\/wp-json\/wp\/v2\/posts\/1274248\/revisions"}],"wp:featuredmedia":[{"embeddable":true,"href":"https:\/\/www.europesays.com\/de\/wp-json\/wp\/v2\/media\/1274249"}],"wp:attachment":[{"href":"https:\/\/www.europesays.com\/de\/wp-json\/wp\/v2\/media?parent=1274248"}],"wp:term":[{"taxonomy":"category","embeddable":true,"href":"https:\/\/www.europesays.com\/de\/wp-json\/wp\/v2\/categories?post=1274248"},{"taxonomy":"post_tag","embeddable":true,"href":"https:\/\/www.europesays.com\/de\/wp-json\/wp\/v2\/tags?post=1274248"}],"curies":[{"name":"wp","href":"https:\/\/api.w.org\/{rel}","templated":true}]}}