{"id":1274254,"date":"2026-09-01T18:49:17","date_gmt":"2026-09-01T18:49:17","guid":{"rendered":"https:\/\/www.europesays.com\/de\/1274254\/"},"modified":"2026-09-01T18:49:17","modified_gmt":"2026-09-01T18:49:17","slug":"migrantinnen-besonders-gefaehrdet-fast-jeden-tag-sexuelle-uebergriffe-in-spanischer-exklave-ceuta","status":"publish","type":"post","link":"https:\/\/www.europesays.com\/de\/1274254\/","title":{"rendered":"Migrantinnen besonders gef\u00e4hrdet: Fast jeden Tag sexuelle \u00dcbergriffe in spanischer Exklave Ceuta"},"content":{"rendered":"<p>Migrantinnen besonders gef\u00e4hrdetFast jeden Tag sexuelle \u00dcbergriffe in spanischer Exklave Ceuta<\/p>\n<p>01.09.2026, 20:25 Uhr <\/p>\n<p>Artikel anh\u00f6ren(03:44 min)<\/p>\n<p><img decoding=\"async\" class=\"Image_img__fQCi0 Image_Img_16_9__4BLfH widget-picture-inline_maximizable__t_E7h\" loading=\"eager\" fetchpriority=\"high\" src=\"https:\/\/www.europesays.com\/de\/wp-content\/uploads\/2026\/09\/616112635.webp\" alt=\"616112635\"\/>In Ceuta schlafen immer noch Dutzende Migranten unter freiem Himmel. (Foto: picture alliance\/dpa\/EUROPA PRESS)<\/p>\n<p class=\"Typography_text-m__XI0da Typography_weight-bold__uT6mq storyline_lead_text_leadtext__q_wg8\">Die meisten Migranten sind wieder zur\u00fcck in Marokko, doch die Lage auf Ceuta bleibt angespannt. Randalierer legten j\u00fcngst Feuer in einem Migrantenlager. F\u00fcr Frauen ist die Lage besonders prek\u00e4r, es kommt zu sexuellen \u00dcbergriffen &#8211; auch gegen Minderj\u00e4hrige.<\/p>\n<p class=\"Typography_text-default__P3otY Typography_weight-normal__pqUbH storyline_paragraph_p__qSR5N\">Nach Angaben der spanischen Staatsanwaltschaft sind in der spanischen Exklave Ceuta seit dem massiven Zustrom von Migranten Ende Juli 23 F\u00e4lle sexueller \u00dcbergriffe registriert worden, darunter neun gegen Kinder. Dies bedeute, dass fast jeden Tag ein Fall verzeichnet werde, sagte einem<a class=\"inline_link\" href=\"https:\/\/www.bbc.com\/news\/articles\/c3v4pgk7gweo\" target=\"_blank\" rel=\"nofollow noopener\"> Bericht der BBC<\/a> zufolge die Generalstaatsanw\u00e4ltin von Ceuta, Silvia Rojas. <\/p>\n<p class=\"Typography_text-default__P3otY Typography_weight-normal__pqUbH storyline_paragraph_p__qSR5N\">Zu den mutma\u00dflichen T\u00e4tern z\u00e4hlen vier Marokkaner, drei Spanier und ein Belgier, wie die Nachrichtenagentur Efe berichtet. Gegen\u00fcber der spanischen Zeitung &#8222;El Pa\u00eds&#8220; erkl\u00e4rte Rojas, Migrantinnen seien &#8222;aufgrund ihres irregul\u00e4ren Aufenthaltsstatus in diesem Gebiet besonders schutzbed\u00fcrftig&#8220;.<\/p>\n<p class=\"Typography_text-default__P3otY Typography_weight-normal__pqUbH storyline_paragraph_p__qSR5N\">Spaniens Regierung beschloss heute ein Hilfsprogramm im Umfang von 309 Millionen Euro f\u00fcr ihre von einem Massenandrang von Migranten betroffene Nordafrika-Exklave. Die Gelder sollen noch in diesem Jahr flie\u00dfen, teilte die linke Regierung in Madrid mit. Das Hilfspaket f\u00fcr die Exklave mit rund 83.600 Einwohnern, die kleiner als der Frankfurter Flughafen ist, entspricht nach Regierungsangaben 16 Prozent des Bruttoinlandsprodukts von\u00a0Ceuta.<\/p>\n<p class=\"Typography_text-default__P3otY Typography_weight-normal__pqUbH storyline_paragraph_p__qSR5N\">Am 30. und 31. Juli waren nach Angaben von Innenminister Fernando Grande-Marlaska rund 72.000 Migranten von Marokko nach\u00a0Ceuta\u00a0geschwommen oder \u00fcber Grenzz\u00e4une geklettert. Zuvor hatte es in Sozialen Medien Falschmeldungen gegeben, die Menschen w\u00fcrden nicht zur\u00fcckgeschickt werden, wenn sie die Exklave schwimmend erreichten.\u00a0<\/p>\n<p>Unmut unter den Einheimischen w\u00e4chst<\/p>\n<p class=\"Typography_text-default__P3otY Typography_weight-normal__pqUbH storyline_paragraph_p__qSR5N\">Die meisten der Migranten kehrten binnen Stunden nach Marokko zur\u00fcck. Auch einen Monat sp\u00e4ter waren nach Regierungsangaben noch etwa 5000 Migranten in dem Gebiet, darunter mindestens 1200 Minderj\u00e4hrige. Ein Teil der Einheimischen demonstriert zunehmend ver\u00e4rgert gegen die wochenlange Anwesenheit derart vieler Migranten und wirft der Regierung vor, die Exklave im Stich gelassen zu haben. Einige Einheimische gingen auch gewaltsam gegen Migranten vor.\u00a0<\/p>\n<p class=\"Typography_text-default__P3otY Typography_weight-normal__pqUbH storyline_paragraph_p__qSR5N\">Die Regierung S\u00e1nchez steht deshalb unter starkem Druck. F\u00fcr diesen Mittwoch sind landesweite Solidarit\u00e4tsdemonstrationen f\u00fcr die Bev\u00f6lkerung Ceutas geplant, bei denen es auch wieder heftige Kritik an der Regierung geben d\u00fcrfte. Die Exklave, die wie auch die zweite Nordafrika-Exklave Melilla seit Jahrhunderten zu Spanien geh\u00f6rt, wird auch von Marokko reklamiert.<\/p>\n<p class=\"Typography_text-default__P3otY Typography_weight-normal__pqUbH storyline_paragraph_p__qSR5N\">Das nun beschlossene Hilfspaket f\u00fcr\u00a0Ceuta\u00a0sieht Mittel vor zur St\u00e4rkung \u00f6ffentlicher Dienstleistungen, der Sicherheitskr\u00e4fte, der Aufnahme von Migranten sowie zur Unterst\u00fctzung von Unternehmen und Besch\u00e4ftigten. F\u00fcr grundlegende \u00f6ffentliche Dienste sind 21 Millionen Euro vorgesehen, f\u00fcr Sicherheitsma\u00dfnahmen 90 Millionen und f\u00fcr die Aufnahme und Versorgung von Migranten 118 Millionen Euro. Weitere 80 Millionen Euro sollen die lokale Wirtschaft sowie Selbstst\u00e4ndige und Arbeitnehmer entlasten.<\/p>\n<p class=\"Typography_text-s__wu_cm Typography_weight-normal__pqUbH Typography_color-darkgrey__sZEnP article-detail-footer_source__KslPc\">Quelle: ntv.de, dsc\/dpa<\/p>\n","protected":false},"excerpt":{"rendered":"Migrantinnen besonders gef\u00e4hrdetFast jeden Tag sexuelle \u00dcbergriffe in spanischer Exklave Ceuta 01.09.2026, 20:25 Uhr Artikel anh\u00f6ren(03:44 min) In&hellip;\n","protected":false},"author":2,"featured_media":1274255,"comment_status":"","ping_status":"","sticky":false,"template":"","format":"standard","meta":{"footnotes":"","_share_on_mastodon":"0"},"categories":[3],"tags":[250953,1000,13,3876,7224,14,15,16,12,8247,4026,10,8,9,11,103,104],"class_list":["post-1274254","post","type-post","status-publish","format-standard","has-post-thumbnail","category-welt","tag-ceuta","tag-gewalt","tag-headlines","tag-marokko","tag-migranten","tag-nachrichten","tag-news","tag-politik","tag-schlagzeilen","tag-sexuelle-belaestigung","tag-spanien","tag-top-news","tag-top-meldungen","tag-topmeldungen","tag-topnews","tag-welt","tag-world"],"share_on_mastodon":{"url":"https:\/\/pubeurope.com\/@de\/117197288068779411","error":""},"_links":{"self":[{"href":"https:\/\/www.europesays.com\/de\/wp-json\/wp\/v2\/posts\/1274254","targetHints":{"allow":["GET"]}}],"collection":[{"href":"https:\/\/www.europesays.com\/de\/wp-json\/wp\/v2\/posts"}],"about":[{"href":"https:\/\/www.europesays.com\/de\/wp-json\/wp\/v2\/types\/post"}],"author":[{"embeddable":true,"href":"https:\/\/www.europesays.com\/de\/wp-json\/wp\/v2\/users\/2"}],"replies":[{"embeddable":true,"href":"https:\/\/www.europesays.com\/de\/wp-json\/wp\/v2\/comments?post=1274254"}],"version-history":[{"count":0,"href":"https:\/\/www.europesays.com\/de\/wp-json\/wp\/v2\/posts\/1274254\/revisions"}],"wp:featuredmedia":[{"embeddable":true,"href":"https:\/\/www.europesays.com\/de\/wp-json\/wp\/v2\/media\/1274255"}],"wp:attachment":[{"href":"https:\/\/www.europesays.com\/de\/wp-json\/wp\/v2\/media?parent=1274254"}],"wp:term":[{"taxonomy":"category","embeddable":true,"href":"https:\/\/www.europesays.com\/de\/wp-json\/wp\/v2\/categories?post=1274254"},{"taxonomy":"post_tag","embeddable":true,"href":"https:\/\/www.europesays.com\/de\/wp-json\/wp\/v2\/tags?post=1274254"}],"curies":[{"name":"wp","href":"https:\/\/api.w.org\/{rel}","templated":true}]}}