{"id":1274267,"date":"2026-09-01T19:01:16","date_gmt":"2026-09-01T19:01:16","guid":{"rendered":"https:\/\/www.europesays.com\/de\/1274267\/"},"modified":"2026-09-01T19:01:16","modified_gmt":"2026-09-01T19:01:16","slug":"imtakt-willicher-singkreis-probt-fuer-weihnachtskonzert","status":"publish","type":"post","link":"https:\/\/www.europesays.com\/de\/1274267\/","title":{"rendered":"Imtakt Willicher Singkreis probt f\u00fcr Weihnachtskonzert"},"content":{"rendered":"<p class=\"text_ohne_einzug richtext text-em-55 !leading-serif mx-6 desktop:mx-0\">  Der Frauenchor Imtakt Willicher Singkreis hat seine Sommerpause beendet und mit den Proben f\u00fcr das Weihnachtskonzert im Dezember begonnen. \u201eJetzt ist der ideale Zeitpunkt f\u00fcr stimmkr\u00e4ftige Frauen, einzusteigen\u201c, r\u00e4t Silke Eggert, Vorsitzende des Chores. Geprobt wird dienstags von 19.45 bis 21.15 Uhr im Orpheum an der Fadheider Stra\u00dfe 3 in Anrath. \u201eInteressierte Frauen sind nach vorheriger Anmeldung gern zu einer Schnupperprobe willkommen\u201c, informiert Eggert. Auf der Internetseite <a href=\"https:\/\/imtakt.willicher-singkreis.de\/\" target=\"_blank\" rel=\"nofollow noopener\">www.imtakt.willicher-singkreis.de<\/a> k\u00f6nnen Interessierte ein Kontaktformular ausf\u00fcllen, oder sie schicken eine E-Mail an imtakt@willicher-singkreis.de.<\/p>\n<p class=\"richtext text-em-55 !leading-serif mx-6 desktop:mx-0\">Der Frauenchor besteht derzeit aus 18 S\u00e4ngerinnen im Alter zwischen 38 und 66 Jahren, \u201eeinige der S\u00e4ngerinnen sind erst k\u00fcrzlich dazu gesto\u00dfen, andere schon seit bis zu 33 Jahren dabei\u201c, berichtet Eggert.\u201eDas festliche Konzert findet am 4. Adventssonntag, am 20. Dezember, in der Motte im Schloss Neersen statt. F\u00fcr diesen Abend, an dem der Chor bereits zum 53. Mal sein Weihnachtskonzert ,Klingende Weihnacht\u2018 gestaltet, wurde ein vielseitiges Programm vorbereitet.\u201c<\/p>\n<p class=\"richtext text-em-55 !leading-serif mx-6 desktop:mx-0\">Neben klassischen Weihnachtsliedern auf Deutsch und Englisch m\u00f6chte der Chor auch Titel aus bekannten Musicals pr\u00e4sentieren. Als besondere G\u00e4ste k\u00fcndigt die Vorsitzende die ukrainische Operns\u00e4ngerin Marianna Tsugulya und ihre Tochter an, die seit 2022 in M\u00f6nchengladbach leben. \u201eAu\u00dferdem bereichern Sch\u00fcler und Sch\u00fclerinnen der Kreismusikschule Viersen das Konzert mit Beitr\u00e4gen auf Querfl\u00f6te, Harfe und Violoncello.\u201c<\/p>\n<p class=\"richtext text-em-55 !leading-serif mx-6 desktop:mx-0\">Karten f\u00fcr das Konzert \u201eKlingende Weihnacht\u201c, das neben dem Sommerkonzert \u201eTon trifft Tasse\u201c als fester Termin im Jahreskalender des Frauenchores steht, k\u00f6nnen ab sofort per E-Mail an imtakt@willicher-singkreis.de reserviert werden.<\/p>\n","protected":false},"excerpt":{"rendered":"Der Frauenchor Imtakt Willicher Singkreis hat seine Sommerpause beendet und mit den Proben f\u00fcr das Weihnachtskonzert im Dezember&hellip;\n","protected":false},"author":2,"featured_media":1274268,"comment_status":"","ping_status":"","sticky":false,"template":"","format":"standard","meta":{"footnotes":"","_share_on_mastodon":"0"},"categories":[1849],"tags":[263064,19701,3364,29,145643,548,663,3934,36963,30,13,248134,68088,1310,4455,14,15,1209,12,176747,75542,42697,146090,138389,152426,17289],"class_list":["post-1274267","post","type-post","status-publish","format-standard","has-post-thumbnail","category-moenchengladbach","tag-2fimtakt","tag-chor","tag-de","tag-deutschland","tag-eggert","tag-eu","tag-europa","tag-europe","tag-frauenchor","tag-germany","tag-headlines","tag-imtakt","tag-interessierte","tag-konzert","tag-moenchengladbach","tag-nachrichten","tag-news","tag-nordrhein-westfalen","tag-schlagzeilen","tag-singkreis","tag-sommerkonzert","tag-vorsitzende","tag-weihnacht","tag-weihnachtskonzert","tag-weihnachtsliedern","tag-willich"],"share_on_mastodon":{"url":"https:\/\/pubeurope.com\/@de\/117197333205303680","error":""},"_links":{"self":[{"href":"https:\/\/www.europesays.com\/de\/wp-json\/wp\/v2\/posts\/1274267","targetHints":{"allow":["GET"]}}],"collection":[{"href":"https:\/\/www.europesays.com\/de\/wp-json\/wp\/v2\/posts"}],"about":[{"href":"https:\/\/www.europesays.com\/de\/wp-json\/wp\/v2\/types\/post"}],"author":[{"embeddable":true,"href":"https:\/\/www.europesays.com\/de\/wp-json\/wp\/v2\/users\/2"}],"replies":[{"embeddable":true,"href":"https:\/\/www.europesays.com\/de\/wp-json\/wp\/v2\/comments?post=1274267"}],"version-history":[{"count":0,"href":"https:\/\/www.europesays.com\/de\/wp-json\/wp\/v2\/posts\/1274267\/revisions"}],"wp:featuredmedia":[{"embeddable":true,"href":"https:\/\/www.europesays.com\/de\/wp-json\/wp\/v2\/media\/1274268"}],"wp:attachment":[{"href":"https:\/\/www.europesays.com\/de\/wp-json\/wp\/v2\/media?parent=1274267"}],"wp:term":[{"taxonomy":"category","embeddable":true,"href":"https:\/\/www.europesays.com\/de\/wp-json\/wp\/v2\/categories?post=1274267"},{"taxonomy":"post_tag","embeddable":true,"href":"https:\/\/www.europesays.com\/de\/wp-json\/wp\/v2\/tags?post=1274267"}],"curies":[{"name":"wp","href":"https:\/\/api.w.org\/{rel}","templated":true}]}}