{"id":1274269,"date":"2026-09-01T19:03:20","date_gmt":"2026-09-01T19:03:20","guid":{"rendered":"https:\/\/www.europesays.com\/de\/1274269\/"},"modified":"2026-09-01T19:03:20","modified_gmt":"2026-09-01T19:03:20","slug":"causa-jsg-rentfort-zweckel-flvw-gelsenkirchen","status":"publish","type":"post","link":"https:\/\/www.europesays.com\/de\/1274269\/","title":{"rendered":"Causa JSG Rentfort\/Zweckel &#8211; FLVW Gelsenkirchen"},"content":{"rendered":"<p><img decoding=\"async\" src=\"https:\/\/www.europesays.com\/de\/wp-content\/uploads\/2026\/09\/Verband_FLVW-1643275265.jpg\" class=\"post-img\" itemprop=\"image\" loading=\"lazy\" alt=\"Verband FLVW Logo Shirt\" width=\"1024\" height=\"576\"\/><\/p>\n<p><img decoding=\"async\" src=\"https:\/\/www.europesays.com\/de\/wp-content\/uploads\/2026\/09\/Verband_FLVW-1643275265.jpg\" class=\"post-img\" itemprop=\"image\" loading=\"lazy\" alt=\"Verband FLVW Logo Shirt\" width=\"1024\" height=\"576\"\/><\/p>\n<p>\u00a0<br \/><b>Auf die j\u00fcngsten Ver\u00f6ffentlichungen zur JSG\u00a0Rentfort\/Zweckel stellen wir klar:\u00a0<\/b><\/p>\n<p>Es ist richtig, dass es Meinungsunterschiede\u00a0zwischen dem Kreis und den Verantwortlichen der JSG\u00a0gab, die schlie\u00dflich gerichtlich geregelt werden mussten. Falsch ist aber, dass der Kreis nichts unternommen habe,\u00a0um\u00a0die Situation zu befrieden und zu moderieren.<\/p>\n<p>Der KJA Vorsitzende hat den Parteien\u00a0vor Wochen\u00a0einen Kompromissvorschlag unterbreitet, auf den die JSG nicht eingegangen ist.<\/p>\n<p>Als Kreisvorsitzender habe ich eine Moderation nach meinem Urlaub in Aussicht gestellt, allerdings betont, dass wir das nicht \u00f6ffentlich austragen sollten.\u00a0Das verschweigt der Artikel.Wenige Stunden sp\u00e4ter folgte die n\u00e4chste Attacke in den Medien. Wer st\u00e4ndig andere \u00f6ffentlich angreift, sollte sich nicht wundern, wenn die Bereitschaft zu Gespr\u00e4chen bei den Angegriffenen\u00a0(hier der KJA)\u00a0irgendwann nicht mehr gegeben ist. Insofern hat die JSG die Moderation selbst verwirkt.<\/p>\n<p>Herabw\u00fcrdigend ist die Unterstellung,\u00a0zwei Mitglieder des KJA\u00a0w\u00e4ren m\u00f6glicherweise durch eigene Vereinsinteressen bei ihrer Entscheidung beeinflusst gewesen (\u201eEin\u00a0Schelm, wer B\u00f6ses dabei denkt\u201c). So vergrault man ehrenamtlich T\u00e4tige, die ihre Freizeit opfern, um f\u00fcr andere (auch f\u00fcr den SVZ und den BVR) den Spielbetrieb zu organisieren. Ich habe keinen Anlass, an der Redlichkeit der beiden zu zweifeln. Au\u00dferdem besteht der KJA aus mehreren Personen verschiedener Vereine.<\/p>\n<p><b>Die Korrektheit des Vorgehens des KJA ist Montag vom Sportgericht best\u00e4tigt worden.<\/b><\/p>\n<p>Auf die \u00fcbrigen Vorw\u00fcrfe gehen wir hier bewusst nicht ein.<\/p>\n<p>Der Fu\u00dfballkreis, der KJA und der KV werden auch k\u00fcnftig f\u00fcr alle Vereine da sein, sich im Interesse der Kinder und Jugendlichen engagieren und versuchen, ausgleichend bei Konflikten zu moderieren. Ohne Attacken in der \u00d6ffentlichkeit.\u00a0<\/p>\n<p>Die JSG schreibt, dass das Vertrauensverh\u00e4ltnis nachhaltig beeintr\u00e4chtigt ist. Das stimmt. Aber vielleicht kriegen wir das ja gemeinsam wieder hin. Ich w\u00fcrde mir das w\u00fcnschen.<\/p>\n<p>F\u00fcr den Kreisvorstand<br \/>Volker Dyba<br \/>Kreisvorsitzender<\/p>\n","protected":false},"excerpt":{"rendered":"\u00a0Auf die j\u00fcngsten Ver\u00f6ffentlichungen zur JSG\u00a0Rentfort\/Zweckel stellen wir klar:\u00a0 Es ist richtig, dass es Meinungsunterschiede\u00a0zwischen dem Kreis und&hellip;\n","protected":false},"author":2,"featured_media":1274270,"comment_status":"","ping_status":"","sticky":false,"template":"","format":"standard","meta":{"footnotes":"","_share_on_mastodon":"0"},"categories":[1848],"tags":[3364,29,548,663,3934,3658,30,13,14,15,1209,12],"class_list":["post-1274269","post","type-post","status-publish","format-standard","has-post-thumbnail","category-gelsenkirchen","tag-de","tag-deutschland","tag-eu","tag-europa","tag-europe","tag-gelsenkirchen","tag-germany","tag-headlines","tag-nachrichten","tag-news","tag-nordrhein-westfalen","tag-schlagzeilen"],"share_on_mastodon":{"url":"https:\/\/pubeurope.com\/@de\/117197344004523257","error":""},"_links":{"self":[{"href":"https:\/\/www.europesays.com\/de\/wp-json\/wp\/v2\/posts\/1274269","targetHints":{"allow":["GET"]}}],"collection":[{"href":"https:\/\/www.europesays.com\/de\/wp-json\/wp\/v2\/posts"}],"about":[{"href":"https:\/\/www.europesays.com\/de\/wp-json\/wp\/v2\/types\/post"}],"author":[{"embeddable":true,"href":"https:\/\/www.europesays.com\/de\/wp-json\/wp\/v2\/users\/2"}],"replies":[{"embeddable":true,"href":"https:\/\/www.europesays.com\/de\/wp-json\/wp\/v2\/comments?post=1274269"}],"version-history":[{"count":0,"href":"https:\/\/www.europesays.com\/de\/wp-json\/wp\/v2\/posts\/1274269\/revisions"}],"wp:featuredmedia":[{"embeddable":true,"href":"https:\/\/www.europesays.com\/de\/wp-json\/wp\/v2\/media\/1274270"}],"wp:attachment":[{"href":"https:\/\/www.europesays.com\/de\/wp-json\/wp\/v2\/media?parent=1274269"}],"wp:term":[{"taxonomy":"category","embeddable":true,"href":"https:\/\/www.europesays.com\/de\/wp-json\/wp\/v2\/categories?post=1274269"},{"taxonomy":"post_tag","embeddable":true,"href":"https:\/\/www.europesays.com\/de\/wp-json\/wp\/v2\/tags?post=1274269"}],"curies":[{"name":"wp","href":"https:\/\/api.w.org\/{rel}","templated":true}]}}