{"id":1274299,"date":"2026-09-01T19:24:18","date_gmt":"2026-09-01T19:24:18","guid":{"rendered":"https:\/\/www.europesays.com\/de\/1274299\/"},"modified":"2026-09-01T19:24:18","modified_gmt":"2026-09-01T19:24:18","slug":"reaktion-auf-russische-drohne-insider-deutschland-wird-militaerhilfe-fuer-ukraine-verstaerken","status":"publish","type":"post","link":"https:\/\/www.europesays.com\/de\/1274299\/","title":{"rendered":"Reaktion auf russische Drohne: Insider: Deutschland wird Milit\u00e4rhilfe f\u00fcr Ukraine verst\u00e4rken"},"content":{"rendered":"<p>Reaktion auf russische DrohneInsider: Deutschland wird Milit\u00e4rhilfe f\u00fcr Ukraine verst\u00e4rken<\/p>\n<p>01.09.2026, 20:44 Uhr <\/p>\n<p>Artikel anh\u00f6ren(02:31 min)<\/p>\n<p><img decoding=\"async\" class=\"Image_img__fQCi0 Image_Img_16_9__4BLfH widget-picture-inline_maximizable__t_E7h\" loading=\"eager\" fetchpriority=\"high\" src=\"https:\/\/www.europesays.com\/de\/wp-content\/uploads\/2026\/09\/imago846045680.webp\" alt=\"imago846045680\"\/>Die Ukraine soll zeitnah Luftabwehrraketen bekommen. (Foto: IMAGO\/BeckerBredel)<\/p>\n<p class=\"Typography_text-m__XI0da Typography_weight-bold__uT6mq storyline_lead_text_leadtext__q_wg8\">Der versuchte Drohnenanschlag am Flughafen Leipzig hat f\u00fcr die Bundesregierung eine neue Dimension. Ermittler sehen klare Hinweise auf den Urheber. Berlin k\u00fcndigt Konsequenzen an \u2013 milit\u00e4risch, politisch und geheimdienstlich.<\/p>\n<p class=\"Typography_text-default__P3otY Typography_weight-normal__pqUbH storyline_paragraph_p__qSR5N\">Die Bundesregierung wird als Reaktion auf den versuchten russischen Anschlag auf den Flughafen Leipzig neben Sanktionen auch die milit\u00e4rische Hilfe f\u00fcr die Ukraine verst\u00e4rken. Im September werde man der Ukraine weitere Luftabwehrraketen des Typs Iris-T sowie &#8222;zeitnah&#8220; auch mehrere tausend Angriffsdrohnen liefern, hie\u00df es in Regierungskreisen in Berlin. <\/p>\n<p class=\"Typography_text-default__P3otY Typography_weight-normal__pqUbH storyline_paragraph_p__qSR5N\">Berlin werde zudem die Zusammenarbeit der Geheimdienste mit Kiew weiter verst\u00e4rken. &#8222;Die Ukraine war in den letzten Monaten ma\u00dfgeblich dank deutscher Hilfe milit\u00e4risch sehr erfolgreich&#8220;, hie\u00df es. Russland habe darauf keine strategische Antwort. Der Strategieersatz f\u00fcr Moskau sei Eskalation, sowohl mit milit\u00e4rischen Schl\u00e4gen in der Ukraine als auch durch verst\u00e4rkte hybride Attacken. &#8222;Wir m\u00fcssen uns auf weitere, auch eskalierende hybride Angriffe Russlands einstellen.&#8220;<\/p>\n<p class=\"Typography_text-default__P3otY Typography_weight-normal__pqUbH storyline_paragraph_p__qSR5N\">Bundeskanzler Friedrich Merz habe wegen der Tragweite des Vorgehens durchgehend eine zentrale Rolle im Prozess gespielt, den Drohnenangriff in Leipzig Russland zuzuweisen und Gegenma\u00dfnahmen festzulegen, hie\u00df es weiter. &#8222;Er hat dabei politischen Rahmen und Richtung vorgegeben&#8220;, hie\u00df es in der Regierung.<\/p>\n<p class=\"Typography_text-default__P3otY Typography_weight-normal__pqUbH storyline_paragraph_p__qSR5N\">Zugleich wurden weitere Details \u00fcber den Drohnenangriff auf ein ukrainisches Frachtflugzeug in Leipzig am 4. August mitgeteilt. Die Sicherheitsbeh\u00f6rden gingen jetzt von drei Drohnen aus. Es sei &#8222;ein technischer Zufall&#8220; gewesen, dass der Z\u00fcnder an der ersten Drohne nicht explodiert sei. Man habe zwei weitere Drohnen im Umfeld gefunden. Man gehe jetzt aber davon aus, dass der Gegenstand, mit dem die durchgestartete Frachtmaschine kollidierte, keine Drohne gewesen sei. Es sei bei den Drohnen &#8222;hochprofessionelle Technik&#8220; verwendet worden. Das erfordere Expertise, Organisationsaufwand und K\u00f6nnen, weshalb man von einem nachrichtendienstlichen Hintergrund ausgehe. Die polizeilichen und geheimdienstlichen Ermittlungen h\u00e4tten eine eindeutige Zuordnung zu Russland erm\u00f6glicht.<\/p>\n<p class=\"Typography_text-s__wu_cm Typography_weight-normal__pqUbH Typography_color-darkgrey__sZEnP article-detail-footer_source__KslPc\">Quelle: ntv.de, mba\/rts<\/p>\n","protected":false},"excerpt":{"rendered":"Reaktion auf russische DrohneInsider: Deutschland wird Milit\u00e4rhilfe f\u00fcr Ukraine verst\u00e4rken 01.09.2026, 20:44 Uhr Artikel anh\u00f6ren(02:31 min) Die Ukraine&hellip;\n","protected":false},"author":2,"featured_media":1274300,"comment_status":"","ping_status":"","sticky":false,"template":"","format":"standard","meta":{"footnotes":"","_share_on_mastodon":"0"},"categories":[4012],"tags":[331,332,661,10068,13,110817,929,71,14,15,16,12,317],"class_list":["post-1274299","post","type-post","status-publish","format-standard","has-post-thumbnail","category-ukraine","tag-aktuelle-nachrichten","tag-aktuelle-news","tag-angriff-auf-die-ukraine","tag-drohnen","tag-headlines","tag-iris-t-slm","tag-kriege-und-konflikte","tag-leipzig","tag-nachrichten","tag-news","tag-politik","tag-schlagzeilen","tag-ukraine"],"share_on_mastodon":{"url":"https:\/\/pubeurope.com\/@de\/117197425964117649","error":""},"_links":{"self":[{"href":"https:\/\/www.europesays.com\/de\/wp-json\/wp\/v2\/posts\/1274299","targetHints":{"allow":["GET"]}}],"collection":[{"href":"https:\/\/www.europesays.com\/de\/wp-json\/wp\/v2\/posts"}],"about":[{"href":"https:\/\/www.europesays.com\/de\/wp-json\/wp\/v2\/types\/post"}],"author":[{"embeddable":true,"href":"https:\/\/www.europesays.com\/de\/wp-json\/wp\/v2\/users\/2"}],"replies":[{"embeddable":true,"href":"https:\/\/www.europesays.com\/de\/wp-json\/wp\/v2\/comments?post=1274299"}],"version-history":[{"count":0,"href":"https:\/\/www.europesays.com\/de\/wp-json\/wp\/v2\/posts\/1274299\/revisions"}],"wp:featuredmedia":[{"embeddable":true,"href":"https:\/\/www.europesays.com\/de\/wp-json\/wp\/v2\/media\/1274300"}],"wp:attachment":[{"href":"https:\/\/www.europesays.com\/de\/wp-json\/wp\/v2\/media?parent=1274299"}],"wp:term":[{"taxonomy":"category","embeddable":true,"href":"https:\/\/www.europesays.com\/de\/wp-json\/wp\/v2\/categories?post=1274299"},{"taxonomy":"post_tag","embeddable":true,"href":"https:\/\/www.europesays.com\/de\/wp-json\/wp\/v2\/tags?post=1274299"}],"curies":[{"name":"wp","href":"https:\/\/api.w.org\/{rel}","templated":true}]}}