{"id":1274320,"date":"2026-09-01T19:37:22","date_gmt":"2026-09-01T19:37:22","guid":{"rendered":"https:\/\/www.europesays.com\/de\/1274320\/"},"modified":"2026-09-01T19:37:22","modified_gmt":"2026-09-01T19:37:22","slug":"auseinandersetzung-schuesse-in-duisburg-eine-verletzte-person-panorama","status":"publish","type":"post","link":"https:\/\/www.europesays.com\/de\/1274320\/","title":{"rendered":"Auseinandersetzung &#8211; Sch\u00fcsse in Duisburg \u2013 eine verletzte Person &#8211; Panorama"},"content":{"rendered":"<p data-manual=\"paragraph\" data-schema-org-speakable=\"true\" class=\"css-1eosz7k\">Duisburg (dpa\/lnw) &#8211; Bei einer Auseinandersetzung mehrerer Menschen sind in Duisburg Sch\u00fcsse gefallen. Eine Person sei verletzt worden, sagte ein Polizeisprecher auf Anfrage. Der Verletzte sei mit einem Rettungswagen in ein Krankenhaus gebracht worden. Zur Art und Schwere der Verletzung wurde zun\u00e4chst nichts bekannt.<\/p>\n<p data-manual=\"paragraph\" data-schema-org-speakable=\"true\" class=\"css-1eosz7k\">Die Polizei sei mit einem gr\u00f6\u00dferen Aufgebot vor Ort. Das Geschehen habe sich im Stadtteil Hochfeld an der Pauluskirche ereignet. Welche Gruppen dort aufeinandertrafen, blieb zun\u00e4chst unklar.\u00a0<\/p>\n<p>Zeugen berichten von mehreren Sch\u00fcssen<\/p>\n<p data-manual=\"paragraph\" data-schema-org-speakable=\"true\" class=\"css-1eosz7k\">Augenzeugen berichteten einem Reporter der Deutschen Presse-Agentur, dass mehrere Beteiligte Waffen trugen und geschossen h\u00e4tten. Es seien 20 bis 30 Sch\u00fcsse gefallen. Mehrere Schaufensterscheiben von Ladenlokalen wiesen Einschussl\u00f6cher auf. Auch an parkenden Autos waren Einschussl\u00f6cher zu sehen. Auf der Stra\u00dfe lagen Patronenh\u00fclsen.\u00a0<\/p>\n<p data-manual=\"paragraph\" data-schema-org-speakable=\"true\" class=\"css-1eosz7k\">Das Geschehen spielte sich den Spuren zufolge auf einer Strecke von rund 200 Metern ab. Eine Gruppe habe eine andere verfolgt, berichteten die Zeugen. Aus der Gruppe der Verfolger seien die Sch\u00fcsse abgegeben worden.<\/p>\n<p data-manual=\"paragraph\" data-schema-org-speakable=\"true\" class=\"css-1eosz7k\">\u00a9 dpa-infocom, dpa:260901-930-618028\/1<\/p>\n","protected":false},"excerpt":{"rendered":"Duisburg (dpa\/lnw) &#8211; Bei einer Auseinandersetzung mehrerer Menschen sind in Duisburg Sch\u00fcsse gefallen. Eine Person sei verletzt worden,&hellip;\n","protected":false},"author":2,"featured_media":1274321,"comment_status":"","ping_status":"","sticky":false,"template":"","format":"standard","meta":{"footnotes":"","_share_on_mastodon":"0"},"categories":[1838],"tags":[3364,29,3715,30,1584,1209,1974,132573,149],"class_list":["post-1274320","post","type-post","status-publish","format-standard","has-post-thumbnail","category-duisburg","tag-de","tag-deutschland","tag-duisburg","tag-germany","tag-kriminalitaet","tag-nordrhein-westfalen","tag-panorama","tag-pauluskirche","tag-sueddeutsche-zeitung"],"share_on_mastodon":{"url":"https:\/\/pubeurope.com\/@de\/117197474796062979","error":""},"_links":{"self":[{"href":"https:\/\/www.europesays.com\/de\/wp-json\/wp\/v2\/posts\/1274320","targetHints":{"allow":["GET"]}}],"collection":[{"href":"https:\/\/www.europesays.com\/de\/wp-json\/wp\/v2\/posts"}],"about":[{"href":"https:\/\/www.europesays.com\/de\/wp-json\/wp\/v2\/types\/post"}],"author":[{"embeddable":true,"href":"https:\/\/www.europesays.com\/de\/wp-json\/wp\/v2\/users\/2"}],"replies":[{"embeddable":true,"href":"https:\/\/www.europesays.com\/de\/wp-json\/wp\/v2\/comments?post=1274320"}],"version-history":[{"count":0,"href":"https:\/\/www.europesays.com\/de\/wp-json\/wp\/v2\/posts\/1274320\/revisions"}],"wp:featuredmedia":[{"embeddable":true,"href":"https:\/\/www.europesays.com\/de\/wp-json\/wp\/v2\/media\/1274321"}],"wp:attachment":[{"href":"https:\/\/www.europesays.com\/de\/wp-json\/wp\/v2\/media?parent=1274320"}],"wp:term":[{"taxonomy":"category","embeddable":true,"href":"https:\/\/www.europesays.com\/de\/wp-json\/wp\/v2\/categories?post=1274320"},{"taxonomy":"post_tag","embeddable":true,"href":"https:\/\/www.europesays.com\/de\/wp-json\/wp\/v2\/tags?post=1274320"}],"curies":[{"name":"wp","href":"https:\/\/api.w.org\/{rel}","templated":true}]}}