{"id":127434,"date":"2025-05-21T06:51:10","date_gmt":"2025-05-21T06:51:10","guid":{"rendered":"https:\/\/www.europesays.com\/de\/127434\/"},"modified":"2025-05-21T06:51:10","modified_gmt":"2025-05-21T06:51:10","slug":"nordrhein-westfalen-wieder-lkw-auf-a4-in-koeln-umgekippt-autobahn-stundenlang-gesperrt","status":"publish","type":"post","link":"https:\/\/www.europesays.com\/de\/127434\/","title":{"rendered":"Nordrhein-Westfalen: Wieder Lkw auf A4 in K\u00f6ln umgekippt &#8211; Autobahn stundenlang gesperrt"},"content":{"rendered":"<p class=\"metatextline\">Stand: 21.05.2025 07:53 Uhr<\/p>\n<p class=\"textabsatz columns twelve  m-ten  m-offset-one l-eight l-offset-two\">\n        <strong><strong>Auf der A4 in H\u00f6he K\u00f6ln Eifeltor ist in der Nacht auf Mittwoch erneut ein Lkw in der Baustelle umgekippt.<\/strong><\/strong>\n    <\/p>\n<p class=\"textabsatz m-ten m-offset-one l-eight l-offset-two columns twelve\">\nWegen der Bergung ist die Autobahn 4 in dem Bereich in Richtung Olpe bis mindestens 10 Uhr gesperrt, hei\u00dft es von der Polizei.<\/p>\n<p class=\"textabsatz m-ten m-offset-one l-eight l-offset-two columns twelve\">\nDer Lkw war nach Polizeiangaben in der Nacht auf eine Betonwand in der Baustelle aufgefahren und umgekippt. Der Fahrer blieb unverletzt. Bei dem Unfall ist der Tank des Lasters aufgerissen und Diesel ausgelaufen. Der Tank muss f\u00fcr die Bergung leergepumpt werden.<\/p>\n<p>    F\u00fcnfter Unfall in wenigen Wochen<\/p>\n<p class=\"textabsatz m-ten m-offset-one l-eight l-offset-two columns twelve\">\nF\u00fcr den Bereich, in dem der Lkw verungl\u00fcckt ist, gilt ein Fahrverbot f\u00fcr schwere Lastwagen. Warum er trotz Warnhinweisen in den Bereich gefahren ist, ist noch unklar. Es ist bereits der f\u00fcnfte Lkw-Unfall an der Baustelle in wenigen Wochen.<\/p>\n<p class=\"textabsatz m-ten m-offset-one l-eight l-offset-two columns twelve\">\nDie Polizei bittet Autofahrer, den Bereich weitr\u00e4umig zu umfahren.<\/p>\n<ul class=\"buttongroup buttongroup--copytext\">\n<li class=\"buttongroup__item\">\n<p>    <a class=\"btn btn--text btn--standard-secondary btn--fullwidth\" href=\"https:\/\/www1.wdr.de\/nachrichten\/rheinland\/lkw-umgekippt-a4-koeln-100.html\" rel=\"nofollow noopener\" target=\"_blank\"><br \/>\n        Lkw auf A4 in K\u00f6ln umgekippt &#8211; langwierige Bergung<br \/>\n        Pfeil rechts<\/p>\n<p>    <\/a>\n<\/li>\n<\/ul>\n<p>    Unsere Quellen:<\/p>\n<p>                                        <a class=\"backlink__link\" href=\"https:\/\/www1.wdr.de\/nachrichten\/rheinland\/koeln-eifeltor-lkw-umgekippt-a4-100.html\" rel=\"nofollow noopener\" target=\"_blank\"><\/p>\n<p>                                                <img loading=\"lazy\" decoding=\"async\" alt=\"Westdeutscher Rundfunk\" src=\"https:\/\/www.europesays.com\/de\/wp-content\/uploads\/2025\/04\/lra-wdr-logo-100.svg.svg+xml\" height=\"40\" width=\"40\"\/><\/p>\n<p>                                        <\/a><\/p>\n","protected":false},"excerpt":{"rendered":"Stand: 21.05.2025 07:53 Uhr Auf der A4 in H\u00f6he K\u00f6ln Eifeltor ist in der Nacht auf Mittwoch erneut&hellip;\n","protected":false},"author":2,"featured_media":127435,"comment_status":"","ping_status":"","sticky":false,"template":"","format":"standard","meta":{"footnotes":""},"categories":[1828],"tags":[29,30,1420,1209,225],"class_list":{"0":"post-127434","1":"post","2":"type-post","3":"status-publish","4":"format-standard","5":"has-post-thumbnail","7":"category-koeln","8":"tag-deutschland","9":"tag-germany","10":"tag-koeln","11":"tag-nordrhein-westfalen","12":"tag-wdr"},"share_on_mastodon":{"url":"https:\/\/pubeurope.com\/@de\/114544501329040404","error":""},"_links":{"self":[{"href":"https:\/\/www.europesays.com\/de\/wp-json\/wp\/v2\/posts\/127434","targetHints":{"allow":["GET"]}}],"collection":[{"href":"https:\/\/www.europesays.com\/de\/wp-json\/wp\/v2\/posts"}],"about":[{"href":"https:\/\/www.europesays.com\/de\/wp-json\/wp\/v2\/types\/post"}],"author":[{"embeddable":true,"href":"https:\/\/www.europesays.com\/de\/wp-json\/wp\/v2\/users\/2"}],"replies":[{"embeddable":true,"href":"https:\/\/www.europesays.com\/de\/wp-json\/wp\/v2\/comments?post=127434"}],"version-history":[{"count":0,"href":"https:\/\/www.europesays.com\/de\/wp-json\/wp\/v2\/posts\/127434\/revisions"}],"wp:featuredmedia":[{"embeddable":true,"href":"https:\/\/www.europesays.com\/de\/wp-json\/wp\/v2\/media\/127435"}],"wp:attachment":[{"href":"https:\/\/www.europesays.com\/de\/wp-json\/wp\/v2\/media?parent=127434"}],"wp:term":[{"taxonomy":"category","embeddable":true,"href":"https:\/\/www.europesays.com\/de\/wp-json\/wp\/v2\/categories?post=127434"},{"taxonomy":"post_tag","embeddable":true,"href":"https:\/\/www.europesays.com\/de\/wp-json\/wp\/v2\/tags?post=127434"}],"curies":[{"name":"wp","href":"https:\/\/api.w.org\/{rel}","templated":true}]}}