{"id":1274352,"date":"2026-09-01T20:02:13","date_gmt":"2026-09-01T20:02:13","guid":{"rendered":"https:\/\/www.europesays.com\/de\/1274352\/"},"modified":"2026-09-01T20:02:13","modified_gmt":"2026-09-01T20:02:13","slug":"bis-zu-acht-wohnmobile-und-ein-schiff-sportpunkt-begruesst-neue-parkplatz-regel-nachrichten-aus-kernen","status":"publish","type":"post","link":"https:\/\/www.europesays.com\/de\/1274352\/","title":{"rendered":"\u201eBis zu acht Wohnmobile und ein Schiff\u201c: Sportpunkt begr\u00fc\u00dft neue Parkplatz-Regel &#8211; Nachrichten aus Kernen"},"content":{"rendered":"<p><strong>Kernen-Rommelshausen. <\/strong> \u201eLeute, f\u00e4llt euch eigentlich nichts Besseres ein?\u201c Dieser Gedanke kam Patrick Entre\u00df, Gesch\u00e4ftsf\u00fchrer beim  Sportpunkt, als er die Kommentare mancher Nutzer auf Social Media gelesen hat: Unter Beitr\u00e4gen, die die neue Regelung auf dem Parkplatz neben dem  Bikepark betreffen. Dieser ist ab sofort nur noch Pkw vorenthalten. W\u00e4hrend Einzelne sich \u00fcber das Verbot aufregen, wei\u00df  Patrick Entre\u00df genau, warum es dazu gekommen ist.<\/p>\n<p>Dauerparken: \u201efing <\/p>\n","protected":false},"excerpt":{"rendered":"Kernen-Rommelshausen. \u201eLeute, f\u00e4llt euch eigentlich nichts Besseres ein?\u201c Dieser Gedanke kam Patrick Entre\u00df, Gesch\u00e4ftsf\u00fchrer beim Sportpunkt, als er&hellip;\n","protected":false},"author":2,"featured_media":1274353,"comment_status":"","ping_status":"","sticky":false,"template":"","format":"standard","meta":{"footnotes":"","_share_on_mastodon":"0"},"categories":[1830],"tags":[50037,1634,3364,29,30,14435,66924,4072,263068,14440,215422,90961,1441,192316,46570],"class_list":["post-1274352","post","type-post","status-publish","format-standard","has-post-thumbnail","category-stuttgart","tag-aerger","tag-baden-wuerttemberg","tag-de","tag-deutschland","tag-germany","tag-kernen","tag-parkdruck","tag-parkverbot","tag-roemerbad","tag-rommelshausen","tag-sportpunkt","tag-stellplatz","tag-stuttgart","tag-un_sag-mir-deine-meinung","tag-wohnmobile"],"share_on_mastodon":{"url":"https:\/\/pubeurope.com\/@de\/117197572933090622","error":""},"_links":{"self":[{"href":"https:\/\/www.europesays.com\/de\/wp-json\/wp\/v2\/posts\/1274352","targetHints":{"allow":["GET"]}}],"collection":[{"href":"https:\/\/www.europesays.com\/de\/wp-json\/wp\/v2\/posts"}],"about":[{"href":"https:\/\/www.europesays.com\/de\/wp-json\/wp\/v2\/types\/post"}],"author":[{"embeddable":true,"href":"https:\/\/www.europesays.com\/de\/wp-json\/wp\/v2\/users\/2"}],"replies":[{"embeddable":true,"href":"https:\/\/www.europesays.com\/de\/wp-json\/wp\/v2\/comments?post=1274352"}],"version-history":[{"count":0,"href":"https:\/\/www.europesays.com\/de\/wp-json\/wp\/v2\/posts\/1274352\/revisions"}],"wp:featuredmedia":[{"embeddable":true,"href":"https:\/\/www.europesays.com\/de\/wp-json\/wp\/v2\/media\/1274353"}],"wp:attachment":[{"href":"https:\/\/www.europesays.com\/de\/wp-json\/wp\/v2\/media?parent=1274352"}],"wp:term":[{"taxonomy":"category","embeddable":true,"href":"https:\/\/www.europesays.com\/de\/wp-json\/wp\/v2\/categories?post=1274352"},{"taxonomy":"post_tag","embeddable":true,"href":"https:\/\/www.europesays.com\/de\/wp-json\/wp\/v2\/tags?post=1274352"}],"curies":[{"name":"wp","href":"https:\/\/api.w.org\/{rel}","templated":true}]}}