{"id":1274354,"date":"2026-09-01T20:03:18","date_gmt":"2026-09-01T20:03:18","guid":{"rendered":"https:\/\/www.europesays.com\/de\/1274354\/"},"modified":"2026-09-01T20:03:18","modified_gmt":"2026-09-01T20:03:18","slug":"werder-bremen-lehnt-transfer-von-stuttgart-star-ab-fussball","status":"publish","type":"post","link":"https:\/\/www.europesays.com\/de\/1274354\/","title":{"rendered":"Werder Bremen lehnt Transfer von Stuttgart-Star ab | Fu\u00dfball"},"content":{"rendered":"<p><b>Werder Bremen verzichtet auf einen Last-Minute-Transfer: Am Deadline Day hatten die Bremer noch die M\u00f6glichkeit, Badredine Bouanani (21) vom VfB Stuttgart zu verpflichten. Der Ausfall von Justin Njinmah (25) hatte in Werders Offensive zus\u00e4tzlichen Spielraum f\u00fcr eine Verst\u00e4rkung geschaffen. Am Ende fiel die Entscheidung jedoch gegen den 21-J\u00e4hrigen. Weitere Transfers wird es bei Werder damit nicht geben<\/b>.<\/p>\n<p>\u201eWir haben uns dagegen entschieden, auf den Ausfall von Njinmah zu reagieren. Wir erwarten Felix Agu und Mitchell Weiser zeitnah zur\u00fcck. Die beiden werden uns eine gewisse Flexibilit\u00e4t geben. Mitch kann zum Beispiel auch im Mittelfeld spielen\u201c, erkl\u00e4rt Werder-Boss Clemens Fritz (45) am Dienstagabend.<\/p>\n<p>Werder Bremen lehnt Transfer von Stuttgart-Star ab<\/p>\n<p>Dabei w\u00e4re Stuttgart Werder sogar entgegengekommen, hatte gro\u00dfes Interesse an diesem Transfer. Doch nun muss der VfB einen anderen Abnehmer finden.<\/p>\n<p>Mehr zum Thema<\/p>\n<p>Bei Njinmah hofft Fritz auf einen nicht allzu langen Ausfall. Der Werder-Boss: \u201eEr hat sich im Spiel gegen Freiburg leider eine schwere Muskelverletzung zugezogen. Wir hoffen, dass er zum November hin aber zur\u00fcckkehrt.\u201c<\/p>\n<p>Werder Bremen: Covic-Wechsel zu Dresden fix<\/p>\n<p>Der Wechsel von Patrice Covic (19) zu Dynamo Dresden ist hingegen offiziell. Das Top-Talent wechselt f\u00fcr ein Jahr auf Leihbasis ohne Kaufoption in die 2. Liga. \u201eWir sind von Patrice absolut \u00fcberzeugt. Es liegt aber auch in unserer Verantwortung, abzuw\u00e4gen, was die sinnvollste Perspektive f\u00fcr eine weitere Entwicklung ist. F\u00fcr ihn geht es darum, jetzt regelm\u00e4\u00dfig Spielpraxis auf hohem Niveau zu sammeln\u201c, erkl\u00e4rt Profi-Chef Peter Niemeyer.<\/p>\n","protected":false},"excerpt":{"rendered":"Werder Bremen verzichtet auf einen Last-Minute-Transfer: Am Deadline Day hatten die Bremer noch die M\u00f6glichkeit, Badredine Bouanani (21)&hellip;\n","protected":false},"author":2,"featured_media":1274355,"comment_status":"","ping_status":"","sticky":false,"template":"","format":"standard","meta":{"footnotes":"","_share_on_mastodon":"0"},"categories":[1830],"tags":[1634,3364,29,538,30,542,1470,1441,2915,537],"class_list":["post-1274354","post","type-post","status-publish","format-standard","has-post-thumbnail","category-stuttgart","tag-baden-wuerttemberg","tag-de","tag-deutschland","tag-erste-bundesliga","tag-germany","tag-sport-leuchtturm-hamburg","tag-sport-leuchtturm-muenchen","tag-stuttgart","tag-vfb-stuttgart","tag-werder-bremen"],"share_on_mastodon":{"url":"https:\/\/pubeurope.com\/@de\/117197576982700607","error":""},"_links":{"self":[{"href":"https:\/\/www.europesays.com\/de\/wp-json\/wp\/v2\/posts\/1274354","targetHints":{"allow":["GET"]}}],"collection":[{"href":"https:\/\/www.europesays.com\/de\/wp-json\/wp\/v2\/posts"}],"about":[{"href":"https:\/\/www.europesays.com\/de\/wp-json\/wp\/v2\/types\/post"}],"author":[{"embeddable":true,"href":"https:\/\/www.europesays.com\/de\/wp-json\/wp\/v2\/users\/2"}],"replies":[{"embeddable":true,"href":"https:\/\/www.europesays.com\/de\/wp-json\/wp\/v2\/comments?post=1274354"}],"version-history":[{"count":0,"href":"https:\/\/www.europesays.com\/de\/wp-json\/wp\/v2\/posts\/1274354\/revisions"}],"wp:featuredmedia":[{"embeddable":true,"href":"https:\/\/www.europesays.com\/de\/wp-json\/wp\/v2\/media\/1274355"}],"wp:attachment":[{"href":"https:\/\/www.europesays.com\/de\/wp-json\/wp\/v2\/media?parent=1274354"}],"wp:term":[{"taxonomy":"category","embeddable":true,"href":"https:\/\/www.europesays.com\/de\/wp-json\/wp\/v2\/categories?post=1274354"},{"taxonomy":"post_tag","embeddable":true,"href":"https:\/\/www.europesays.com\/de\/wp-json\/wp\/v2\/tags?post=1274354"}],"curies":[{"name":"wp","href":"https:\/\/api.w.org\/{rel}","templated":true}]}}