{"id":1274359,"date":"2026-09-01T20:06:16","date_gmt":"2026-09-01T20:06:16","guid":{"rendered":"https:\/\/www.europesays.com\/de\/1274359\/"},"modified":"2026-09-01T20:06:16","modified_gmt":"2026-09-01T20:06:16","slug":"ins-blaue-gestartet-und-in-koeln-gelandet","status":"publish","type":"post","link":"https:\/\/www.europesays.com\/de\/1274359\/","title":{"rendered":"Ins Blaue gestartet und in K\u00f6ln gelandet"},"content":{"rendered":"<p>Andernach. K\u00fcrzlich fand die traditionelle Fahrt ins \u201eBlaue\u201c der Blauen Funken Andernach statt. Unter diesem Motto l\u00e4dt der Vorstand seine Mitglieder zu einem gemeinsamen Ausflug ein \u2013 wohin die Reise geht und was die Teilnehmer erwartet, bleibt dabei bis zum Schluss ein gut geh\u00fctetes Geheimnis. <\/p>\n<p>Am Samstag, den 29. August, trafen sich rund 40 Funken auf dem Geysir-Parkplatz, von wo aus sie mit dem Bus abgeholt wurden. Zun\u00e4chst f\u00fchrte die Fahrt \u00fcber die B9 in Richtung Norden. <\/p>\n<p>Kommandant Daniel Schwarz-Heintges begr\u00fc\u00dfte die Teilnehmer im Namen des Vorstandes und w\u00fcnschte allen einen unterhaltsamen und erlebnisreichen Tag. <\/p>\n<p>Kurz vor dem Ziel wurde schlie\u00dflich das Geheimnis gel\u00fcftet: Auf die Funken wartete eine Brauhauswanderung durch K\u00f6ln. In zwei Gruppen aufgeteilt, starteten die Teilnehmer an der M\u00fchlen K\u00f6lsch Brauerei und machten sich anschlie\u00dfend auf den Weg \u00fcber die Brauh\u00e4user Sion, Zunft und P\u00e4ffgen. <\/p>\n<p>Begleitet von einem erfahrenen Tourguide; ein ehemaliger K\u00f6bes; erfuhren die Teilnehmer allerhand Wissenswertes und so manche kuriose Anekdote rund um die K\u00f6lner Brauhauskultur. Dabei wurde unter anderem erkl\u00e4rt, wie man ein K\u00f6lsch richtig trinkt, welche typischen Floskeln in den Brauh\u00e4usern zum guten Ton geh\u00f6ren, warum das K\u00f6lner Stadtwappen elf Tr\u00e4nen ziert und weshalb das K\u00f6lner Dreigestirn aus Prinzen, Bauer und Jungfrau besteht. <\/p>\n<p>Nach rund zwei Stunden informativer und kurzweiliger F\u00fchrung, bei der selbstverst\u00e4ndlich auch die eine oder andere Kostprobe nicht fehlen durfte, verabschiedete sich der Tourguide und w\u00fcnschte den Funken noch einen sch\u00f6nen und geselligen restlichen Tag. <\/p>\n<p>Wieder vereint, lie\u00dfen es sich beide Gruppen anschlie\u00dfend im Augustiner Brauhaus bei deftigen Speisen und k\u00fchlen Getr\u00e4nken gutgehen. Auch in dem einen oder anderen Brauhaus wurde noch einmal f\u00fcr den heimischen Vorrat an Oberg\u00e4rigem gesorgt, bevor schlie\u00dflich die R\u00fcckfahrt nach Andernach anstand. <\/p>\n<p>Nach gut einer Stunde Fahrzeit endete ein rundum gelungener Tag. Die wiederbelebte Blaufahrt fand bei den Teilnehmern gro\u00dfen Anklang und sorgte f\u00fcr eine durchweg positive Resonanz. So steht bereits fest: Im kommenden Jahr soll die Blaufahrt erneut aufgelegt werden \u2013 wohin die Reise dann geht, bleibt nat\u00fcrlich wieder bis zuletzt ein Geheimnis. <\/p>\n<p>          &#13;<br \/>\n            &#13;<br \/>\n              &#13;<br \/>\n              &#13;<br \/>\n              &#13;<br \/>\n              &#13;<br \/>\n              <img decoding=\"async\"   src=\"https:\/\/www.europesays.com\/de\/wp-content\/uploads\/2026\/09\/Obligatorisches-Gruppenfoto-Gruppie-1020317.jpg\" title=\"Ins Blaue gestartet und in K\u00f6ln gelandet - Blaue Funken entdecken K\u00f6lns Brauhauskultur \" alt=\"Obligatorisches Gruppenfoto \u201eGruppie\u201c\" class=\"img-responsive\"\/>&#13;<br \/>\n            &#13;<br \/>\n            &#13;<\/p>\n<p>Obligatorisches Gruppenfoto \u201eGruppie\u201c &#13;<br \/>\n\t\t\t\t\t\t\t\tFoto: Daniel Schwarz-Heintges<\/p>\n<p>&#13;<br \/>\n            &#13;<\/p>\n","protected":false},"excerpt":{"rendered":"Andernach. K\u00fcrzlich fand die traditionelle Fahrt ins \u201eBlaue\u201c der Blauen Funken Andernach statt. Unter diesem Motto l\u00e4dt der&hellip;\n","protected":false},"author":2,"featured_media":1274360,"comment_status":"","ping_status":"","sticky":false,"template":"","format":"standard","meta":{"footnotes":"","_share_on_mastodon":"0"},"categories":[1828],"tags":[29,30,190799,1420,1209],"class_list":["post-1274359","post","type-post","status-publish","format-standard","has-post-thumbnail","category-koeln","tag-deutschland","tag-germany","tag-heimatreporter","tag-koeln","tag-nordrhein-westfalen"],"share_on_mastodon":{"url":"https:\/\/pubeurope.com\/@de\/117197590936374363","error":""},"_links":{"self":[{"href":"https:\/\/www.europesays.com\/de\/wp-json\/wp\/v2\/posts\/1274359","targetHints":{"allow":["GET"]}}],"collection":[{"href":"https:\/\/www.europesays.com\/de\/wp-json\/wp\/v2\/posts"}],"about":[{"href":"https:\/\/www.europesays.com\/de\/wp-json\/wp\/v2\/types\/post"}],"author":[{"embeddable":true,"href":"https:\/\/www.europesays.com\/de\/wp-json\/wp\/v2\/users\/2"}],"replies":[{"embeddable":true,"href":"https:\/\/www.europesays.com\/de\/wp-json\/wp\/v2\/comments?post=1274359"}],"version-history":[{"count":0,"href":"https:\/\/www.europesays.com\/de\/wp-json\/wp\/v2\/posts\/1274359\/revisions"}],"wp:featuredmedia":[{"embeddable":true,"href":"https:\/\/www.europesays.com\/de\/wp-json\/wp\/v2\/media\/1274360"}],"wp:attachment":[{"href":"https:\/\/www.europesays.com\/de\/wp-json\/wp\/v2\/media?parent=1274359"}],"wp:term":[{"taxonomy":"category","embeddable":true,"href":"https:\/\/www.europesays.com\/de\/wp-json\/wp\/v2\/categories?post=1274359"},{"taxonomy":"post_tag","embeddable":true,"href":"https:\/\/www.europesays.com\/de\/wp-json\/wp\/v2\/tags?post=1274359"}],"curies":[{"name":"wp","href":"https:\/\/api.w.org\/{rel}","templated":true}]}}