{"id":127436,"date":"2025-05-21T06:52:10","date_gmt":"2025-05-21T06:52:10","guid":{"rendered":"https:\/\/www.europesays.com\/de\/127436\/"},"modified":"2025-05-21T06:52:10","modified_gmt":"2025-05-21T06:52:10","slug":"umbau-der-truderinger-strasse-mit-polis-award-ausgezeichnet","status":"publish","type":"post","link":"https:\/\/www.europesays.com\/de\/127436\/","title":{"rendered":"Umbau der Truderinger Stra\u00dfe mit \u201epolis Award\u201d ausgezeichnet"},"content":{"rendered":"<p>expand_lessexpand_more<\/p>\n<p>Weniger Verkehr und mehr Aufenthaltsqualit\u00e4t bietet der Truderinger Ortskern seit dem Umbau. Daf\u00fcr hat die Stadt M\u00fcnchen jetzt einen Preis erhalten. (Foto: bas)<\/p>\n<p>expand_lessexpand_more<\/p>\n<p>Weniger Verkehr und mehr Aufenthaltsqualit\u00e4t bietet der Truderinger Ortskern seit dem Umbau. Daf\u00fcr hat die Stadt M\u00fcnchen jetzt einen Preis erhalten. (Foto: bas)<\/p>\n","protected":false},"excerpt":{"rendered":"expand_lessexpand_more Weniger Verkehr und mehr Aufenthaltsqualit\u00e4t bietet der Truderinger Ortskern seit dem Umbau. Daf\u00fcr hat die Stadt M\u00fcnchen&hellip;\n","protected":false},"author":2,"featured_media":127437,"comment_status":"","ping_status":"","sticky":false,"template":"","format":"standard","meta":{"footnotes":""},"categories":[1827],"tags":[772,29,11045,30,2489,1268,8926,38393],"class_list":{"0":"post-127436","1":"post","2":"type-post","3":"status-publish","4":"format-standard","5":"has-post-thumbnail","7":"category-muenchen","8":"tag-bayern","9":"tag-deutschland","10":"tag-ehrung","11":"tag-germany","12":"tag-kirche-gesellschaft","13":"tag-muenchen","14":"tag-stadtentwicklung","15":"tag-trudering"},"share_on_mastodon":{"url":"https:\/\/pubeurope.com\/@de\/114544505366492587","error":""},"_links":{"self":[{"href":"https:\/\/www.europesays.com\/de\/wp-json\/wp\/v2\/posts\/127436","targetHints":{"allow":["GET"]}}],"collection":[{"href":"https:\/\/www.europesays.com\/de\/wp-json\/wp\/v2\/posts"}],"about":[{"href":"https:\/\/www.europesays.com\/de\/wp-json\/wp\/v2\/types\/post"}],"author":[{"embeddable":true,"href":"https:\/\/www.europesays.com\/de\/wp-json\/wp\/v2\/users\/2"}],"replies":[{"embeddable":true,"href":"https:\/\/www.europesays.com\/de\/wp-json\/wp\/v2\/comments?post=127436"}],"version-history":[{"count":0,"href":"https:\/\/www.europesays.com\/de\/wp-json\/wp\/v2\/posts\/127436\/revisions"}],"wp:featuredmedia":[{"embeddable":true,"href":"https:\/\/www.europesays.com\/de\/wp-json\/wp\/v2\/media\/127437"}],"wp:attachment":[{"href":"https:\/\/www.europesays.com\/de\/wp-json\/wp\/v2\/media?parent=127436"}],"wp:term":[{"taxonomy":"category","embeddable":true,"href":"https:\/\/www.europesays.com\/de\/wp-json\/wp\/v2\/categories?post=127436"},{"taxonomy":"post_tag","embeddable":true,"href":"https:\/\/www.europesays.com\/de\/wp-json\/wp\/v2\/tags?post=127436"}],"curies":[{"name":"wp","href":"https:\/\/api.w.org\/{rel}","templated":true}]}}