{"id":1274361,"date":"2026-09-01T20:07:35","date_gmt":"2026-09-01T20:07:35","guid":{"rendered":"https:\/\/www.europesays.com\/de\/1274361\/"},"modified":"2026-09-01T20:07:35","modified_gmt":"2026-09-01T20:07:35","slug":"bundesliga-rueckkehr-koeln-leiht-ex-stuttgarter-sosa-aus","status":"publish","type":"post","link":"https:\/\/www.europesays.com\/de\/1274361\/","title":{"rendered":"Bundesliga-R\u00fcckkehr: K\u00f6ln leiht Ex-Stuttgarter Sosa aus"},"content":{"rendered":"<p class=\"is-first-paragraph\" data-external=\"Article.FirstParagraph\">Kurz vor Transferschluss hat der 1. FC K\u00f6ln den kroatischen Fu\u00dfball-Nationalspieler Borna Sosa verpflichtet. Der 28 Jahre alte Linksverteidiger kommt auf Leihbasis vom englischen Premier-League-Club Crystal Palace und wird bis zum kommenden Sommer f\u00fcr die Rheinl\u00e4nder spielen. Sosa, der auch einen deutschen Pass besitzt, absolvierte bislang 27 L\u00e4nderspiele f\u00fcr Kroatien.<\/p>\n<p>\u00abWir freuen uns sehr, dass Borna uns diese Saison verst\u00e4rkt. Er kennt die Bundesliga aus seiner Zeit beim VfB Stuttgart sehr gut und verf\u00fcgt \u00fcber wertvolle internationale Erfahrung\u00bb, sagte FC-Gesch\u00e4ftsf\u00fchrer Thomas Kessler. \u00abMit seinem starken linken Fu\u00df, seinem Offensivdrang und seiner hohen Qualit\u00e4t im Flankenspiel erweitert er unsere M\u00f6glichkeiten und gibt unserem Spiel zus\u00e4tzliche Optionen.\u00bb<\/p>\n<p>\u00abMit die beste Atmosph\u00e4re in der Bundesliga\u00bb<\/p>\n<p>Seit Sommer 2025 steht Sosa beim englischen Premier-League-Club Crystal Palace unter Vertrag. In der vergangenen Saison kam er f\u00fcr die Eagles wettbewerbs\u00fcbergreifend 18-mal zum Einsatz. Ausgebildet wurde Sosa bei Dinamo Zagreb, wo ihm der Sprung in den Profibereich gelang. 2018 wechselte er zum VfB Stuttgart und absolvierte f\u00fcr die Schwaben bis zu seinem Wechsel zu Ajax Amsterdam im Jahr 2023 insgesamt 115 Pflichtspiele.<\/p>\n<p>\u00abK\u00f6ln kenne ich aus meiner Zeit in Stuttgart. Ich erinnere mich noch sehr gut an die Ausw\u00e4rtsspiele, denn in K\u00f6ln herrscht mit die beste Atmosph\u00e4re in der Bundesliga\u00bb, sagte der Neuzugang. \u00abF\u00fcr mich ist das Wichtigste, dass wir mit der Mannschaft gut performen, dann wird auch jeder Einzelne eine erfolgreiche Saison haben.\u00bb<\/p>\n","protected":false},"excerpt":{"rendered":"Kurz vor Transferschluss hat der 1. FC K\u00f6ln den kroatischen Fu\u00dfball-Nationalspieler Borna Sosa verpflichtet. Der 28 Jahre alte&hellip;\n","protected":false},"author":2,"featured_media":1274362,"comment_status":"","ping_status":"","sticky":false,"template":"","format":"standard","meta":{"footnotes":"","_share_on_mastodon":"0"},"categories":[1828],"tags":[29,30,1420,1209,45],"class_list":["post-1274361","post","type-post","status-publish","format-standard","has-post-thumbnail","category-koeln","tag-deutschland","tag-germany","tag-koeln","tag-nordrhein-westfalen","tag-texttospeech"],"share_on_mastodon":{"url":"https:\/\/pubeurope.com\/@de\/117197592772703452","error":""},"_links":{"self":[{"href":"https:\/\/www.europesays.com\/de\/wp-json\/wp\/v2\/posts\/1274361","targetHints":{"allow":["GET"]}}],"collection":[{"href":"https:\/\/www.europesays.com\/de\/wp-json\/wp\/v2\/posts"}],"about":[{"href":"https:\/\/www.europesays.com\/de\/wp-json\/wp\/v2\/types\/post"}],"author":[{"embeddable":true,"href":"https:\/\/www.europesays.com\/de\/wp-json\/wp\/v2\/users\/2"}],"replies":[{"embeddable":true,"href":"https:\/\/www.europesays.com\/de\/wp-json\/wp\/v2\/comments?post=1274361"}],"version-history":[{"count":0,"href":"https:\/\/www.europesays.com\/de\/wp-json\/wp\/v2\/posts\/1274361\/revisions"}],"wp:featuredmedia":[{"embeddable":true,"href":"https:\/\/www.europesays.com\/de\/wp-json\/wp\/v2\/media\/1274362"}],"wp:attachment":[{"href":"https:\/\/www.europesays.com\/de\/wp-json\/wp\/v2\/media?parent=1274361"}],"wp:term":[{"taxonomy":"category","embeddable":true,"href":"https:\/\/www.europesays.com\/de\/wp-json\/wp\/v2\/categories?post=1274361"},{"taxonomy":"post_tag","embeddable":true,"href":"https:\/\/www.europesays.com\/de\/wp-json\/wp\/v2\/tags?post=1274361"}],"curies":[{"name":"wp","href":"https:\/\/api.w.org\/{rel}","templated":true}]}}