{"id":1274363,"date":"2026-09-01T20:09:16","date_gmt":"2026-09-01T20:09:16","guid":{"rendered":"https:\/\/www.europesays.com\/de\/1274363\/"},"modified":"2026-09-01T20:09:16","modified_gmt":"2026-09-01T20:09:16","slug":"superbloom-in-muenchen-saengerin-muss-konzert-absagen","status":"publish","type":"post","link":"https:\/\/www.europesays.com\/de\/1274363\/","title":{"rendered":"Superbloom in M\u00fcnchen: S\u00e4ngerin muss Konzert absagen"},"content":{"rendered":"<p class=\"mb-6 text-xs-varying md:text-m lg:text-l font-serif group-[.font-sans]:font-sans \">\n    Das Superbloom-Festival musste bereits im Juli zwei bittere Nachrichten verk\u00fcnden. Zum einen m\u00fcssen die Auftritte direkt mehrerer K\u00fcnstlerinnen und K\u00fcnstler abgesagt werden. Zum anderen wird das beliebte Musikspektakel im M\u00fcnchner Olympiapark doch insgesamt nur f\u00fcnf Tage dauern \u2013 eigentlich waren sieben geplant gewesen. Nun sagt eine weitere S\u00e4ngerin ihren Auftritt ab.\n  <\/p>\n<p>            Superbloom: Konzert von Paul Kalkbrenner abgesagt<\/p>\n<p class=\"mb-6 text-xs-varying md:text-m lg:text-l font-serif group-[.font-sans]:font-sans \">\n    Bitter f\u00fcr Veranstalter wie Fans: Einer der Auftritte, der ins Wasser f\u00e4llt, ist der des Star-DJs Paul Kalkbrenner. Er war urspr\u00fcnglich <a href=\"https:\/\/www.augsburger-allgemeine.de\/kultur\/superbloom-2026-in-muenchen-paul-kalkbrenner-spielt-am-freitag-113787021\" target=\"_self\" class=\"underline \" rel=\"nofollow noopener\">als einer der H\u00f6hepunkte auf dem Superbloom angek\u00fcndigt worden<\/a>. So gaben die Verantwortlichen des Festivals auf der Website und auf Instagram bekannt: \u201eWir bedauern sehr, Euch mitteilen zu m\u00fcssen, dass die f\u00fcr den 3. und 4. September 2026 beim Superbloom geplanten Konzerte von Ayliva, Paul Kalkbrenner und Monolink aufgrund produktionstechnischer Umst\u00e4nde leider nicht stattfinden k\u00f6nnen.\u201c\n  <\/p>\n<p class=\"mb-6 text-xs-varying md:text-m lg:text-l font-serif group-[.font-sans]:font-sans \">\n    Was genau mit produktionstechnischen Umst\u00e4nden gemeint ist, geht aus den Informationen nicht hervor. Auch Merve m\u00fcsse ihren Auftritt am Samstag, 29. August, absagen \u2013 aus gesundheitlichen Gr\u00fcnden, wie es auf der Festivalseite auf Instagram hei\u00dft. Das Konzert von Nico Santos, das am 3. September stattfinden sollte, wurde daf\u00fcr auf den 29. August verlegt.\n  <\/p>\n<p class=\"mb-6 text-xs-varying md:text-m lg:text-l font-serif group-[.font-sans]:font-sans \">\n    Kurz vor dem Festivalstart sagte jetzt eine weitere K\u00fcnstlerin ihren Auftritt ab. Der Flug der S\u00e4ngerin Asha Banks sei kurzfristig wegen eines Sturms gecancelt worden, nun k\u00f6nne sie nicht anreisen. Eine Alternative habe es nicht gegeben. \u201eSuperbloom, ich hasse das\u201c, schrieb Asha Banks auf Instagram. Es tue ihr sehr leid und sie verspreche, zu einem anderen Zeitpunkt nach <a href=\"https:\/\/www.augsburger-allgemeine.de\/orte\/aa-muenchen\" target=\"_self\" class=\"underline \" rel=\"nofollow noopener\">M\u00fcnchen<\/a> zu kommen. An ihrer Stelle spielt nun die Band \u201eLaurenz Nikolaus\u201c.\n  <\/p>\n<p>            Superbloom in M\u00fcnchen: Diese K\u00fcnstler geh\u00f6ren zum Line-up<\/p>\n<p class=\"mb-6 text-xs-varying md:text-m lg:text-l font-serif group-[.font-sans]:font-sans \">\n    Somit ist auch klar, dass <a href=\"https:\/\/www.augsburger-allgemeine.de\/bayern\/sommer-2026-open-air-festivals-die-schoensten-grossen-und-regionalen-highlights-in-bayern-114238301\" target=\"_self\" class=\"underline \" rel=\"nofollow noopener\">das Open-Air-Festival<\/a> doch nicht wie geplant von Samstag bis Freitag, 29. August bis 4. September, stattfindet, sondern bereits am Mittwoch, 2. September, endet. Die Idee, die die Veranstalter f\u00fcr das Musikfest heuer verfolgt hatten, war, statt nur einem Festivalwochenende eine ganze Woche Unterhaltung zu bieten. Jetzt werden aus zwei Tagen immerhin noch f\u00fcnf.\n  <\/p>\n<p class=\"mb-6 text-xs-varying md:text-m lg:text-l font-serif group-[.font-sans]:font-sans \">\n    F\u00fcr Festivalbesucherinnen und Besucher, die bereits Tickets gebucht hatten, gilt, dass das Geld f\u00fcr die Karten automatisch zur\u00fcckerstattet wird, wie die Veranstalter bekanntgeben. Es seien keine weiteren Schritte erforderlich und man erhalte eine Mail dazu.\n  <\/p>\n<p class=\"mb-6 text-xs-varying md:text-m lg:text-l font-serif group-[.font-sans]:font-sans \">\n    Das <a href=\"https:\/\/www.augsburger-allgemeine.de\/bayern\/superbloom-2026-in-muenchen-alle-infos-zu-line-up-anreise-und-tickets-113643067\" target=\"_self\" class=\"underline \" rel=\"nofollow noopener\">\u00fcbrige Line-up des beliebten Sommerfestivals<\/a> umfasst bekannte Gruppen, K\u00fcnstlerinnen und Musiker wie unter anderem Lorde, Lewis Capaldi, Kygo, Tom Odell, Zara Larsson, <a href=\"https:\/\/www.augsburger-allgemeine.de\/bayern\/ikkimel-poppstar-tour-2026-konzerte-in-muenchen-und-bamberg-alle-infos-113724217\" target=\"_self\" class=\"underline \" rel=\"nofollow noopener\">Ikkimel<\/a>, SDP oder Zartmann. Tickets sind noch f\u00fcr fast alle Tage und Konzerte \u00fcber die offizielle Website superbloom.de\/tickets erh\u00e4ltlich.\n  <\/p>\n","protected":false},"excerpt":{"rendered":"Das Superbloom-Festival musste bereits im Juli zwei bittere Nachrichten verk\u00fcnden. Zum einen m\u00fcssen die Auftritte direkt mehrerer K\u00fcnstlerinnen&hellip;\n","protected":false},"author":2,"featured_media":1274364,"comment_status":"","ping_status":"","sticky":false,"template":"","format":"standard","meta":{"footnotes":"","_share_on_mastodon":"0"},"categories":[1827],"tags":[263069,772,29,216184,30,152,263070,71525,1268,34374,2007,94487,188461],"class_list":["post-1274363","post","type-post","status-publish","format-standard","has-post-thumbnail","category-muenchen","tag-asha-banks","tag-bayern","tag-deutschland","tag-festivalstart","tag-germany","tag-instagram","tag-laurenz-nikolaus","tag-lewis-capaldi","tag-muenchen","tag-nico-santos","tag-olympiapark","tag-paul-kalkbrenner","tag-superbloom"],"share_on_mastodon":{"url":"https:\/\/pubeurope.com\/@de\/117197600764112921","error":""},"_links":{"self":[{"href":"https:\/\/www.europesays.com\/de\/wp-json\/wp\/v2\/posts\/1274363","targetHints":{"allow":["GET"]}}],"collection":[{"href":"https:\/\/www.europesays.com\/de\/wp-json\/wp\/v2\/posts"}],"about":[{"href":"https:\/\/www.europesays.com\/de\/wp-json\/wp\/v2\/types\/post"}],"author":[{"embeddable":true,"href":"https:\/\/www.europesays.com\/de\/wp-json\/wp\/v2\/users\/2"}],"replies":[{"embeddable":true,"href":"https:\/\/www.europesays.com\/de\/wp-json\/wp\/v2\/comments?post=1274363"}],"version-history":[{"count":0,"href":"https:\/\/www.europesays.com\/de\/wp-json\/wp\/v2\/posts\/1274363\/revisions"}],"wp:featuredmedia":[{"embeddable":true,"href":"https:\/\/www.europesays.com\/de\/wp-json\/wp\/v2\/media\/1274364"}],"wp:attachment":[{"href":"https:\/\/www.europesays.com\/de\/wp-json\/wp\/v2\/media?parent=1274363"}],"wp:term":[{"taxonomy":"category","embeddable":true,"href":"https:\/\/www.europesays.com\/de\/wp-json\/wp\/v2\/categories?post=1274363"},{"taxonomy":"post_tag","embeddable":true,"href":"https:\/\/www.europesays.com\/de\/wp-json\/wp\/v2\/tags?post=1274363"}],"curies":[{"name":"wp","href":"https:\/\/api.w.org\/{rel}","templated":true}]}}