{"id":127438,"date":"2025-05-21T06:53:11","date_gmt":"2025-05-21T06:53:11","guid":{"rendered":"https:\/\/www.europesays.com\/de\/127438\/"},"modified":"2025-05-21T06:53:11","modified_gmt":"2025-05-21T06:53:11","slug":"verkehrsunfall-in-neuried-saeugling-im-auto-blieb-unverletzt","status":"publish","type":"post","link":"https:\/\/www.europesays.com\/de\/127438\/","title":{"rendered":"Verkehrsunfall in Neuried: S\u00e4ugling im Auto blieb unverletzt"},"content":{"rendered":"<p><strong><a href=\"https:\/\/www.abendzeitung-muenchen.de\/muenchen\/\" target=\"_blank\" rel=\"noopener\">M\u00fcnchen<\/a><\/strong> &#8211; Im Kreuzungsbereich auf der Br\u00fccke \u00fcber die Autobahn A 95 sind am Dienstag zwei Pkw zusammengesto\u00dfen. Durch die Wucht des Aufpralls wurden zwei Frauen verletzt, ein im Auto befindlicher S\u00e4ugling und der Fahrer des anderen Pkw blieben unverletzt. Die beiden Frauen im Alter von 34 und 64 Jahren und die einj\u00e4hrige Tochter wurden in eine M\u00fcnchner Klinik transportiert.<\/p>\n<p>Verkehrsunfall auf der Br\u00fccke \u00fcber der A95<\/p>\n<p>Die beteiligten Pkw waren nicht mehr fahrbereit und mussten abgeschleppt werden. Einsatzkr\u00e4fte der Feuerwehr M\u00fcnchen sicherten die Unfallstelle ab und unterst\u00fctzten den Rettungsdienst bei der Erstversorgung der verletzten Personen. Durch die Stra\u00dfensperrung im Kreuzungsbereich kam es zu Verkehrsbehinderungen.<\/p>\n<p><img decoding=\"async\" src=\"https:\/\/www.europesays.com\/de\/wp-content\/uploads\/2025\/04\/muc_silhouette_short.svg.svg+xml\"\/><\/p>\n<p>Die H\u00f6he des entstandenen Sachschadens ist der Feuerwehr nicht bekannt. Die <a href=\"https:\/\/www.abendzeitung-muenchen.de\/organisation\/polizei\/\" target=\"_blank\" rel=\"noopener\">Polizei<\/a> hat die Ermittlungen zur Unfallursache aufgenommen.<\/p>\n","protected":false},"excerpt":{"rendered":"M\u00fcnchen &#8211; Im Kreuzungsbereich auf der Br\u00fccke \u00fcber die Autobahn A 95 sind am Dienstag zwei Pkw zusammengesto\u00dfen.&hellip;\n","protected":false},"author":2,"featured_media":127439,"comment_status":"","ping_status":"","sticky":false,"template":"","format":"standard","meta":{"footnotes":""},"categories":[1827],"tags":[47678,772,29,30,1268,24348,1284,3260],"class_list":{"0":"post-127438","1":"post","2":"type-post","3":"status-publish","4":"format-standard","5":"has-post-thumbnail","7":"category-muenchen","8":"tag-a95","9":"tag-bayern","10":"tag-deutschland","11":"tag-germany","12":"tag-muenchen","13":"tag-neuried","14":"tag-unfall","15":"tag-verkehrsunfall"},"share_on_mastodon":{"url":"https:\/\/pubeurope.com\/@de\/114544509146427042","error":""},"_links":{"self":[{"href":"https:\/\/www.europesays.com\/de\/wp-json\/wp\/v2\/posts\/127438","targetHints":{"allow":["GET"]}}],"collection":[{"href":"https:\/\/www.europesays.com\/de\/wp-json\/wp\/v2\/posts"}],"about":[{"href":"https:\/\/www.europesays.com\/de\/wp-json\/wp\/v2\/types\/post"}],"author":[{"embeddable":true,"href":"https:\/\/www.europesays.com\/de\/wp-json\/wp\/v2\/users\/2"}],"replies":[{"embeddable":true,"href":"https:\/\/www.europesays.com\/de\/wp-json\/wp\/v2\/comments?post=127438"}],"version-history":[{"count":0,"href":"https:\/\/www.europesays.com\/de\/wp-json\/wp\/v2\/posts\/127438\/revisions"}],"wp:featuredmedia":[{"embeddable":true,"href":"https:\/\/www.europesays.com\/de\/wp-json\/wp\/v2\/media\/127439"}],"wp:attachment":[{"href":"https:\/\/www.europesays.com\/de\/wp-json\/wp\/v2\/media?parent=127438"}],"wp:term":[{"taxonomy":"category","embeddable":true,"href":"https:\/\/www.europesays.com\/de\/wp-json\/wp\/v2\/categories?post=127438"},{"taxonomy":"post_tag","embeddable":true,"href":"https:\/\/www.europesays.com\/de\/wp-json\/wp\/v2\/tags?post=127438"}],"curies":[{"name":"wp","href":"https:\/\/api.w.org\/{rel}","templated":true}]}}